{"id":4715,"date":"2018-05-18T10:00:32","date_gmt":"2018-05-18T10:00:32","guid":{"rendered":"https:\/\/comercmoble.com\/en-comercmoble-seguimos-creciendo"},"modified":"2021-06-07T09:58:31","modified_gmt":"2021-06-07T07:58:31","slug":"en-comercmoble-seguimos-creciendo","status":"publish","type":"post","link":"https:\/\/comercmoble.com\/ca\/en-comercmoble-seguimos-creciendo\/","title":{"rendered":"EN COMER\u00c7MOBLE SEGUIMOS CRECIENDO"},"content":{"rendered":"<p>Cada vez somos m\u00e1s, en Comer\u00e7moble como asociaci\u00f3n independiente de empresarios del comercio de Mueble.<br \/>\nCada d\u00eda nuevos asociados se unen a este proyecto que pretende ser el referente dentro del sector y nuevo vitalizador y catalizador de todas las empresas relacionadas con el mueble.<br \/>\nSu plan estrat\u00e9gico 2018-2022 contempla las acciones, actuaciones e instrumentos que los comercios independientes del h\u00e1bitat necesitan para mejorar y actualizarse.<br \/>\nYa somos mas de 100 asociados y mas de 130 tiendas en toda la Comunitat Valenciana, que damos el servicio, la atenci\u00f3n y la profesionalidad que necesitan las personas para que sus hogares sean reflejo de su estilo de vida y adem\u00e1s sean c\u00f3modos y funcionales.<br \/>\nRecordar que a trav\u00e9s de nuestras tiendas es como llegan los muebles fabricados en Espa\u00f1a a todos los hogares, ya que las multinacionales y grandes superficies trabajan fundamentalmente productos del exterior. Por eso Comer\u00e7moble ayuda a avanzar al sector con paso firme. Estar en este proyecto com\u00fan se convierte en necesario para cualquier comercio relacionado con el mueble y la decoraci\u00f3n en la Comunitat.<br \/>\nDesde Comer\u00e7moble queremos agradecer el apoyo de la Direcci\u00f3n General de Comercio, C\u00e1mara de Comercio de Valencia, Ayuntamiento de Valencia, y a Feria de Valencia. y de las diversas entidades que reconocen el esfuerzo por parte de todos en hacer del mueble valenciano referente de nuevo de todo el sector.<\/p>\n","protected":false},"excerpt":{"rendered":"<p>Cada vez somos m\u00e1s, en Comer\u00e7moble como asociaci\u00f3n independiente de empresarios del comercio de Mueble. Cada d\u00eda nuevos asociados se unen a este proyecto que pretende ser el referente dentro del sector y nuevo vitalizador y catalizador de todas las empresas relacionadas con el mueble. Su plan estrat\u00e9gico 2018-2022 contempla las acciones, actuaciones e instrumentos [&hellip;]<\/p>\n","protected":false},"author":230,"featured_media":3791,"comment_status":"open","ping_status":"open","sticky":false,"template":"","format":"standard","meta":{"_et_pb_use_builder":"","_et_pb_old_content":"","_et_gb_content_width":"","footnotes":""},"categories":[256],"tags":[],"class_list":["post-4715","post","type-post","status-publish","format-standard","has-post-thumbnail","hentry","category-sense-categoria"],"yoast_head":"<!-- This site is optimized with the Yoast SEO plugin v27.4 - https:\/\/yoast.com\/product\/yoast-seo-wordpress\/ -->\n<title>EN COMER\u00c7MOBLE SEGUIMOS CRECIENDO - Comer\u00e7 Moble<\/title>\n<meta name=\"robots\" content=\"index, follow, max-snippet:-1, max-image-preview:large, max-video-preview:-1\" \/>\n<link rel=\"canonical\" href=\"https:\/\/comercmoble.com\/ca\/en-comercmoble-seguimos-creciendo\/\" \/>\n<meta property=\"og:locale\" content=\"en_US\" \/>\n<meta property=\"og:type\" content=\"article\" \/>\n<meta property=\"og:title\" content=\"EN COMER\u00c7MOBLE SEGUIMOS CRECIENDO - Comer\u00e7 Moble\" \/>\n<meta property=\"og:description\" content=\"Cada vez somos m\u00e1s, en Comer\u00e7moble como asociaci\u00f3n independiente de empresarios del comercio de Mueble. Cada d\u00eda nuevos asociados se unen a este proyecto que pretende ser el referente dentro del sector y nuevo vitalizador y catalizador de todas las empresas relacionadas con el mueble. Su plan estrat\u00e9gico 2018-2022 contempla las acciones, actuaciones e instrumentos [&hellip;]\" \/>\n<meta property=\"og:url\" content=\"https:\/\/comercmoble.com\/ca\/en-comercmoble-seguimos-creciendo\/\" \/>\n<meta property=\"og:site_name\" content=\"Comer\u00e7 Moble\" \/>\n<meta property=\"article:published_time\" content=\"2018-05-18T10:00:32+00:00\" \/>\n<meta property=\"article:modified_time\" content=\"2021-06-07T07:58:31+00:00\" \/>\n<meta property=\"og:image\" content=\"https:\/\/comercmoble.com\/wp-content\/uploads\/2018\/05\/100.jpg\" \/>\n\t<meta property=\"og:image:width\" content=\"1000\" \/>\n\t<meta property=\"og:image:height\" content=\"738\" \/>\n\t<meta property=\"og:image:type\" content=\"image\/jpeg\" \/>\n<meta name=\"author\" content=\"Carolina\" \/>\n<meta name=\"twitter:card\" content=\"summary_large_image\" \/>\n<meta name=\"twitter:label1\" content=\"Written by\" \/>\n\t<meta name=\"twitter:data1\" content=\"Carolina\" \/>\n\t<meta name=\"twitter:label2\" content=\"Est. reading time\" \/>\n\t<meta name=\"twitter:data2\" content=\"1 minute\" \/>\n<script type=\"application\/ld+json\" class=\"yoast-schema-graph\">{\"@context\":\"https:\\\/\\\/schema.org\",\"@graph\":[{\"@type\":\"Article\",\"@id\":\"https:\\\/\\\/comercmoble.com\\\/ca\\\/en-comercmoble-seguimos-creciendo\\\/#article\",\"isPartOf\":{\"@id\":\"https:\\\/\\\/comercmoble.com\\\/ca\\\/en-comercmoble-seguimos-creciendo\\\/\"},\"author\":{\"name\":\"Carolina\",\"@id\":\"https:\\\/\\\/comercmoble.com\\\/ca\\\/#\\\/schema\\\/person\\\/f0c01e057f07075c1395caa44a77a09c\"},\"headline\":\"EN COMER\u00c7MOBLE SEGUIMOS CRECIENDO\",\"datePublished\":\"2018-05-18T10:00:32+00:00\",\"dateModified\":\"2021-06-07T07:58:31+00:00\",\"mainEntityOfPage\":{\"@id\":\"https:\\\/\\\/comercmoble.com\\\/ca\\\/en-comercmoble-seguimos-creciendo\\\/\"},\"wordCount\":246,\"commentCount\":0,\"publisher\":{\"@id\":\"https:\\\/\\\/comercmoble.com\\\/ca\\\/#organization\"},\"image\":{\"@id\":\"https:\\\/\\\/comercmoble.com\\\/ca\\\/en-comercmoble-seguimos-creciendo\\\/#primaryimage\"},\"thumbnailUrl\":\"https:\\\/\\\/comercmoble.com\\\/wp-content\\\/uploads\\\/2018\\\/05\\\/100.jpg\",\"articleSection\":[\"Sense categoria\"],\"inLanguage\":\"va-VA\",\"potentialAction\":[{\"@type\":\"CommentAction\",\"name\":\"Comment\",\"target\":[\"https:\\\/\\\/comercmoble.com\\\/ca\\\/en-comercmoble-seguimos-creciendo\\\/#respond\"]}]},{\"@type\":\"WebPage\",\"@id\":\"https:\\\/\\\/comercmoble.com\\\/ca\\\/en-comercmoble-seguimos-creciendo\\\/\",\"url\":\"https:\\\/\\\/comercmoble.com\\\/ca\\\/en-comercmoble-seguimos-creciendo\\\/\",\"name\":\"EN COMER\u00c7MOBLE SEGUIMOS CRECIENDO - Comer\u00e7 Moble\",\"isPartOf\":{\"@id\":\"https:\\\/\\\/comercmoble.com\\\/ca\\\/#website\"},\"primaryImageOfPage\":{\"@id\":\"https:\\\/\\\/comercmoble.com\\\/ca\\\/en-comercmoble-seguimos-creciendo\\\/#primaryimage\"},\"image\":{\"@id\":\"https:\\\/\\\/comercmoble.com\\\/ca\\\/en-comercmoble-seguimos-creciendo\\\/#primaryimage\"},\"thumbnailUrl\":\"https:\\\/\\\/comercmoble.com\\\/wp-content\\\/uploads\\\/2018\\\/05\\\/100.jpg\",\"datePublished\":\"2018-05-18T10:00:32+00:00\",\"dateModified\":\"2021-06-07T07:58:31+00:00\",\"breadcrumb\":{\"@id\":\"https:\\\/\\\/comercmoble.com\\\/ca\\\/en-comercmoble-seguimos-creciendo\\\/#breadcrumb\"},\"inLanguage\":\"va-VA\",\"potentialAction\":[{\"@type\":\"ReadAction\",\"target\":[\"https:\\\/\\\/comercmoble.com\\\/ca\\\/en-comercmoble-seguimos-creciendo\\\/\"]}]},{\"@type\":\"ImageObject\",\"inLanguage\":\"va-VA\",\"@id\":\"https:\\\/\\\/comercmoble.com\\\/ca\\\/en-comercmoble-seguimos-creciendo\\\/#primaryimage\",\"url\":\"https:\\\/\\\/comercmoble.com\\\/wp-content\\\/uploads\\\/2018\\\/05\\\/100.jpg\",\"contentUrl\":\"https:\\\/\\\/comercmoble.com\\\/wp-content\\\/uploads\\\/2018\\\/05\\\/100.jpg\",\"width\":1000,\"height\":738},{\"@type\":\"BreadcrumbList\",\"@id\":\"https:\\\/\\\/comercmoble.com\\\/ca\\\/en-comercmoble-seguimos-creciendo\\\/#breadcrumb\",\"itemListElement\":[{\"@type\":\"ListItem\",\"position\":1,\"name\":\"Inicio\",\"item\":\"https:\\\/\\\/comercmoble.com\\\/\"},{\"@type\":\"ListItem\",\"position\":2,\"name\":\"Sense categoria\",\"item\":\"https:\\\/\\\/comercmoble.com\\\/ca\\\/category\\\/sense-categoria\\\/\"},{\"@type\":\"ListItem\",\"position\":3,\"name\":\"EN COMER\u00c7MOBLE SEGUIMOS CRECIENDO\"}]},{\"@type\":\"WebSite\",\"@id\":\"https:\\\/\\\/comercmoble.com\\\/ca\\\/#website\",\"url\":\"https:\\\/\\\/comercmoble.com\\\/ca\\\/\",\"name\":\"Comer\u00e7 Moble\",\"description\":\"Asociaci\u00f3n de Comercios del Muebles de la Comunidad Valencia\",\"publisher\":{\"@id\":\"https:\\\/\\\/comercmoble.com\\\/ca\\\/#organization\"},\"potentialAction\":[{\"@type\":\"SearchAction\",\"target\":{\"@type\":\"EntryPoint\",\"urlTemplate\":\"https:\\\/\\\/comercmoble.com\\\/ca\\\/?s={search_term_string}\"},\"query-input\":{\"@type\":\"PropertyValueSpecification\",\"valueRequired\":true,\"valueName\":\"search_term_string\"}}],\"inLanguage\":\"va-VA\"},{\"@type\":\"Organization\",\"@id\":\"https:\\\/\\\/comercmoble.com\\\/ca\\\/#organization\",\"name\":\"ASOCIACI\u00d3N PARA LA DISTRIBUCI\u00d3N Y COMERCIO DEL H\u00c1BITAT DE LA COMUNIDAD VALENCIANA\",\"url\":\"https:\\\/\\\/comercmoble.com\\\/ca\\\/\",\"logo\":{\"@type\":\"ImageObject\",\"inLanguage\":\"va-VA\",\"@id\":\"https:\\\/\\\/comercmoble.com\\\/ca\\\/#\\\/schema\\\/logo\\\/image\\\/\",\"url\":\"https:\\\/\\\/comercmoble.com\\\/wp-content\\\/uploads\\\/2018\\\/11\\\/logo.png\",\"contentUrl\":\"https:\\\/\\\/comercmoble.com\\\/wp-content\\\/uploads\\\/2018\\\/11\\\/logo.png\",\"width\":213,\"height\":67,\"caption\":\"ASOCIACI\u00d3N PARA LA DISTRIBUCI\u00d3N Y COMERCIO DEL H\u00c1BITAT DE LA COMUNIDAD VALENCIANA\"},\"image\":{\"@id\":\"https:\\\/\\\/comercmoble.com\\\/ca\\\/#\\\/schema\\\/logo\\\/image\\\/\"}},{\"@type\":\"Person\",\"@id\":\"https:\\\/\\\/comercmoble.com\\\/ca\\\/#\\\/schema\\\/person\\\/f0c01e057f07075c1395caa44a77a09c\",\"name\":\"Carolina\",\"image\":{\"@type\":\"ImageObject\",\"inLanguage\":\"va-VA\",\"@id\":\"https:\\\/\\\/secure.gravatar.com\\\/avatar\\\/4c9e11ce6b5048d5ebc266c8d4992bae6b8174105290963e2df93b7a062fb7e4?s=96&d=mm&r=g\",\"url\":\"https:\\\/\\\/secure.gravatar.com\\\/avatar\\\/4c9e11ce6b5048d5ebc266c8d4992bae6b8174105290963e2df93b7a062fb7e4?s=96&d=mm&r=g\",\"contentUrl\":\"https:\\\/\\\/secure.gravatar.com\\\/avatar\\\/4c9e11ce6b5048d5ebc266c8d4992bae6b8174105290963e2df93b7a062fb7e4?s=96&d=mm&r=g\",\"caption\":\"Carolina\"},\"url\":\"https:\\\/\\\/comercmoble.com\\\/ca\\\/author\\\/juliacomo\\\/\"}]}<\/script>\n<!-- \/ Yoast SEO plugin. -->","yoast_head_json":{"title":"EN COMER\u00c7MOBLE SEGUIMOS CRECIENDO - Comer\u00e7 Moble","robots":{"index":"index","follow":"follow","max-snippet":"max-snippet:-1","max-image-preview":"max-image-preview:large","max-video-preview":"max-video-preview:-1"},"canonical":"https:\/\/comercmoble.com\/ca\/en-comercmoble-seguimos-creciendo\/","og_locale":"en_US","og_type":"article","og_title":"EN COMER\u00c7MOBLE SEGUIMOS CRECIENDO - Comer\u00e7 Moble","og_description":"Cada vez somos m\u00e1s, en Comer\u00e7moble como asociaci\u00f3n independiente de empresarios del comercio de Mueble. Cada d\u00eda nuevos asociados se unen a este proyecto que pretende ser el referente dentro del sector y nuevo vitalizador y catalizador de todas las empresas relacionadas con el mueble. Su plan estrat\u00e9gico 2018-2022 contempla las acciones, actuaciones e instrumentos [&hellip;]","og_url":"https:\/\/comercmoble.com\/ca\/en-comercmoble-seguimos-creciendo\/","og_site_name":"Comer\u00e7 Moble","article_published_time":"2018-05-18T10:00:32+00:00","article_modified_time":"2021-06-07T07:58:31+00:00","og_image":[{"width":1000,"height":738,"url":"https:\/\/comercmoble.com\/wp-content\/uploads\/2018\/05\/100.jpg","type":"image\/jpeg"}],"author":"Carolina","twitter_card":"summary_large_image","twitter_misc":{"Written by":"Carolina","Est. reading time":"1 minute"},"schema":{"@context":"https:\/\/schema.org","@graph":[{"@type":"Article","@id":"https:\/\/comercmoble.com\/ca\/en-comercmoble-seguimos-creciendo\/#article","isPartOf":{"@id":"https:\/\/comercmoble.com\/ca\/en-comercmoble-seguimos-creciendo\/"},"author":{"name":"Carolina","@id":"https:\/\/comercmoble.com\/ca\/#\/schema\/person\/f0c01e057f07075c1395caa44a77a09c"},"headline":"EN COMER\u00c7MOBLE SEGUIMOS CRECIENDO","datePublished":"2018-05-18T10:00:32+00:00","dateModified":"2021-06-07T07:58:31+00:00","mainEntityOfPage":{"@id":"https:\/\/comercmoble.com\/ca\/en-comercmoble-seguimos-creciendo\/"},"wordCount":246,"commentCount":0,"publisher":{"@id":"https:\/\/comercmoble.com\/ca\/#organization"},"image":{"@id":"https:\/\/comercmoble.com\/ca\/en-comercmoble-seguimos-creciendo\/#primaryimage"},"thumbnailUrl":"https:\/\/comercmoble.com\/wp-content\/uploads\/2018\/05\/100.jpg","articleSection":["Sense categoria"],"inLanguage":"va-VA","potentialAction":[{"@type":"CommentAction","name":"Comment","target":["https:\/\/comercmoble.com\/ca\/en-comercmoble-seguimos-creciendo\/#respond"]}]},{"@type":"WebPage","@id":"https:\/\/comercmoble.com\/ca\/en-comercmoble-seguimos-creciendo\/","url":"https:\/\/comercmoble.com\/ca\/en-comercmoble-seguimos-creciendo\/","name":"EN COMER\u00c7MOBLE SEGUIMOS CRECIENDO - Comer\u00e7 Moble","isPartOf":{"@id":"https:\/\/comercmoble.com\/ca\/#website"},"primaryImageOfPage":{"@id":"https:\/\/comercmoble.com\/ca\/en-comercmoble-seguimos-creciendo\/#primaryimage"},"image":{"@id":"https:\/\/comercmoble.com\/ca\/en-comercmoble-seguimos-creciendo\/#primaryimage"},"thumbnailUrl":"https:\/\/comercmoble.com\/wp-content\/uploads\/2018\/05\/100.jpg","datePublished":"2018-05-18T10:00:32+00:00","dateModified":"2021-06-07T07:58:31+00:00","breadcrumb":{"@id":"https:\/\/comercmoble.com\/ca\/en-comercmoble-seguimos-creciendo\/#breadcrumb"},"inLanguage":"va-VA","potentialAction":[{"@type":"ReadAction","target":["https:\/\/comercmoble.com\/ca\/en-comercmoble-seguimos-creciendo\/"]}]},{"@type":"ImageObject","inLanguage":"va-VA","@id":"https:\/\/comercmoble.com\/ca\/en-comercmoble-seguimos-creciendo\/#primaryimage","url":"https:\/\/comercmoble.com\/wp-content\/uploads\/2018\/05\/100.jpg","contentUrl":"https:\/\/comercmoble.com\/wp-content\/uploads\/2018\/05\/100.jpg","width":1000,"height":738},{"@type":"BreadcrumbList","@id":"https:\/\/comercmoble.com\/ca\/en-comercmoble-seguimos-creciendo\/#breadcrumb","itemListElement":[{"@type":"ListItem","position":1,"name":"Inicio","item":"https:\/\/comercmoble.com\/"},{"@type":"ListItem","position":2,"name":"Sense categoria","item":"https:\/\/comercmoble.com\/ca\/category\/sense-categoria\/"},{"@type":"ListItem","position":3,"name":"EN COMER\u00c7MOBLE SEGUIMOS CRECIENDO"}]},{"@type":"WebSite","@id":"https:\/\/comercmoble.com\/ca\/#website","url":"https:\/\/comercmoble.com\/ca\/","name":"Comer\u00e7 Moble","description":"Asociaci\u00f3n de Comercios del Muebles de la Comunidad Valencia","publisher":{"@id":"https:\/\/comercmoble.com\/ca\/#organization"},"potentialAction":[{"@type":"SearchAction","target":{"@type":"EntryPoint","urlTemplate":"https:\/\/comercmoble.com\/ca\/?s={search_term_string}"},"query-input":{"@type":"PropertyValueSpecification","valueRequired":true,"valueName":"search_term_string"}}],"inLanguage":"va-VA"},{"@type":"Organization","@id":"https:\/\/comercmoble.com\/ca\/#organization","name":"ASOCIACI\u00d3N PARA LA DISTRIBUCI\u00d3N Y COMERCIO DEL H\u00c1BITAT DE LA COMUNIDAD VALENCIANA","url":"https:\/\/comercmoble.com\/ca\/","logo":{"@type":"ImageObject","inLanguage":"va-VA","@id":"https:\/\/comercmoble.com\/ca\/#\/schema\/logo\/image\/","url":"https:\/\/comercmoble.com\/wp-content\/uploads\/2018\/11\/logo.png","contentUrl":"https:\/\/comercmoble.com\/wp-content\/uploads\/2018\/11\/logo.png","width":213,"height":67,"caption":"ASOCIACI\u00d3N PARA LA DISTRIBUCI\u00d3N Y COMERCIO DEL H\u00c1BITAT DE LA COMUNIDAD VALENCIANA"},"image":{"@id":"https:\/\/comercmoble.com\/ca\/#\/schema\/logo\/image\/"}},{"@type":"Person","@id":"https:\/\/comercmoble.com\/ca\/#\/schema\/person\/f0c01e057f07075c1395caa44a77a09c","name":"Carolina","image":{"@type":"ImageObject","inLanguage":"va-VA","@id":"https:\/\/secure.gravatar.com\/avatar\/4c9e11ce6b5048d5ebc266c8d4992bae6b8174105290963e2df93b7a062fb7e4?s=96&d=mm&r=g","url":"https:\/\/secure.gravatar.com\/avatar\/4c9e11ce6b5048d5ebc266c8d4992bae6b8174105290963e2df93b7a062fb7e4?s=96&d=mm&r=g","contentUrl":"https:\/\/secure.gravatar.com\/avatar\/4c9e11ce6b5048d5ebc266c8d4992bae6b8174105290963e2df93b7a062fb7e4?s=96&d=mm&r=g","caption":"Carolina"},"url":"https:\/\/comercmoble.com\/ca\/author\/juliacomo\/"}]}},"_links":{"self":[{"href":"https:\/\/comercmoble.com\/ca\/wp-json\/wp\/v2\/posts\/4715","targetHints":{"allow":["GET"]}}],"collection":[{"href":"https:\/\/comercmoble.com\/ca\/wp-json\/wp\/v2\/posts"}],"about":[{"href":"https:\/\/comercmoble.com\/ca\/wp-json\/wp\/v2\/types\/post"}],"author":[{"embeddable":true,"href":"https:\/\/comercmoble.com\/ca\/wp-json\/wp\/v2\/users\/230"}],"replies":[{"embeddable":true,"href":"https:\/\/comercmoble.com\/ca\/wp-json\/wp\/v2\/comments?post=4715"}],"version-history":[{"count":1,"href":"https:\/\/comercmoble.com\/ca\/wp-json\/wp\/v2\/posts\/4715\/revisions"}],"predecessor-version":[{"id":4717,"href":"https:\/\/comercmoble.com\/ca\/wp-json\/wp\/v2\/posts\/4715\/revisions\/4717"}],"wp:featuredmedia":[{"embeddable":true,"href":"https:\/\/comercmoble.com\/ca\/wp-json\/wp\/v2\/media\/3791"}],"wp:attachment":[{"href":"https:\/\/comercmoble.com\/ca\/wp-json\/wp\/v2\/media?parent=4715"}],"wp:term":[{"taxonomy":"category","embeddable":true,"href":"https:\/\/comercmoble.com\/ca\/wp-json\/wp\/v2\/categories?post=4715"},{"taxonomy":"post_tag","embeddable":true,"href":"https:\/\/comercmoble.com\/ca\/wp-json\/wp\/v2\/tags?post=4715"}],"curies":[{"name":"wp","href":"https:\/\/api.w.org\/{rel}","templated":true}]}}