{"id":4703,"date":"2018-06-05T15:46:35","date_gmt":"2018-06-05T15:46:35","guid":{"rendered":"https:\/\/comercmoble.com\/comercmoble-ha-asistido-al-viii-congreso-de-centros-historicos"},"modified":"2021-06-07T09:57:52","modified_gmt":"2021-06-07T07:57:52","slug":"comercmoble-ha-asistido-al-viii-congreso-de-centros-historicos","status":"publish","type":"post","link":"https:\/\/comercmoble.com\/ca\/comercmoble-ha-asistido-al-viii-congreso-de-centros-historicos\/","title":{"rendered":"COMER\u00c7MOBLE HA ASISTIDO AL VIII CONGRESO DE CENTROS HIST\u00d3RICOS"},"content":{"rendered":"<p>Comer\u00e7moble ha asistido al VIII congreso de centros hist\u00f3ricos en donde se debati\u00f3 acerca de los modelos de dinamizaci\u00f3n del comercio y su relaci\u00f3n con el dinamismo econ\u00f3mico y social , el uso y el abuso de la ocupaci\u00f3n de la v\u00eda p\u00fablica,la masificaci\u00f3n del turismo y los nuevos modelos de este a los que hay que adaptarse, tendencias del consumidor y actualidad comercial, y los retos de los centros hist\u00f3ricos de cara al futuro.<\/p>\n<p>Como siempre nuestra asociaci\u00f3n con miembros destacados de la misma asisti\u00f3 para estar presente en todos los modelos de colaboraci\u00f3n entre comerciantes, haciendo hincapi\u00e9 en la necesidad del peque\u00f1o comercio del mueble como dotaci\u00f3n de servicios para personas en los centros hist\u00f3ricos. No debemos olvidar el servicio que los asociados a Comer\u00e7moble ofrecen a personas de tercera edad, discapacidad,..etc. Haci\u00e9ndoles mas f\u00e1cil la vida con el servicio a domicilio, toma de medidas, y consejo profesional para solucionar problemas de salud o movilidad, o de servicio y funcionalidad en todos los hogares.<\/p>\n<p>Damos las gracias al concejal Sr. Galiana por el apoyo que nos ofrece siempre en la dif\u00edcil tarea de volver a contar con tiendas de muebles en todos los barrios.<\/p>\n","protected":false},"excerpt":{"rendered":"<p>Comer\u00e7moble ha asistido al VIII congreso de centros hist\u00f3ricos en donde se debati\u00f3 acerca de los modelos de dinamizaci\u00f3n del comercio y su relaci\u00f3n con el dinamismo econ\u00f3mico y social , el uso y el abuso de la ocupaci\u00f3n de la v\u00eda p\u00fablica,la masificaci\u00f3n del turismo y los nuevos modelos de este a los que [&hellip;]<\/p>\n","protected":false},"author":230,"featured_media":3815,"comment_status":"open","ping_status":"open","sticky":false,"template":"","format":"standard","meta":{"_et_pb_use_builder":"","_et_pb_old_content":"","_et_gb_content_width":"","footnotes":""},"categories":[256],"tags":[],"class_list":["post-4703","post","type-post","status-publish","format-standard","has-post-thumbnail","hentry","category-sense-categoria"],"yoast_head":"<!-- This site is optimized with the Yoast SEO plugin v27.4 - https:\/\/yoast.com\/product\/yoast-seo-wordpress\/ -->\n<title>COMER\u00c7MOBLE HA ASISTIDO AL VIII CONGRESO DE CENTROS HIST\u00d3RICOS - Comer\u00e7 Moble<\/title>\n<meta name=\"robots\" content=\"index, follow, max-snippet:-1, max-image-preview:large, max-video-preview:-1\" \/>\n<link rel=\"canonical\" href=\"https:\/\/comercmoble.com\/ca\/comercmoble-ha-asistido-al-viii-congreso-de-centros-historicos\/\" \/>\n<meta property=\"og:locale\" content=\"en_US\" \/>\n<meta property=\"og:type\" content=\"article\" \/>\n<meta property=\"og:title\" content=\"COMER\u00c7MOBLE HA ASISTIDO AL VIII CONGRESO DE CENTROS HIST\u00d3RICOS - Comer\u00e7 Moble\" \/>\n<meta property=\"og:description\" content=\"Comer\u00e7moble ha asistido al VIII congreso de centros hist\u00f3ricos en donde se debati\u00f3 acerca de los modelos de dinamizaci\u00f3n del comercio y su relaci\u00f3n con el dinamismo econ\u00f3mico y social , el uso y el abuso de la ocupaci\u00f3n de la v\u00eda p\u00fablica,la masificaci\u00f3n del turismo y los nuevos modelos de este a los que [&hellip;]\" \/>\n<meta property=\"og:url\" content=\"https:\/\/comercmoble.com\/ca\/comercmoble-ha-asistido-al-viii-congreso-de-centros-historicos\/\" \/>\n<meta property=\"og:site_name\" content=\"Comer\u00e7 Moble\" \/>\n<meta property=\"article:published_time\" content=\"2018-06-05T15:46:35+00:00\" \/>\n<meta property=\"article:modified_time\" content=\"2021-06-07T07:57:52+00:00\" \/>\n<meta property=\"og:image\" content=\"https:\/\/comercmoble.com\/wp-content\/uploads\/2018\/06\/centro-hist.jpg\" \/>\n\t<meta property=\"og:image:width\" content=\"800\" \/>\n\t<meta property=\"og:image:height\" content=\"600\" \/>\n\t<meta property=\"og:image:type\" content=\"image\/jpeg\" \/>\n<meta name=\"author\" content=\"Carolina\" \/>\n<meta name=\"twitter:card\" content=\"summary_large_image\" \/>\n<meta name=\"twitter:label1\" content=\"Written by\" \/>\n\t<meta name=\"twitter:data1\" content=\"Carolina\" \/>\n\t<meta name=\"twitter:label2\" content=\"Est. reading time\" \/>\n\t<meta name=\"twitter:data2\" content=\"1 minute\" \/>\n<script type=\"application\/ld+json\" class=\"yoast-schema-graph\">{\"@context\":\"https:\\\/\\\/schema.org\",\"@graph\":[{\"@type\":\"Article\",\"@id\":\"https:\\\/\\\/comercmoble.com\\\/ca\\\/comercmoble-ha-asistido-al-viii-congreso-de-centros-historicos\\\/#article\",\"isPartOf\":{\"@id\":\"https:\\\/\\\/comercmoble.com\\\/ca\\\/comercmoble-ha-asistido-al-viii-congreso-de-centros-historicos\\\/\"},\"author\":{\"name\":\"Carolina\",\"@id\":\"https:\\\/\\\/comercmoble.com\\\/ca\\\/#\\\/schema\\\/person\\\/f0c01e057f07075c1395caa44a77a09c\"},\"headline\":\"COMER\u00c7MOBLE HA ASISTIDO AL VIII CONGRESO DE CENTROS HIST\u00d3RICOS\",\"datePublished\":\"2018-06-05T15:46:35+00:00\",\"dateModified\":\"2021-06-07T07:57:52+00:00\",\"mainEntityOfPage\":{\"@id\":\"https:\\\/\\\/comercmoble.com\\\/ca\\\/comercmoble-ha-asistido-al-viii-congreso-de-centros-historicos\\\/\"},\"wordCount\":227,\"commentCount\":0,\"publisher\":{\"@id\":\"https:\\\/\\\/comercmoble.com\\\/ca\\\/#organization\"},\"image\":{\"@id\":\"https:\\\/\\\/comercmoble.com\\\/ca\\\/comercmoble-ha-asistido-al-viii-congreso-de-centros-historicos\\\/#primaryimage\"},\"thumbnailUrl\":\"https:\\\/\\\/comercmoble.com\\\/wp-content\\\/uploads\\\/2018\\\/06\\\/centro-hist.jpg\",\"articleSection\":[\"Sense categoria\"],\"inLanguage\":\"va-VA\",\"potentialAction\":[{\"@type\":\"CommentAction\",\"name\":\"Comment\",\"target\":[\"https:\\\/\\\/comercmoble.com\\\/ca\\\/comercmoble-ha-asistido-al-viii-congreso-de-centros-historicos\\\/#respond\"]}]},{\"@type\":\"WebPage\",\"@id\":\"https:\\\/\\\/comercmoble.com\\\/ca\\\/comercmoble-ha-asistido-al-viii-congreso-de-centros-historicos\\\/\",\"url\":\"https:\\\/\\\/comercmoble.com\\\/ca\\\/comercmoble-ha-asistido-al-viii-congreso-de-centros-historicos\\\/\",\"name\":\"COMER\u00c7MOBLE HA ASISTIDO AL VIII CONGRESO DE CENTROS HIST\u00d3RICOS - Comer\u00e7 Moble\",\"isPartOf\":{\"@id\":\"https:\\\/\\\/comercmoble.com\\\/ca\\\/#website\"},\"primaryImageOfPage\":{\"@id\":\"https:\\\/\\\/comercmoble.com\\\/ca\\\/comercmoble-ha-asistido-al-viii-congreso-de-centros-historicos\\\/#primaryimage\"},\"image\":{\"@id\":\"https:\\\/\\\/comercmoble.com\\\/ca\\\/comercmoble-ha-asistido-al-viii-congreso-de-centros-historicos\\\/#primaryimage\"},\"thumbnailUrl\":\"https:\\\/\\\/comercmoble.com\\\/wp-content\\\/uploads\\\/2018\\\/06\\\/centro-hist.jpg\",\"datePublished\":\"2018-06-05T15:46:35+00:00\",\"dateModified\":\"2021-06-07T07:57:52+00:00\",\"breadcrumb\":{\"@id\":\"https:\\\/\\\/comercmoble.com\\\/ca\\\/comercmoble-ha-asistido-al-viii-congreso-de-centros-historicos\\\/#breadcrumb\"},\"inLanguage\":\"va-VA\",\"potentialAction\":[{\"@type\":\"ReadAction\",\"target\":[\"https:\\\/\\\/comercmoble.com\\\/ca\\\/comercmoble-ha-asistido-al-viii-congreso-de-centros-historicos\\\/\"]}]},{\"@type\":\"ImageObject\",\"inLanguage\":\"va-VA\",\"@id\":\"https:\\\/\\\/comercmoble.com\\\/ca\\\/comercmoble-ha-asistido-al-viii-congreso-de-centros-historicos\\\/#primaryimage\",\"url\":\"https:\\\/\\\/comercmoble.com\\\/wp-content\\\/uploads\\\/2018\\\/06\\\/centro-hist.jpg\",\"contentUrl\":\"https:\\\/\\\/comercmoble.com\\\/wp-content\\\/uploads\\\/2018\\\/06\\\/centro-hist.jpg\",\"width\":800,\"height\":600},{\"@type\":\"BreadcrumbList\",\"@id\":\"https:\\\/\\\/comercmoble.com\\\/ca\\\/comercmoble-ha-asistido-al-viii-congreso-de-centros-historicos\\\/#breadcrumb\",\"itemListElement\":[{\"@type\":\"ListItem\",\"position\":1,\"name\":\"Inicio\",\"item\":\"https:\\\/\\\/comercmoble.com\\\/\"},{\"@type\":\"ListItem\",\"position\":2,\"name\":\"Sense categoria\",\"item\":\"https:\\\/\\\/comercmoble.com\\\/ca\\\/category\\\/sense-categoria\\\/\"},{\"@type\":\"ListItem\",\"position\":3,\"name\":\"COMER\u00c7MOBLE HA ASISTIDO AL VIII CONGRESO DE CENTROS HIST\u00d3RICOS\"}]},{\"@type\":\"WebSite\",\"@id\":\"https:\\\/\\\/comercmoble.com\\\/ca\\\/#website\",\"url\":\"https:\\\/\\\/comercmoble.com\\\/ca\\\/\",\"name\":\"Comer\u00e7 Moble\",\"description\":\"Asociaci\u00f3n de Comercios del Muebles de la Comunidad Valencia\",\"publisher\":{\"@id\":\"https:\\\/\\\/comercmoble.com\\\/ca\\\/#organization\"},\"potentialAction\":[{\"@type\":\"SearchAction\",\"target\":{\"@type\":\"EntryPoint\",\"urlTemplate\":\"https:\\\/\\\/comercmoble.com\\\/ca\\\/?s={search_term_string}\"},\"query-input\":{\"@type\":\"PropertyValueSpecification\",\"valueRequired\":true,\"valueName\":\"search_term_string\"}}],\"inLanguage\":\"va-VA\"},{\"@type\":\"Organization\",\"@id\":\"https:\\\/\\\/comercmoble.com\\\/ca\\\/#organization\",\"name\":\"ASOCIACI\u00d3N PARA LA DISTRIBUCI\u00d3N Y COMERCIO DEL H\u00c1BITAT DE LA COMUNIDAD VALENCIANA\",\"url\":\"https:\\\/\\\/comercmoble.com\\\/ca\\\/\",\"logo\":{\"@type\":\"ImageObject\",\"inLanguage\":\"va-VA\",\"@id\":\"https:\\\/\\\/comercmoble.com\\\/ca\\\/#\\\/schema\\\/logo\\\/image\\\/\",\"url\":\"https:\\\/\\\/comercmoble.com\\\/wp-content\\\/uploads\\\/2018\\\/11\\\/logo.png\",\"contentUrl\":\"https:\\\/\\\/comercmoble.com\\\/wp-content\\\/uploads\\\/2018\\\/11\\\/logo.png\",\"width\":213,\"height\":67,\"caption\":\"ASOCIACI\u00d3N PARA LA DISTRIBUCI\u00d3N Y COMERCIO DEL H\u00c1BITAT DE LA COMUNIDAD VALENCIANA\"},\"image\":{\"@id\":\"https:\\\/\\\/comercmoble.com\\\/ca\\\/#\\\/schema\\\/logo\\\/image\\\/\"}},{\"@type\":\"Person\",\"@id\":\"https:\\\/\\\/comercmoble.com\\\/ca\\\/#\\\/schema\\\/person\\\/f0c01e057f07075c1395caa44a77a09c\",\"name\":\"Carolina\",\"image\":{\"@type\":\"ImageObject\",\"inLanguage\":\"va-VA\",\"@id\":\"https:\\\/\\\/secure.gravatar.com\\\/avatar\\\/4c9e11ce6b5048d5ebc266c8d4992bae6b8174105290963e2df93b7a062fb7e4?s=96&d=mm&r=g\",\"url\":\"https:\\\/\\\/secure.gravatar.com\\\/avatar\\\/4c9e11ce6b5048d5ebc266c8d4992bae6b8174105290963e2df93b7a062fb7e4?s=96&d=mm&r=g\",\"contentUrl\":\"https:\\\/\\\/secure.gravatar.com\\\/avatar\\\/4c9e11ce6b5048d5ebc266c8d4992bae6b8174105290963e2df93b7a062fb7e4?s=96&d=mm&r=g\",\"caption\":\"Carolina\"},\"url\":\"https:\\\/\\\/comercmoble.com\\\/ca\\\/author\\\/juliacomo\\\/\"}]}<\/script>\n<!-- \/ Yoast SEO plugin. -->","yoast_head_json":{"title":"COMER\u00c7MOBLE HA ASISTIDO AL VIII CONGRESO DE CENTROS HIST\u00d3RICOS - Comer\u00e7 Moble","robots":{"index":"index","follow":"follow","max-snippet":"max-snippet:-1","max-image-preview":"max-image-preview:large","max-video-preview":"max-video-preview:-1"},"canonical":"https:\/\/comercmoble.com\/ca\/comercmoble-ha-asistido-al-viii-congreso-de-centros-historicos\/","og_locale":"en_US","og_type":"article","og_title":"COMER\u00c7MOBLE HA ASISTIDO AL VIII CONGRESO DE CENTROS HIST\u00d3RICOS - Comer\u00e7 Moble","og_description":"Comer\u00e7moble ha asistido al VIII congreso de centros hist\u00f3ricos en donde se debati\u00f3 acerca de los modelos de dinamizaci\u00f3n del comercio y su relaci\u00f3n con el dinamismo econ\u00f3mico y social , el uso y el abuso de la ocupaci\u00f3n de la v\u00eda p\u00fablica,la masificaci\u00f3n del turismo y los nuevos modelos de este a los que [&hellip;]","og_url":"https:\/\/comercmoble.com\/ca\/comercmoble-ha-asistido-al-viii-congreso-de-centros-historicos\/","og_site_name":"Comer\u00e7 Moble","article_published_time":"2018-06-05T15:46:35+00:00","article_modified_time":"2021-06-07T07:57:52+00:00","og_image":[{"width":800,"height":600,"url":"https:\/\/comercmoble.com\/wp-content\/uploads\/2018\/06\/centro-hist.jpg","type":"image\/jpeg"}],"author":"Carolina","twitter_card":"summary_large_image","twitter_misc":{"Written by":"Carolina","Est. reading time":"1 minute"},"schema":{"@context":"https:\/\/schema.org","@graph":[{"@type":"Article","@id":"https:\/\/comercmoble.com\/ca\/comercmoble-ha-asistido-al-viii-congreso-de-centros-historicos\/#article","isPartOf":{"@id":"https:\/\/comercmoble.com\/ca\/comercmoble-ha-asistido-al-viii-congreso-de-centros-historicos\/"},"author":{"name":"Carolina","@id":"https:\/\/comercmoble.com\/ca\/#\/schema\/person\/f0c01e057f07075c1395caa44a77a09c"},"headline":"COMER\u00c7MOBLE HA ASISTIDO AL VIII CONGRESO DE CENTROS HIST\u00d3RICOS","datePublished":"2018-06-05T15:46:35+00:00","dateModified":"2021-06-07T07:57:52+00:00","mainEntityOfPage":{"@id":"https:\/\/comercmoble.com\/ca\/comercmoble-ha-asistido-al-viii-congreso-de-centros-historicos\/"},"wordCount":227,"commentCount":0,"publisher":{"@id":"https:\/\/comercmoble.com\/ca\/#organization"},"image":{"@id":"https:\/\/comercmoble.com\/ca\/comercmoble-ha-asistido-al-viii-congreso-de-centros-historicos\/#primaryimage"},"thumbnailUrl":"https:\/\/comercmoble.com\/wp-content\/uploads\/2018\/06\/centro-hist.jpg","articleSection":["Sense categoria"],"inLanguage":"va-VA","potentialAction":[{"@type":"CommentAction","name":"Comment","target":["https:\/\/comercmoble.com\/ca\/comercmoble-ha-asistido-al-viii-congreso-de-centros-historicos\/#respond"]}]},{"@type":"WebPage","@id":"https:\/\/comercmoble.com\/ca\/comercmoble-ha-asistido-al-viii-congreso-de-centros-historicos\/","url":"https:\/\/comercmoble.com\/ca\/comercmoble-ha-asistido-al-viii-congreso-de-centros-historicos\/","name":"COMER\u00c7MOBLE HA ASISTIDO AL VIII CONGRESO DE CENTROS HIST\u00d3RICOS - Comer\u00e7 Moble","isPartOf":{"@id":"https:\/\/comercmoble.com\/ca\/#website"},"primaryImageOfPage":{"@id":"https:\/\/comercmoble.com\/ca\/comercmoble-ha-asistido-al-viii-congreso-de-centros-historicos\/#primaryimage"},"image":{"@id":"https:\/\/comercmoble.com\/ca\/comercmoble-ha-asistido-al-viii-congreso-de-centros-historicos\/#primaryimage"},"thumbnailUrl":"https:\/\/comercmoble.com\/wp-content\/uploads\/2018\/06\/centro-hist.jpg","datePublished":"2018-06-05T15:46:35+00:00","dateModified":"2021-06-07T07:57:52+00:00","breadcrumb":{"@id":"https:\/\/comercmoble.com\/ca\/comercmoble-ha-asistido-al-viii-congreso-de-centros-historicos\/#breadcrumb"},"inLanguage":"va-VA","potentialAction":[{"@type":"ReadAction","target":["https:\/\/comercmoble.com\/ca\/comercmoble-ha-asistido-al-viii-congreso-de-centros-historicos\/"]}]},{"@type":"ImageObject","inLanguage":"va-VA","@id":"https:\/\/comercmoble.com\/ca\/comercmoble-ha-asistido-al-viii-congreso-de-centros-historicos\/#primaryimage","url":"https:\/\/comercmoble.com\/wp-content\/uploads\/2018\/06\/centro-hist.jpg","contentUrl":"https:\/\/comercmoble.com\/wp-content\/uploads\/2018\/06\/centro-hist.jpg","width":800,"height":600},{"@type":"BreadcrumbList","@id":"https:\/\/comercmoble.com\/ca\/comercmoble-ha-asistido-al-viii-congreso-de-centros-historicos\/#breadcrumb","itemListElement":[{"@type":"ListItem","position":1,"name":"Inicio","item":"https:\/\/comercmoble.com\/"},{"@type":"ListItem","position":2,"name":"Sense categoria","item":"https:\/\/comercmoble.com\/ca\/category\/sense-categoria\/"},{"@type":"ListItem","position":3,"name":"COMER\u00c7MOBLE HA ASISTIDO AL VIII CONGRESO DE CENTROS HIST\u00d3RICOS"}]},{"@type":"WebSite","@id":"https:\/\/comercmoble.com\/ca\/#website","url":"https:\/\/comercmoble.com\/ca\/","name":"Comer\u00e7 Moble","description":"Asociaci\u00f3n de Comercios del Muebles de la Comunidad Valencia","publisher":{"@id":"https:\/\/comercmoble.com\/ca\/#organization"},"potentialAction":[{"@type":"SearchAction","target":{"@type":"EntryPoint","urlTemplate":"https:\/\/comercmoble.com\/ca\/?s={search_term_string}"},"query-input":{"@type":"PropertyValueSpecification","valueRequired":true,"valueName":"search_term_string"}}],"inLanguage":"va-VA"},{"@type":"Organization","@id":"https:\/\/comercmoble.com\/ca\/#organization","name":"ASOCIACI\u00d3N PARA LA DISTRIBUCI\u00d3N Y COMERCIO DEL H\u00c1BITAT DE LA COMUNIDAD VALENCIANA","url":"https:\/\/comercmoble.com\/ca\/","logo":{"@type":"ImageObject","inLanguage":"va-VA","@id":"https:\/\/comercmoble.com\/ca\/#\/schema\/logo\/image\/","url":"https:\/\/comercmoble.com\/wp-content\/uploads\/2018\/11\/logo.png","contentUrl":"https:\/\/comercmoble.com\/wp-content\/uploads\/2018\/11\/logo.png","width":213,"height":67,"caption":"ASOCIACI\u00d3N PARA LA DISTRIBUCI\u00d3N Y COMERCIO DEL H\u00c1BITAT DE LA COMUNIDAD VALENCIANA"},"image":{"@id":"https:\/\/comercmoble.com\/ca\/#\/schema\/logo\/image\/"}},{"@type":"Person","@id":"https:\/\/comercmoble.com\/ca\/#\/schema\/person\/f0c01e057f07075c1395caa44a77a09c","name":"Carolina","image":{"@type":"ImageObject","inLanguage":"va-VA","@id":"https:\/\/secure.gravatar.com\/avatar\/4c9e11ce6b5048d5ebc266c8d4992bae6b8174105290963e2df93b7a062fb7e4?s=96&d=mm&r=g","url":"https:\/\/secure.gravatar.com\/avatar\/4c9e11ce6b5048d5ebc266c8d4992bae6b8174105290963e2df93b7a062fb7e4?s=96&d=mm&r=g","contentUrl":"https:\/\/secure.gravatar.com\/avatar\/4c9e11ce6b5048d5ebc266c8d4992bae6b8174105290963e2df93b7a062fb7e4?s=96&d=mm&r=g","caption":"Carolina"},"url":"https:\/\/comercmoble.com\/ca\/author\/juliacomo\/"}]}},"_links":{"self":[{"href":"https:\/\/comercmoble.com\/ca\/wp-json\/wp\/v2\/posts\/4703","targetHints":{"allow":["GET"]}}],"collection":[{"href":"https:\/\/comercmoble.com\/ca\/wp-json\/wp\/v2\/posts"}],"about":[{"href":"https:\/\/comercmoble.com\/ca\/wp-json\/wp\/v2\/types\/post"}],"author":[{"embeddable":true,"href":"https:\/\/comercmoble.com\/ca\/wp-json\/wp\/v2\/users\/230"}],"replies":[{"embeddable":true,"href":"https:\/\/comercmoble.com\/ca\/wp-json\/wp\/v2\/comments?post=4703"}],"version-history":[{"count":1,"href":"https:\/\/comercmoble.com\/ca\/wp-json\/wp\/v2\/posts\/4703\/revisions"}],"predecessor-version":[{"id":4705,"href":"https:\/\/comercmoble.com\/ca\/wp-json\/wp\/v2\/posts\/4703\/revisions\/4705"}],"wp:featuredmedia":[{"embeddable":true,"href":"https:\/\/comercmoble.com\/ca\/wp-json\/wp\/v2\/media\/3815"}],"wp:attachment":[{"href":"https:\/\/comercmoble.com\/ca\/wp-json\/wp\/v2\/media?parent=4703"}],"wp:term":[{"taxonomy":"category","embeddable":true,"href":"https:\/\/comercmoble.com\/ca\/wp-json\/wp\/v2\/categories?post=4703"},{"taxonomy":"post_tag","embeddable":true,"href":"https:\/\/comercmoble.com\/ca\/wp-json\/wp\/v2\/tags?post=4703"}],"curies":[{"name":"wp","href":"https:\/\/api.w.org\/{rel}","templated":true}]}}