{"id":4685,"date":"2018-07-10T14:32:53","date_gmt":"2018-07-10T14:32:53","guid":{"rendered":"https:\/\/comercmoble.com\/comercmoble-en-feria-habitat-valencia-2018"},"modified":"2021-06-07T09:56:20","modified_gmt":"2021-06-07T07:56:20","slug":"comercmoble-en-feria-habitat-valencia-2018","status":"publish","type":"post","link":"https:\/\/comercmoble.com\/ca\/comercmoble-en-feria-habitat-valencia-2018\/","title":{"rendered":"Comer\u00e7moble en Feria Habitat Valencia 2018"},"content":{"rendered":"<p>Comer\u00e7moble apoya a Feria de Valencia para la realizaci\u00f3n de la feria Habitat 2018 el pr\u00f3ximo mes de Septiembre. La asociaci\u00f3n mas relevante de tiendas de muebles de la Comunidad Valenciana \u00a0mostrar\u00e1 en este evento su plan de actuaciones para los pr\u00f3ximos a\u00f1os dentro del marco estrat\u00e9gico aprobado por su junta general.<\/p>\n<p>A primeros de Julio se llev\u00f3 a cabo una reuni\u00f3n de Comer\u00e7moble con la direcci\u00f3n de Feria Valencia Habitat. Para la edici\u00f3n de 2018, seguimos teniendo presencia relevante con nuestro Stand en la Zona Central.<\/p>\n<p>Damos las gracias a Daniel y Quico por su asertividad y apoyo, que en nuestro caso es mutuo.<\/p>\n<p>&nbsp;<\/p>\n","protected":false},"excerpt":{"rendered":"<p>Comer\u00e7moble apoya a Feria de Valencia para la realizaci\u00f3n de la feria Habitat 2018 el pr\u00f3ximo mes de Septiembre. La asociaci\u00f3n mas relevante de tiendas de muebles de la Comunidad Valenciana \u00a0mostrar\u00e1 en este evento su plan de actuaciones para los pr\u00f3ximos a\u00f1os dentro del marco estrat\u00e9gico aprobado por su junta general. A primeros de [&hellip;]<\/p>\n","protected":false},"author":230,"featured_media":3828,"comment_status":"open","ping_status":"open","sticky":false,"template":"","format":"standard","meta":{"_et_pb_use_builder":"","_et_pb_old_content":"","_et_gb_content_width":"","footnotes":""},"categories":[256],"tags":[],"class_list":["post-4685","post","type-post","status-publish","format-standard","has-post-thumbnail","hentry","category-sense-categoria"],"yoast_head":"<!-- This site is optimized with the Yoast SEO plugin v27.4 - https:\/\/yoast.com\/product\/yoast-seo-wordpress\/ -->\n<title>Comer\u00e7moble en Feria Habitat Valencia 2018 - Comer\u00e7 Moble<\/title>\n<meta name=\"robots\" content=\"index, follow, max-snippet:-1, max-image-preview:large, max-video-preview:-1\" \/>\n<link rel=\"canonical\" href=\"https:\/\/comercmoble.com\/ca\/comercmoble-en-feria-habitat-valencia-2018\/\" \/>\n<meta property=\"og:locale\" content=\"en_US\" \/>\n<meta property=\"og:type\" content=\"article\" \/>\n<meta property=\"og:title\" content=\"Comer\u00e7moble en Feria Habitat Valencia 2018 - Comer\u00e7 Moble\" \/>\n<meta property=\"og:description\" content=\"Comer\u00e7moble apoya a Feria de Valencia para la realizaci\u00f3n de la feria Habitat 2018 el pr\u00f3ximo mes de Septiembre. La asociaci\u00f3n mas relevante de tiendas de muebles de la Comunidad Valenciana \u00a0mostrar\u00e1 en este evento su plan de actuaciones para los pr\u00f3ximos a\u00f1os dentro del marco estrat\u00e9gico aprobado por su junta general. A primeros de [&hellip;]\" \/>\n<meta property=\"og:url\" content=\"https:\/\/comercmoble.com\/ca\/comercmoble-en-feria-habitat-valencia-2018\/\" \/>\n<meta property=\"og:site_name\" content=\"Comer\u00e7 Moble\" \/>\n<meta property=\"article:published_time\" content=\"2018-07-10T14:32:53+00:00\" \/>\n<meta property=\"article:modified_time\" content=\"2021-06-07T07:56:20+00:00\" \/>\n<meta property=\"og:image\" content=\"https:\/\/comercmoble.com\/wp-content\/uploads\/2018\/07\/imagen-feria-direccion.jpg\" \/>\n\t<meta property=\"og:image:width\" content=\"640\" \/>\n\t<meta property=\"og:image:height\" content=\"480\" \/>\n\t<meta property=\"og:image:type\" content=\"image\/jpeg\" \/>\n<meta name=\"author\" content=\"Carolina\" \/>\n<meta name=\"twitter:card\" content=\"summary_large_image\" \/>\n<meta name=\"twitter:label1\" content=\"Written by\" \/>\n\t<meta name=\"twitter:data1\" content=\"Carolina\" \/>\n\t<meta name=\"twitter:label2\" content=\"Est. reading time\" \/>\n\t<meta name=\"twitter:data2\" content=\"1 minute\" \/>\n<script type=\"application\/ld+json\" class=\"yoast-schema-graph\">{\"@context\":\"https:\\\/\\\/schema.org\",\"@graph\":[{\"@type\":\"Article\",\"@id\":\"https:\\\/\\\/comercmoble.com\\\/ca\\\/comercmoble-en-feria-habitat-valencia-2018\\\/#article\",\"isPartOf\":{\"@id\":\"https:\\\/\\\/comercmoble.com\\\/ca\\\/comercmoble-en-feria-habitat-valencia-2018\\\/\"},\"author\":{\"name\":\"Carolina\",\"@id\":\"https:\\\/\\\/comercmoble.com\\\/ca\\\/#\\\/schema\\\/person\\\/f0c01e057f07075c1395caa44a77a09c\"},\"headline\":\"Comer\u00e7moble en Feria Habitat Valencia 2018\",\"datePublished\":\"2018-07-10T14:32:53+00:00\",\"dateModified\":\"2021-06-07T07:56:20+00:00\",\"mainEntityOfPage\":{\"@id\":\"https:\\\/\\\/comercmoble.com\\\/ca\\\/comercmoble-en-feria-habitat-valencia-2018\\\/\"},\"wordCount\":121,\"commentCount\":0,\"publisher\":{\"@id\":\"https:\\\/\\\/comercmoble.com\\\/ca\\\/#organization\"},\"image\":{\"@id\":\"https:\\\/\\\/comercmoble.com\\\/ca\\\/comercmoble-en-feria-habitat-valencia-2018\\\/#primaryimage\"},\"thumbnailUrl\":\"https:\\\/\\\/comercmoble.com\\\/wp-content\\\/uploads\\\/2018\\\/07\\\/imagen-feria-direccion.jpg\",\"articleSection\":[\"Sense categoria\"],\"inLanguage\":\"va-VA\",\"potentialAction\":[{\"@type\":\"CommentAction\",\"name\":\"Comment\",\"target\":[\"https:\\\/\\\/comercmoble.com\\\/ca\\\/comercmoble-en-feria-habitat-valencia-2018\\\/#respond\"]}]},{\"@type\":\"WebPage\",\"@id\":\"https:\\\/\\\/comercmoble.com\\\/ca\\\/comercmoble-en-feria-habitat-valencia-2018\\\/\",\"url\":\"https:\\\/\\\/comercmoble.com\\\/ca\\\/comercmoble-en-feria-habitat-valencia-2018\\\/\",\"name\":\"Comer\u00e7moble en Feria Habitat Valencia 2018 - Comer\u00e7 Moble\",\"isPartOf\":{\"@id\":\"https:\\\/\\\/comercmoble.com\\\/ca\\\/#website\"},\"primaryImageOfPage\":{\"@id\":\"https:\\\/\\\/comercmoble.com\\\/ca\\\/comercmoble-en-feria-habitat-valencia-2018\\\/#primaryimage\"},\"image\":{\"@id\":\"https:\\\/\\\/comercmoble.com\\\/ca\\\/comercmoble-en-feria-habitat-valencia-2018\\\/#primaryimage\"},\"thumbnailUrl\":\"https:\\\/\\\/comercmoble.com\\\/wp-content\\\/uploads\\\/2018\\\/07\\\/imagen-feria-direccion.jpg\",\"datePublished\":\"2018-07-10T14:32:53+00:00\",\"dateModified\":\"2021-06-07T07:56:20+00:00\",\"breadcrumb\":{\"@id\":\"https:\\\/\\\/comercmoble.com\\\/ca\\\/comercmoble-en-feria-habitat-valencia-2018\\\/#breadcrumb\"},\"inLanguage\":\"va-VA\",\"potentialAction\":[{\"@type\":\"ReadAction\",\"target\":[\"https:\\\/\\\/comercmoble.com\\\/ca\\\/comercmoble-en-feria-habitat-valencia-2018\\\/\"]}]},{\"@type\":\"ImageObject\",\"inLanguage\":\"va-VA\",\"@id\":\"https:\\\/\\\/comercmoble.com\\\/ca\\\/comercmoble-en-feria-habitat-valencia-2018\\\/#primaryimage\",\"url\":\"https:\\\/\\\/comercmoble.com\\\/wp-content\\\/uploads\\\/2018\\\/07\\\/imagen-feria-direccion.jpg\",\"contentUrl\":\"https:\\\/\\\/comercmoble.com\\\/wp-content\\\/uploads\\\/2018\\\/07\\\/imagen-feria-direccion.jpg\",\"width\":640,\"height\":480},{\"@type\":\"BreadcrumbList\",\"@id\":\"https:\\\/\\\/comercmoble.com\\\/ca\\\/comercmoble-en-feria-habitat-valencia-2018\\\/#breadcrumb\",\"itemListElement\":[{\"@type\":\"ListItem\",\"position\":1,\"name\":\"Inicio\",\"item\":\"https:\\\/\\\/comercmoble.com\\\/\"},{\"@type\":\"ListItem\",\"position\":2,\"name\":\"Sense categoria\",\"item\":\"https:\\\/\\\/comercmoble.com\\\/ca\\\/category\\\/sense-categoria\\\/\"},{\"@type\":\"ListItem\",\"position\":3,\"name\":\"Comer\u00e7moble en Feria Habitat Valencia 2018\"}]},{\"@type\":\"WebSite\",\"@id\":\"https:\\\/\\\/comercmoble.com\\\/ca\\\/#website\",\"url\":\"https:\\\/\\\/comercmoble.com\\\/ca\\\/\",\"name\":\"Comer\u00e7 Moble\",\"description\":\"Asociaci\u00f3n de Comercios del Muebles de la Comunidad Valencia\",\"publisher\":{\"@id\":\"https:\\\/\\\/comercmoble.com\\\/ca\\\/#organization\"},\"potentialAction\":[{\"@type\":\"SearchAction\",\"target\":{\"@type\":\"EntryPoint\",\"urlTemplate\":\"https:\\\/\\\/comercmoble.com\\\/ca\\\/?s={search_term_string}\"},\"query-input\":{\"@type\":\"PropertyValueSpecification\",\"valueRequired\":true,\"valueName\":\"search_term_string\"}}],\"inLanguage\":\"va-VA\"},{\"@type\":\"Organization\",\"@id\":\"https:\\\/\\\/comercmoble.com\\\/ca\\\/#organization\",\"name\":\"ASOCIACI\u00d3N PARA LA DISTRIBUCI\u00d3N Y COMERCIO DEL H\u00c1BITAT DE LA COMUNIDAD VALENCIANA\",\"url\":\"https:\\\/\\\/comercmoble.com\\\/ca\\\/\",\"logo\":{\"@type\":\"ImageObject\",\"inLanguage\":\"va-VA\",\"@id\":\"https:\\\/\\\/comercmoble.com\\\/ca\\\/#\\\/schema\\\/logo\\\/image\\\/\",\"url\":\"https:\\\/\\\/comercmoble.com\\\/wp-content\\\/uploads\\\/2018\\\/11\\\/logo.png\",\"contentUrl\":\"https:\\\/\\\/comercmoble.com\\\/wp-content\\\/uploads\\\/2018\\\/11\\\/logo.png\",\"width\":213,\"height\":67,\"caption\":\"ASOCIACI\u00d3N PARA LA DISTRIBUCI\u00d3N Y COMERCIO DEL H\u00c1BITAT DE LA COMUNIDAD VALENCIANA\"},\"image\":{\"@id\":\"https:\\\/\\\/comercmoble.com\\\/ca\\\/#\\\/schema\\\/logo\\\/image\\\/\"}},{\"@type\":\"Person\",\"@id\":\"https:\\\/\\\/comercmoble.com\\\/ca\\\/#\\\/schema\\\/person\\\/f0c01e057f07075c1395caa44a77a09c\",\"name\":\"Carolina\",\"image\":{\"@type\":\"ImageObject\",\"inLanguage\":\"va-VA\",\"@id\":\"https:\\\/\\\/secure.gravatar.com\\\/avatar\\\/4c9e11ce6b5048d5ebc266c8d4992bae6b8174105290963e2df93b7a062fb7e4?s=96&d=mm&r=g\",\"url\":\"https:\\\/\\\/secure.gravatar.com\\\/avatar\\\/4c9e11ce6b5048d5ebc266c8d4992bae6b8174105290963e2df93b7a062fb7e4?s=96&d=mm&r=g\",\"contentUrl\":\"https:\\\/\\\/secure.gravatar.com\\\/avatar\\\/4c9e11ce6b5048d5ebc266c8d4992bae6b8174105290963e2df93b7a062fb7e4?s=96&d=mm&r=g\",\"caption\":\"Carolina\"},\"url\":\"https:\\\/\\\/comercmoble.com\\\/ca\\\/author\\\/juliacomo\\\/\"}]}<\/script>\n<!-- \/ Yoast SEO plugin. -->","yoast_head_json":{"title":"Comer\u00e7moble en Feria Habitat Valencia 2018 - Comer\u00e7 Moble","robots":{"index":"index","follow":"follow","max-snippet":"max-snippet:-1","max-image-preview":"max-image-preview:large","max-video-preview":"max-video-preview:-1"},"canonical":"https:\/\/comercmoble.com\/ca\/comercmoble-en-feria-habitat-valencia-2018\/","og_locale":"en_US","og_type":"article","og_title":"Comer\u00e7moble en Feria Habitat Valencia 2018 - Comer\u00e7 Moble","og_description":"Comer\u00e7moble apoya a Feria de Valencia para la realizaci\u00f3n de la feria Habitat 2018 el pr\u00f3ximo mes de Septiembre. La asociaci\u00f3n mas relevante de tiendas de muebles de la Comunidad Valenciana \u00a0mostrar\u00e1 en este evento su plan de actuaciones para los pr\u00f3ximos a\u00f1os dentro del marco estrat\u00e9gico aprobado por su junta general. A primeros de [&hellip;]","og_url":"https:\/\/comercmoble.com\/ca\/comercmoble-en-feria-habitat-valencia-2018\/","og_site_name":"Comer\u00e7 Moble","article_published_time":"2018-07-10T14:32:53+00:00","article_modified_time":"2021-06-07T07:56:20+00:00","og_image":[{"width":640,"height":480,"url":"https:\/\/comercmoble.com\/wp-content\/uploads\/2018\/07\/imagen-feria-direccion.jpg","type":"image\/jpeg"}],"author":"Carolina","twitter_card":"summary_large_image","twitter_misc":{"Written by":"Carolina","Est. reading time":"1 minute"},"schema":{"@context":"https:\/\/schema.org","@graph":[{"@type":"Article","@id":"https:\/\/comercmoble.com\/ca\/comercmoble-en-feria-habitat-valencia-2018\/#article","isPartOf":{"@id":"https:\/\/comercmoble.com\/ca\/comercmoble-en-feria-habitat-valencia-2018\/"},"author":{"name":"Carolina","@id":"https:\/\/comercmoble.com\/ca\/#\/schema\/person\/f0c01e057f07075c1395caa44a77a09c"},"headline":"Comer\u00e7moble en Feria Habitat Valencia 2018","datePublished":"2018-07-10T14:32:53+00:00","dateModified":"2021-06-07T07:56:20+00:00","mainEntityOfPage":{"@id":"https:\/\/comercmoble.com\/ca\/comercmoble-en-feria-habitat-valencia-2018\/"},"wordCount":121,"commentCount":0,"publisher":{"@id":"https:\/\/comercmoble.com\/ca\/#organization"},"image":{"@id":"https:\/\/comercmoble.com\/ca\/comercmoble-en-feria-habitat-valencia-2018\/#primaryimage"},"thumbnailUrl":"https:\/\/comercmoble.com\/wp-content\/uploads\/2018\/07\/imagen-feria-direccion.jpg","articleSection":["Sense categoria"],"inLanguage":"va-VA","potentialAction":[{"@type":"CommentAction","name":"Comment","target":["https:\/\/comercmoble.com\/ca\/comercmoble-en-feria-habitat-valencia-2018\/#respond"]}]},{"@type":"WebPage","@id":"https:\/\/comercmoble.com\/ca\/comercmoble-en-feria-habitat-valencia-2018\/","url":"https:\/\/comercmoble.com\/ca\/comercmoble-en-feria-habitat-valencia-2018\/","name":"Comer\u00e7moble en Feria Habitat Valencia 2018 - Comer\u00e7 Moble","isPartOf":{"@id":"https:\/\/comercmoble.com\/ca\/#website"},"primaryImageOfPage":{"@id":"https:\/\/comercmoble.com\/ca\/comercmoble-en-feria-habitat-valencia-2018\/#primaryimage"},"image":{"@id":"https:\/\/comercmoble.com\/ca\/comercmoble-en-feria-habitat-valencia-2018\/#primaryimage"},"thumbnailUrl":"https:\/\/comercmoble.com\/wp-content\/uploads\/2018\/07\/imagen-feria-direccion.jpg","datePublished":"2018-07-10T14:32:53+00:00","dateModified":"2021-06-07T07:56:20+00:00","breadcrumb":{"@id":"https:\/\/comercmoble.com\/ca\/comercmoble-en-feria-habitat-valencia-2018\/#breadcrumb"},"inLanguage":"va-VA","potentialAction":[{"@type":"ReadAction","target":["https:\/\/comercmoble.com\/ca\/comercmoble-en-feria-habitat-valencia-2018\/"]}]},{"@type":"ImageObject","inLanguage":"va-VA","@id":"https:\/\/comercmoble.com\/ca\/comercmoble-en-feria-habitat-valencia-2018\/#primaryimage","url":"https:\/\/comercmoble.com\/wp-content\/uploads\/2018\/07\/imagen-feria-direccion.jpg","contentUrl":"https:\/\/comercmoble.com\/wp-content\/uploads\/2018\/07\/imagen-feria-direccion.jpg","width":640,"height":480},{"@type":"BreadcrumbList","@id":"https:\/\/comercmoble.com\/ca\/comercmoble-en-feria-habitat-valencia-2018\/#breadcrumb","itemListElement":[{"@type":"ListItem","position":1,"name":"Inicio","item":"https:\/\/comercmoble.com\/"},{"@type":"ListItem","position":2,"name":"Sense categoria","item":"https:\/\/comercmoble.com\/ca\/category\/sense-categoria\/"},{"@type":"ListItem","position":3,"name":"Comer\u00e7moble en Feria Habitat Valencia 2018"}]},{"@type":"WebSite","@id":"https:\/\/comercmoble.com\/ca\/#website","url":"https:\/\/comercmoble.com\/ca\/","name":"Comer\u00e7 Moble","description":"Asociaci\u00f3n de Comercios del Muebles de la Comunidad Valencia","publisher":{"@id":"https:\/\/comercmoble.com\/ca\/#organization"},"potentialAction":[{"@type":"SearchAction","target":{"@type":"EntryPoint","urlTemplate":"https:\/\/comercmoble.com\/ca\/?s={search_term_string}"},"query-input":{"@type":"PropertyValueSpecification","valueRequired":true,"valueName":"search_term_string"}}],"inLanguage":"va-VA"},{"@type":"Organization","@id":"https:\/\/comercmoble.com\/ca\/#organization","name":"ASOCIACI\u00d3N PARA LA DISTRIBUCI\u00d3N Y COMERCIO DEL H\u00c1BITAT DE LA COMUNIDAD VALENCIANA","url":"https:\/\/comercmoble.com\/ca\/","logo":{"@type":"ImageObject","inLanguage":"va-VA","@id":"https:\/\/comercmoble.com\/ca\/#\/schema\/logo\/image\/","url":"https:\/\/comercmoble.com\/wp-content\/uploads\/2018\/11\/logo.png","contentUrl":"https:\/\/comercmoble.com\/wp-content\/uploads\/2018\/11\/logo.png","width":213,"height":67,"caption":"ASOCIACI\u00d3N PARA LA DISTRIBUCI\u00d3N Y COMERCIO DEL H\u00c1BITAT DE LA COMUNIDAD VALENCIANA"},"image":{"@id":"https:\/\/comercmoble.com\/ca\/#\/schema\/logo\/image\/"}},{"@type":"Person","@id":"https:\/\/comercmoble.com\/ca\/#\/schema\/person\/f0c01e057f07075c1395caa44a77a09c","name":"Carolina","image":{"@type":"ImageObject","inLanguage":"va-VA","@id":"https:\/\/secure.gravatar.com\/avatar\/4c9e11ce6b5048d5ebc266c8d4992bae6b8174105290963e2df93b7a062fb7e4?s=96&d=mm&r=g","url":"https:\/\/secure.gravatar.com\/avatar\/4c9e11ce6b5048d5ebc266c8d4992bae6b8174105290963e2df93b7a062fb7e4?s=96&d=mm&r=g","contentUrl":"https:\/\/secure.gravatar.com\/avatar\/4c9e11ce6b5048d5ebc266c8d4992bae6b8174105290963e2df93b7a062fb7e4?s=96&d=mm&r=g","caption":"Carolina"},"url":"https:\/\/comercmoble.com\/ca\/author\/juliacomo\/"}]}},"_links":{"self":[{"href":"https:\/\/comercmoble.com\/ca\/wp-json\/wp\/v2\/posts\/4685","targetHints":{"allow":["GET"]}}],"collection":[{"href":"https:\/\/comercmoble.com\/ca\/wp-json\/wp\/v2\/posts"}],"about":[{"href":"https:\/\/comercmoble.com\/ca\/wp-json\/wp\/v2\/types\/post"}],"author":[{"embeddable":true,"href":"https:\/\/comercmoble.com\/ca\/wp-json\/wp\/v2\/users\/230"}],"replies":[{"embeddable":true,"href":"https:\/\/comercmoble.com\/ca\/wp-json\/wp\/v2\/comments?post=4685"}],"version-history":[{"count":1,"href":"https:\/\/comercmoble.com\/ca\/wp-json\/wp\/v2\/posts\/4685\/revisions"}],"predecessor-version":[{"id":4687,"href":"https:\/\/comercmoble.com\/ca\/wp-json\/wp\/v2\/posts\/4685\/revisions\/4687"}],"wp:featuredmedia":[{"embeddable":true,"href":"https:\/\/comercmoble.com\/ca\/wp-json\/wp\/v2\/media\/3828"}],"wp:attachment":[{"href":"https:\/\/comercmoble.com\/ca\/wp-json\/wp\/v2\/media?parent=4685"}],"wp:term":[{"taxonomy":"category","embeddable":true,"href":"https:\/\/comercmoble.com\/ca\/wp-json\/wp\/v2\/categories?post=4685"},{"taxonomy":"post_tag","embeddable":true,"href":"https:\/\/comercmoble.com\/ca\/wp-json\/wp\/v2\/tags?post=4685"}],"curies":[{"name":"wp","href":"https:\/\/api.w.org\/{rel}","templated":true}]}}