{"id":4679,"date":"2018-07-19T17:16:20","date_gmt":"2018-07-19T17:16:20","guid":{"rendered":"https:\/\/comercmoble.com\/comercmoble-asiste-a-la-jornada-de-la-confederacion-empresarial-de-la-comunidad-valenciana"},"modified":"2021-06-07T09:56:00","modified_gmt":"2021-06-07T07:56:00","slug":"comercmoble-asiste-a-la-jornada-de-la-confederacion-empresarial-de-la-comunidad-valenciana","status":"publish","type":"post","link":"https:\/\/comercmoble.com\/ca\/comercmoble-asiste-a-la-jornada-de-la-confederacion-empresarial-de-la-comunidad-valenciana\/","title":{"rendered":"Comer\u00e7moble asiste a la jornada de la Confederaci\u00f3n Empresarial de la Comunidad Valenciana."},"content":{"rendered":"<div class=\"\">\n<div class=\"\">\n<div class=\"\">\n<div class=\"\">\n<div class=\"\">\n<div class=\"\">Comercmoble asiste con varios asociados al desayuno de trabajo organizado por la CEV, de comunicaci\u00f3n no verbal Cient\u00edfica impartido por Javier Torregrosa experto en estos temas.<\/div>\n<\/div>\n<\/div>\n<\/div>\n<\/div>\n<\/div>\n<p>Asistieron miembros de Comer\u00e7moble como Jose Maria Ots, Maria Jose de Nau Mobles, Jacinto y Ligia. El m\u00e9todo de trabajo fue muy interesante y permiti\u00f3 a los asistentes comprobar que los gestos y la forma del rostro en muchos casos, determinan unos factores con los que podemos tener una informaci\u00f3n adicional sobre nuestro interlocutor y conseguir mejorar nuestra posici\u00f3n en casos de negociaci\u00f3n o venta.<\/p>\n<div class=\"\"><strong>Vender, dirigir, comunicar o negociar se hace mas f\u00e1cil con estas t\u00e9cnicas de reconocimiento.<\/strong><\/div>\n<div><\/div>\n<div class=\"\">Agradecemos a la CEV su organizaci\u00f3n y como siempre Comer\u00e7moble ha estado atenta para transmitir oportunidades de formaci\u00f3n pr\u00e1ctica a sus asociados.<\/div>\n","protected":false},"excerpt":{"rendered":"<p>Comercmoble asiste con varios asociados al desayuno de trabajo organizado por la CEV, de comunicaci\u00f3n no verbal Cient\u00edfica impartido por Javier Torregrosa experto en estos temas. Asistieron miembros de Comer\u00e7moble como Jose Maria Ots, Maria Jose de Nau Mobles, Jacinto y Ligia. El m\u00e9todo de trabajo fue muy interesante y permiti\u00f3 a los asistentes comprobar [&hellip;]<\/p>\n","protected":false},"author":230,"featured_media":3831,"comment_status":"open","ping_status":"open","sticky":false,"template":"","format":"standard","meta":{"_et_pb_use_builder":"","_et_pb_old_content":"","_et_gb_content_width":"","footnotes":""},"categories":[256],"tags":[],"class_list":["post-4679","post","type-post","status-publish","format-standard","has-post-thumbnail","hentry","category-sense-categoria"],"yoast_head":"<!-- This site is optimized with the Yoast SEO plugin v27.4 - https:\/\/yoast.com\/product\/yoast-seo-wordpress\/ -->\n<title>Comer\u00e7moble asiste a la jornada de la Confederaci\u00f3n Empresarial de la Comunidad Valenciana. - Comer\u00e7 Moble<\/title>\n<meta name=\"robots\" content=\"index, follow, max-snippet:-1, max-image-preview:large, max-video-preview:-1\" \/>\n<link rel=\"canonical\" href=\"https:\/\/comercmoble.com\/ca\/comercmoble-asiste-a-la-jornada-de-la-confederacion-empresarial-de-la-comunidad-valenciana\/\" \/>\n<meta property=\"og:locale\" content=\"en_US\" \/>\n<meta property=\"og:type\" content=\"article\" \/>\n<meta property=\"og:title\" content=\"Comer\u00e7moble asiste a la jornada de la Confederaci\u00f3n Empresarial de la Comunidad Valenciana. - Comer\u00e7 Moble\" \/>\n<meta property=\"og:description\" content=\"Comercmoble asiste con varios asociados al desayuno de trabajo organizado por la CEV, de comunicaci\u00f3n no verbal Cient\u00edfica impartido por Javier Torregrosa experto en estos temas. Asistieron miembros de Comer\u00e7moble como Jose Maria Ots, Maria Jose de Nau Mobles, Jacinto y Ligia. El m\u00e9todo de trabajo fue muy interesante y permiti\u00f3 a los asistentes comprobar [&hellip;]\" \/>\n<meta property=\"og:url\" content=\"https:\/\/comercmoble.com\/ca\/comercmoble-asiste-a-la-jornada-de-la-confederacion-empresarial-de-la-comunidad-valenciana\/\" \/>\n<meta property=\"og:site_name\" content=\"Comer\u00e7 Moble\" \/>\n<meta property=\"article:published_time\" content=\"2018-07-19T17:16:20+00:00\" \/>\n<meta property=\"article:modified_time\" content=\"2021-06-07T07:56:00+00:00\" \/>\n<meta property=\"og:image\" content=\"https:\/\/comercmoble.com\/wp-content\/uploads\/2018\/07\/cev.jpg\" \/>\n\t<meta property=\"og:image:width\" content=\"800\" \/>\n\t<meta property=\"og:image:height\" content=\"600\" \/>\n\t<meta property=\"og:image:type\" content=\"image\/jpeg\" \/>\n<meta name=\"author\" content=\"Carolina\" \/>\n<meta name=\"twitter:card\" content=\"summary_large_image\" \/>\n<meta name=\"twitter:label1\" content=\"Written by\" \/>\n\t<meta name=\"twitter:data1\" content=\"Carolina\" \/>\n\t<meta name=\"twitter:label2\" content=\"Est. reading time\" \/>\n\t<meta name=\"twitter:data2\" content=\"1 minute\" \/>\n<script type=\"application\/ld+json\" class=\"yoast-schema-graph\">{\"@context\":\"https:\\\/\\\/schema.org\",\"@graph\":[{\"@type\":\"Article\",\"@id\":\"https:\\\/\\\/comercmoble.com\\\/ca\\\/comercmoble-asiste-a-la-jornada-de-la-confederacion-empresarial-de-la-comunidad-valenciana\\\/#article\",\"isPartOf\":{\"@id\":\"https:\\\/\\\/comercmoble.com\\\/ca\\\/comercmoble-asiste-a-la-jornada-de-la-confederacion-empresarial-de-la-comunidad-valenciana\\\/\"},\"author\":{\"name\":\"Carolina\",\"@id\":\"https:\\\/\\\/comercmoble.com\\\/ca\\\/#\\\/schema\\\/person\\\/f0c01e057f07075c1395caa44a77a09c\"},\"headline\":\"Comer\u00e7moble asiste a la jornada de la Confederaci\u00f3n Empresarial de la Comunidad Valenciana.\",\"datePublished\":\"2018-07-19T17:16:20+00:00\",\"dateModified\":\"2021-06-07T07:56:00+00:00\",\"mainEntityOfPage\":{\"@id\":\"https:\\\/\\\/comercmoble.com\\\/ca\\\/comercmoble-asiste-a-la-jornada-de-la-confederacion-empresarial-de-la-comunidad-valenciana\\\/\"},\"wordCount\":155,\"commentCount\":0,\"publisher\":{\"@id\":\"https:\\\/\\\/comercmoble.com\\\/ca\\\/#organization\"},\"image\":{\"@id\":\"https:\\\/\\\/comercmoble.com\\\/ca\\\/comercmoble-asiste-a-la-jornada-de-la-confederacion-empresarial-de-la-comunidad-valenciana\\\/#primaryimage\"},\"thumbnailUrl\":\"https:\\\/\\\/comercmoble.com\\\/wp-content\\\/uploads\\\/2018\\\/07\\\/cev.jpg\",\"articleSection\":[\"Sense categoria\"],\"inLanguage\":\"va-VA\",\"potentialAction\":[{\"@type\":\"CommentAction\",\"name\":\"Comment\",\"target\":[\"https:\\\/\\\/comercmoble.com\\\/ca\\\/comercmoble-asiste-a-la-jornada-de-la-confederacion-empresarial-de-la-comunidad-valenciana\\\/#respond\"]}]},{\"@type\":\"WebPage\",\"@id\":\"https:\\\/\\\/comercmoble.com\\\/ca\\\/comercmoble-asiste-a-la-jornada-de-la-confederacion-empresarial-de-la-comunidad-valenciana\\\/\",\"url\":\"https:\\\/\\\/comercmoble.com\\\/ca\\\/comercmoble-asiste-a-la-jornada-de-la-confederacion-empresarial-de-la-comunidad-valenciana\\\/\",\"name\":\"Comer\u00e7moble asiste a la jornada de la Confederaci\u00f3n Empresarial de la Comunidad Valenciana. - Comer\u00e7 Moble\",\"isPartOf\":{\"@id\":\"https:\\\/\\\/comercmoble.com\\\/ca\\\/#website\"},\"primaryImageOfPage\":{\"@id\":\"https:\\\/\\\/comercmoble.com\\\/ca\\\/comercmoble-asiste-a-la-jornada-de-la-confederacion-empresarial-de-la-comunidad-valenciana\\\/#primaryimage\"},\"image\":{\"@id\":\"https:\\\/\\\/comercmoble.com\\\/ca\\\/comercmoble-asiste-a-la-jornada-de-la-confederacion-empresarial-de-la-comunidad-valenciana\\\/#primaryimage\"},\"thumbnailUrl\":\"https:\\\/\\\/comercmoble.com\\\/wp-content\\\/uploads\\\/2018\\\/07\\\/cev.jpg\",\"datePublished\":\"2018-07-19T17:16:20+00:00\",\"dateModified\":\"2021-06-07T07:56:00+00:00\",\"breadcrumb\":{\"@id\":\"https:\\\/\\\/comercmoble.com\\\/ca\\\/comercmoble-asiste-a-la-jornada-de-la-confederacion-empresarial-de-la-comunidad-valenciana\\\/#breadcrumb\"},\"inLanguage\":\"va-VA\",\"potentialAction\":[{\"@type\":\"ReadAction\",\"target\":[\"https:\\\/\\\/comercmoble.com\\\/ca\\\/comercmoble-asiste-a-la-jornada-de-la-confederacion-empresarial-de-la-comunidad-valenciana\\\/\"]}]},{\"@type\":\"ImageObject\",\"inLanguage\":\"va-VA\",\"@id\":\"https:\\\/\\\/comercmoble.com\\\/ca\\\/comercmoble-asiste-a-la-jornada-de-la-confederacion-empresarial-de-la-comunidad-valenciana\\\/#primaryimage\",\"url\":\"https:\\\/\\\/comercmoble.com\\\/wp-content\\\/uploads\\\/2018\\\/07\\\/cev.jpg\",\"contentUrl\":\"https:\\\/\\\/comercmoble.com\\\/wp-content\\\/uploads\\\/2018\\\/07\\\/cev.jpg\",\"width\":800,\"height\":600},{\"@type\":\"BreadcrumbList\",\"@id\":\"https:\\\/\\\/comercmoble.com\\\/ca\\\/comercmoble-asiste-a-la-jornada-de-la-confederacion-empresarial-de-la-comunidad-valenciana\\\/#breadcrumb\",\"itemListElement\":[{\"@type\":\"ListItem\",\"position\":1,\"name\":\"Inicio\",\"item\":\"https:\\\/\\\/comercmoble.com\\\/\"},{\"@type\":\"ListItem\",\"position\":2,\"name\":\"Sense categoria\",\"item\":\"https:\\\/\\\/comercmoble.com\\\/ca\\\/category\\\/sense-categoria\\\/\"},{\"@type\":\"ListItem\",\"position\":3,\"name\":\"Comer\u00e7moble asiste a la jornada de la Confederaci\u00f3n Empresarial de la Comunidad Valenciana.\"}]},{\"@type\":\"WebSite\",\"@id\":\"https:\\\/\\\/comercmoble.com\\\/ca\\\/#website\",\"url\":\"https:\\\/\\\/comercmoble.com\\\/ca\\\/\",\"name\":\"Comer\u00e7 Moble\",\"description\":\"Asociaci\u00f3n de Comercios del Muebles de la Comunidad Valencia\",\"publisher\":{\"@id\":\"https:\\\/\\\/comercmoble.com\\\/ca\\\/#organization\"},\"potentialAction\":[{\"@type\":\"SearchAction\",\"target\":{\"@type\":\"EntryPoint\",\"urlTemplate\":\"https:\\\/\\\/comercmoble.com\\\/ca\\\/?s={search_term_string}\"},\"query-input\":{\"@type\":\"PropertyValueSpecification\",\"valueRequired\":true,\"valueName\":\"search_term_string\"}}],\"inLanguage\":\"va-VA\"},{\"@type\":\"Organization\",\"@id\":\"https:\\\/\\\/comercmoble.com\\\/ca\\\/#organization\",\"name\":\"ASOCIACI\u00d3N PARA LA DISTRIBUCI\u00d3N Y COMERCIO DEL H\u00c1BITAT DE LA COMUNIDAD VALENCIANA\",\"url\":\"https:\\\/\\\/comercmoble.com\\\/ca\\\/\",\"logo\":{\"@type\":\"ImageObject\",\"inLanguage\":\"va-VA\",\"@id\":\"https:\\\/\\\/comercmoble.com\\\/ca\\\/#\\\/schema\\\/logo\\\/image\\\/\",\"url\":\"https:\\\/\\\/comercmoble.com\\\/wp-content\\\/uploads\\\/2018\\\/11\\\/logo.png\",\"contentUrl\":\"https:\\\/\\\/comercmoble.com\\\/wp-content\\\/uploads\\\/2018\\\/11\\\/logo.png\",\"width\":213,\"height\":67,\"caption\":\"ASOCIACI\u00d3N PARA LA DISTRIBUCI\u00d3N Y COMERCIO DEL H\u00c1BITAT DE LA COMUNIDAD VALENCIANA\"},\"image\":{\"@id\":\"https:\\\/\\\/comercmoble.com\\\/ca\\\/#\\\/schema\\\/logo\\\/image\\\/\"}},{\"@type\":\"Person\",\"@id\":\"https:\\\/\\\/comercmoble.com\\\/ca\\\/#\\\/schema\\\/person\\\/f0c01e057f07075c1395caa44a77a09c\",\"name\":\"Carolina\",\"image\":{\"@type\":\"ImageObject\",\"inLanguage\":\"va-VA\",\"@id\":\"https:\\\/\\\/secure.gravatar.com\\\/avatar\\\/4c9e11ce6b5048d5ebc266c8d4992bae6b8174105290963e2df93b7a062fb7e4?s=96&d=mm&r=g\",\"url\":\"https:\\\/\\\/secure.gravatar.com\\\/avatar\\\/4c9e11ce6b5048d5ebc266c8d4992bae6b8174105290963e2df93b7a062fb7e4?s=96&d=mm&r=g\",\"contentUrl\":\"https:\\\/\\\/secure.gravatar.com\\\/avatar\\\/4c9e11ce6b5048d5ebc266c8d4992bae6b8174105290963e2df93b7a062fb7e4?s=96&d=mm&r=g\",\"caption\":\"Carolina\"},\"url\":\"https:\\\/\\\/comercmoble.com\\\/ca\\\/author\\\/juliacomo\\\/\"}]}<\/script>\n<!-- \/ Yoast SEO plugin. -->","yoast_head_json":{"title":"Comer\u00e7moble asiste a la jornada de la Confederaci\u00f3n Empresarial de la Comunidad Valenciana. - Comer\u00e7 Moble","robots":{"index":"index","follow":"follow","max-snippet":"max-snippet:-1","max-image-preview":"max-image-preview:large","max-video-preview":"max-video-preview:-1"},"canonical":"https:\/\/comercmoble.com\/ca\/comercmoble-asiste-a-la-jornada-de-la-confederacion-empresarial-de-la-comunidad-valenciana\/","og_locale":"en_US","og_type":"article","og_title":"Comer\u00e7moble asiste a la jornada de la Confederaci\u00f3n Empresarial de la Comunidad Valenciana. - Comer\u00e7 Moble","og_description":"Comercmoble asiste con varios asociados al desayuno de trabajo organizado por la CEV, de comunicaci\u00f3n no verbal Cient\u00edfica impartido por Javier Torregrosa experto en estos temas. Asistieron miembros de Comer\u00e7moble como Jose Maria Ots, Maria Jose de Nau Mobles, Jacinto y Ligia. El m\u00e9todo de trabajo fue muy interesante y permiti\u00f3 a los asistentes comprobar [&hellip;]","og_url":"https:\/\/comercmoble.com\/ca\/comercmoble-asiste-a-la-jornada-de-la-confederacion-empresarial-de-la-comunidad-valenciana\/","og_site_name":"Comer\u00e7 Moble","article_published_time":"2018-07-19T17:16:20+00:00","article_modified_time":"2021-06-07T07:56:00+00:00","og_image":[{"width":800,"height":600,"url":"https:\/\/comercmoble.com\/wp-content\/uploads\/2018\/07\/cev.jpg","type":"image\/jpeg"}],"author":"Carolina","twitter_card":"summary_large_image","twitter_misc":{"Written by":"Carolina","Est. reading time":"1 minute"},"schema":{"@context":"https:\/\/schema.org","@graph":[{"@type":"Article","@id":"https:\/\/comercmoble.com\/ca\/comercmoble-asiste-a-la-jornada-de-la-confederacion-empresarial-de-la-comunidad-valenciana\/#article","isPartOf":{"@id":"https:\/\/comercmoble.com\/ca\/comercmoble-asiste-a-la-jornada-de-la-confederacion-empresarial-de-la-comunidad-valenciana\/"},"author":{"name":"Carolina","@id":"https:\/\/comercmoble.com\/ca\/#\/schema\/person\/f0c01e057f07075c1395caa44a77a09c"},"headline":"Comer\u00e7moble asiste a la jornada de la Confederaci\u00f3n Empresarial de la Comunidad Valenciana.","datePublished":"2018-07-19T17:16:20+00:00","dateModified":"2021-06-07T07:56:00+00:00","mainEntityOfPage":{"@id":"https:\/\/comercmoble.com\/ca\/comercmoble-asiste-a-la-jornada-de-la-confederacion-empresarial-de-la-comunidad-valenciana\/"},"wordCount":155,"commentCount":0,"publisher":{"@id":"https:\/\/comercmoble.com\/ca\/#organization"},"image":{"@id":"https:\/\/comercmoble.com\/ca\/comercmoble-asiste-a-la-jornada-de-la-confederacion-empresarial-de-la-comunidad-valenciana\/#primaryimage"},"thumbnailUrl":"https:\/\/comercmoble.com\/wp-content\/uploads\/2018\/07\/cev.jpg","articleSection":["Sense categoria"],"inLanguage":"va-VA","potentialAction":[{"@type":"CommentAction","name":"Comment","target":["https:\/\/comercmoble.com\/ca\/comercmoble-asiste-a-la-jornada-de-la-confederacion-empresarial-de-la-comunidad-valenciana\/#respond"]}]},{"@type":"WebPage","@id":"https:\/\/comercmoble.com\/ca\/comercmoble-asiste-a-la-jornada-de-la-confederacion-empresarial-de-la-comunidad-valenciana\/","url":"https:\/\/comercmoble.com\/ca\/comercmoble-asiste-a-la-jornada-de-la-confederacion-empresarial-de-la-comunidad-valenciana\/","name":"Comer\u00e7moble asiste a la jornada de la Confederaci\u00f3n Empresarial de la Comunidad Valenciana. - Comer\u00e7 Moble","isPartOf":{"@id":"https:\/\/comercmoble.com\/ca\/#website"},"primaryImageOfPage":{"@id":"https:\/\/comercmoble.com\/ca\/comercmoble-asiste-a-la-jornada-de-la-confederacion-empresarial-de-la-comunidad-valenciana\/#primaryimage"},"image":{"@id":"https:\/\/comercmoble.com\/ca\/comercmoble-asiste-a-la-jornada-de-la-confederacion-empresarial-de-la-comunidad-valenciana\/#primaryimage"},"thumbnailUrl":"https:\/\/comercmoble.com\/wp-content\/uploads\/2018\/07\/cev.jpg","datePublished":"2018-07-19T17:16:20+00:00","dateModified":"2021-06-07T07:56:00+00:00","breadcrumb":{"@id":"https:\/\/comercmoble.com\/ca\/comercmoble-asiste-a-la-jornada-de-la-confederacion-empresarial-de-la-comunidad-valenciana\/#breadcrumb"},"inLanguage":"va-VA","potentialAction":[{"@type":"ReadAction","target":["https:\/\/comercmoble.com\/ca\/comercmoble-asiste-a-la-jornada-de-la-confederacion-empresarial-de-la-comunidad-valenciana\/"]}]},{"@type":"ImageObject","inLanguage":"va-VA","@id":"https:\/\/comercmoble.com\/ca\/comercmoble-asiste-a-la-jornada-de-la-confederacion-empresarial-de-la-comunidad-valenciana\/#primaryimage","url":"https:\/\/comercmoble.com\/wp-content\/uploads\/2018\/07\/cev.jpg","contentUrl":"https:\/\/comercmoble.com\/wp-content\/uploads\/2018\/07\/cev.jpg","width":800,"height":600},{"@type":"BreadcrumbList","@id":"https:\/\/comercmoble.com\/ca\/comercmoble-asiste-a-la-jornada-de-la-confederacion-empresarial-de-la-comunidad-valenciana\/#breadcrumb","itemListElement":[{"@type":"ListItem","position":1,"name":"Inicio","item":"https:\/\/comercmoble.com\/"},{"@type":"ListItem","position":2,"name":"Sense categoria","item":"https:\/\/comercmoble.com\/ca\/category\/sense-categoria\/"},{"@type":"ListItem","position":3,"name":"Comer\u00e7moble asiste a la jornada de la Confederaci\u00f3n Empresarial de la Comunidad Valenciana."}]},{"@type":"WebSite","@id":"https:\/\/comercmoble.com\/ca\/#website","url":"https:\/\/comercmoble.com\/ca\/","name":"Comer\u00e7 Moble","description":"Asociaci\u00f3n de Comercios del Muebles de la Comunidad Valencia","publisher":{"@id":"https:\/\/comercmoble.com\/ca\/#organization"},"potentialAction":[{"@type":"SearchAction","target":{"@type":"EntryPoint","urlTemplate":"https:\/\/comercmoble.com\/ca\/?s={search_term_string}"},"query-input":{"@type":"PropertyValueSpecification","valueRequired":true,"valueName":"search_term_string"}}],"inLanguage":"va-VA"},{"@type":"Organization","@id":"https:\/\/comercmoble.com\/ca\/#organization","name":"ASOCIACI\u00d3N PARA LA DISTRIBUCI\u00d3N Y COMERCIO DEL H\u00c1BITAT DE LA COMUNIDAD VALENCIANA","url":"https:\/\/comercmoble.com\/ca\/","logo":{"@type":"ImageObject","inLanguage":"va-VA","@id":"https:\/\/comercmoble.com\/ca\/#\/schema\/logo\/image\/","url":"https:\/\/comercmoble.com\/wp-content\/uploads\/2018\/11\/logo.png","contentUrl":"https:\/\/comercmoble.com\/wp-content\/uploads\/2018\/11\/logo.png","width":213,"height":67,"caption":"ASOCIACI\u00d3N PARA LA DISTRIBUCI\u00d3N Y COMERCIO DEL H\u00c1BITAT DE LA COMUNIDAD VALENCIANA"},"image":{"@id":"https:\/\/comercmoble.com\/ca\/#\/schema\/logo\/image\/"}},{"@type":"Person","@id":"https:\/\/comercmoble.com\/ca\/#\/schema\/person\/f0c01e057f07075c1395caa44a77a09c","name":"Carolina","image":{"@type":"ImageObject","inLanguage":"va-VA","@id":"https:\/\/secure.gravatar.com\/avatar\/4c9e11ce6b5048d5ebc266c8d4992bae6b8174105290963e2df93b7a062fb7e4?s=96&d=mm&r=g","url":"https:\/\/secure.gravatar.com\/avatar\/4c9e11ce6b5048d5ebc266c8d4992bae6b8174105290963e2df93b7a062fb7e4?s=96&d=mm&r=g","contentUrl":"https:\/\/secure.gravatar.com\/avatar\/4c9e11ce6b5048d5ebc266c8d4992bae6b8174105290963e2df93b7a062fb7e4?s=96&d=mm&r=g","caption":"Carolina"},"url":"https:\/\/comercmoble.com\/ca\/author\/juliacomo\/"}]}},"_links":{"self":[{"href":"https:\/\/comercmoble.com\/ca\/wp-json\/wp\/v2\/posts\/4679","targetHints":{"allow":["GET"]}}],"collection":[{"href":"https:\/\/comercmoble.com\/ca\/wp-json\/wp\/v2\/posts"}],"about":[{"href":"https:\/\/comercmoble.com\/ca\/wp-json\/wp\/v2\/types\/post"}],"author":[{"embeddable":true,"href":"https:\/\/comercmoble.com\/ca\/wp-json\/wp\/v2\/users\/230"}],"replies":[{"embeddable":true,"href":"https:\/\/comercmoble.com\/ca\/wp-json\/wp\/v2\/comments?post=4679"}],"version-history":[{"count":1,"href":"https:\/\/comercmoble.com\/ca\/wp-json\/wp\/v2\/posts\/4679\/revisions"}],"predecessor-version":[{"id":4681,"href":"https:\/\/comercmoble.com\/ca\/wp-json\/wp\/v2\/posts\/4679\/revisions\/4681"}],"wp:featuredmedia":[{"embeddable":true,"href":"https:\/\/comercmoble.com\/ca\/wp-json\/wp\/v2\/media\/3831"}],"wp:attachment":[{"href":"https:\/\/comercmoble.com\/ca\/wp-json\/wp\/v2\/media?parent=4679"}],"wp:term":[{"taxonomy":"category","embeddable":true,"href":"https:\/\/comercmoble.com\/ca\/wp-json\/wp\/v2\/categories?post=4679"},{"taxonomy":"post_tag","embeddable":true,"href":"https:\/\/comercmoble.com\/ca\/wp-json\/wp\/v2\/tags?post=4679"}],"curies":[{"name":"wp","href":"https:\/\/api.w.org\/{rel}","templated":true}]}}