{"id":4670,"date":"2018-09-25T13:53:05","date_gmt":"2018-09-25T13:53:05","guid":{"rendered":"https:\/\/comercmoble.com\/jornada-sobre-cierre-de-ventas-en-comercmoble"},"modified":"2021-06-07T09:55:26","modified_gmt":"2021-06-07T07:55:26","slug":"jornada-sobre-cierre-de-ventas-en-comercmoble","status":"publish","type":"post","link":"https:\/\/comercmoble.com\/ca\/jornada-sobre-cierre-de-ventas-en-comercmoble\/","title":{"rendered":"Jornada sobre Cierre de Ventas en Comer\u00e7moble"},"content":{"rendered":"<p>Se ha celebrado en la sede de Comer\u00e7moble un taller sobre cierre de venta en el comercio. La ponencia dirigida por Elsa Guaita ha resultado muy interesante y le damos las gracias a la C\u00e1mara de Comercio de\u00a0 Valencia por Facilitarnos la formaci\u00f3n es aspectos tan importantes como este.<\/p>\n<div class=\"\">La jornada result\u00f3 muy animada, con participaci\u00f3n de los asistentes d\u00e1ndonos sus puntos de vista y ratificando la importancia de este punto del proceso de venta y los cambios que est\u00e1n habiendo entre los clientes en cuanto a informaci\u00f3n que nos obligan a ser cada vez mas profesionales y mas anal\u00edticos a la hora de consolidar el pedido.<\/div>\n<div><\/div>\n<div class=\"\">Comer\u00e7moble sigue apostando por la innovaci\u00f3n y por ello y para facilitar la asistencia est\u00e1 impartiendo estas jornadas en un horario que respeta los tiempos de las tiendas de muebles. Los asistentes hicieron un esfuerzo importante para estar presentes, y nosotros queremos que estos encuentros sean cada vez mas importantes y formen parte de la estructrta de servicios de nuestra asociaci\u00f3n.<\/div>\n","protected":false},"excerpt":{"rendered":"<p>Se ha celebrado en la sede de Comer\u00e7moble un taller sobre cierre de venta en el comercio. La ponencia dirigida por Elsa Guaita ha resultado muy interesante y le damos las gracias a la C\u00e1mara de Comercio de\u00a0 Valencia por Facilitarnos la formaci\u00f3n es aspectos tan importantes como este. La jornada result\u00f3 muy animada, con [&hellip;]<\/p>\n","protected":false},"author":230,"featured_media":3836,"comment_status":"open","ping_status":"open","sticky":false,"template":"","format":"standard","meta":{"_et_pb_use_builder":"","_et_pb_old_content":"","_et_gb_content_width":"","footnotes":""},"categories":[256],"tags":[],"class_list":["post-4670","post","type-post","status-publish","format-standard","has-post-thumbnail","hentry","category-sense-categoria"],"yoast_head":"<!-- This site is optimized with the Yoast SEO plugin v27.4 - https:\/\/yoast.com\/product\/yoast-seo-wordpress\/ -->\n<title>Jornada sobre Cierre de Ventas en Comer\u00e7moble - Comer\u00e7 Moble<\/title>\n<meta name=\"robots\" content=\"index, follow, max-snippet:-1, max-image-preview:large, max-video-preview:-1\" \/>\n<link rel=\"canonical\" href=\"https:\/\/comercmoble.com\/ca\/jornada-sobre-cierre-de-ventas-en-comercmoble\/\" \/>\n<meta property=\"og:locale\" content=\"en_US\" \/>\n<meta property=\"og:type\" content=\"article\" \/>\n<meta property=\"og:title\" content=\"Jornada sobre Cierre de Ventas en Comer\u00e7moble - Comer\u00e7 Moble\" \/>\n<meta property=\"og:description\" content=\"Se ha celebrado en la sede de Comer\u00e7moble un taller sobre cierre de venta en el comercio. La ponencia dirigida por Elsa Guaita ha resultado muy interesante y le damos las gracias a la C\u00e1mara de Comercio de\u00a0 Valencia por Facilitarnos la formaci\u00f3n es aspectos tan importantes como este. La jornada result\u00f3 muy animada, con [&hellip;]\" \/>\n<meta property=\"og:url\" content=\"https:\/\/comercmoble.com\/ca\/jornada-sobre-cierre-de-ventas-en-comercmoble\/\" \/>\n<meta property=\"og:site_name\" content=\"Comer\u00e7 Moble\" \/>\n<meta property=\"article:published_time\" content=\"2018-09-25T13:53:05+00:00\" \/>\n<meta property=\"article:modified_time\" content=\"2021-06-07T07:55:26+00:00\" \/>\n<meta property=\"og:image\" content=\"https:\/\/comercmoble.com\/wp-content\/uploads\/2018\/09\/IMG_0695.jpg\" \/>\n\t<meta property=\"og:image:width\" content=\"640\" \/>\n\t<meta property=\"og:image:height\" content=\"480\" \/>\n\t<meta property=\"og:image:type\" content=\"image\/jpeg\" \/>\n<meta name=\"author\" content=\"Carolina\" \/>\n<meta name=\"twitter:card\" content=\"summary_large_image\" \/>\n<meta name=\"twitter:label1\" content=\"Written by\" \/>\n\t<meta name=\"twitter:data1\" content=\"Carolina\" \/>\n\t<meta name=\"twitter:label2\" content=\"Est. reading time\" \/>\n\t<meta name=\"twitter:data2\" content=\"1 minute\" \/>\n<script type=\"application\/ld+json\" class=\"yoast-schema-graph\">{\"@context\":\"https:\\\/\\\/schema.org\",\"@graph\":[{\"@type\":\"Article\",\"@id\":\"https:\\\/\\\/comercmoble.com\\\/ca\\\/jornada-sobre-cierre-de-ventas-en-comercmoble\\\/#article\",\"isPartOf\":{\"@id\":\"https:\\\/\\\/comercmoble.com\\\/ca\\\/jornada-sobre-cierre-de-ventas-en-comercmoble\\\/\"},\"author\":{\"name\":\"Carolina\",\"@id\":\"https:\\\/\\\/comercmoble.com\\\/ca\\\/#\\\/schema\\\/person\\\/f0c01e057f07075c1395caa44a77a09c\"},\"headline\":\"Jornada sobre Cierre de Ventas en Comer\u00e7moble\",\"datePublished\":\"2018-09-25T13:53:05+00:00\",\"dateModified\":\"2021-06-07T07:55:26+00:00\",\"mainEntityOfPage\":{\"@id\":\"https:\\\/\\\/comercmoble.com\\\/ca\\\/jornada-sobre-cierre-de-ventas-en-comercmoble\\\/\"},\"wordCount\":187,\"commentCount\":0,\"publisher\":{\"@id\":\"https:\\\/\\\/comercmoble.com\\\/ca\\\/#organization\"},\"image\":{\"@id\":\"https:\\\/\\\/comercmoble.com\\\/ca\\\/jornada-sobre-cierre-de-ventas-en-comercmoble\\\/#primaryimage\"},\"thumbnailUrl\":\"https:\\\/\\\/comercmoble.com\\\/wp-content\\\/uploads\\\/2018\\\/09\\\/IMG_0695.jpg\",\"articleSection\":[\"Sense categoria\"],\"inLanguage\":\"va-VA\",\"potentialAction\":[{\"@type\":\"CommentAction\",\"name\":\"Comment\",\"target\":[\"https:\\\/\\\/comercmoble.com\\\/ca\\\/jornada-sobre-cierre-de-ventas-en-comercmoble\\\/#respond\"]}]},{\"@type\":\"WebPage\",\"@id\":\"https:\\\/\\\/comercmoble.com\\\/ca\\\/jornada-sobre-cierre-de-ventas-en-comercmoble\\\/\",\"url\":\"https:\\\/\\\/comercmoble.com\\\/ca\\\/jornada-sobre-cierre-de-ventas-en-comercmoble\\\/\",\"name\":\"Jornada sobre Cierre de Ventas en Comer\u00e7moble - Comer\u00e7 Moble\",\"isPartOf\":{\"@id\":\"https:\\\/\\\/comercmoble.com\\\/ca\\\/#website\"},\"primaryImageOfPage\":{\"@id\":\"https:\\\/\\\/comercmoble.com\\\/ca\\\/jornada-sobre-cierre-de-ventas-en-comercmoble\\\/#primaryimage\"},\"image\":{\"@id\":\"https:\\\/\\\/comercmoble.com\\\/ca\\\/jornada-sobre-cierre-de-ventas-en-comercmoble\\\/#primaryimage\"},\"thumbnailUrl\":\"https:\\\/\\\/comercmoble.com\\\/wp-content\\\/uploads\\\/2018\\\/09\\\/IMG_0695.jpg\",\"datePublished\":\"2018-09-25T13:53:05+00:00\",\"dateModified\":\"2021-06-07T07:55:26+00:00\",\"breadcrumb\":{\"@id\":\"https:\\\/\\\/comercmoble.com\\\/ca\\\/jornada-sobre-cierre-de-ventas-en-comercmoble\\\/#breadcrumb\"},\"inLanguage\":\"va-VA\",\"potentialAction\":[{\"@type\":\"ReadAction\",\"target\":[\"https:\\\/\\\/comercmoble.com\\\/ca\\\/jornada-sobre-cierre-de-ventas-en-comercmoble\\\/\"]}]},{\"@type\":\"ImageObject\",\"inLanguage\":\"va-VA\",\"@id\":\"https:\\\/\\\/comercmoble.com\\\/ca\\\/jornada-sobre-cierre-de-ventas-en-comercmoble\\\/#primaryimage\",\"url\":\"https:\\\/\\\/comercmoble.com\\\/wp-content\\\/uploads\\\/2018\\\/09\\\/IMG_0695.jpg\",\"contentUrl\":\"https:\\\/\\\/comercmoble.com\\\/wp-content\\\/uploads\\\/2018\\\/09\\\/IMG_0695.jpg\",\"width\":640,\"height\":480},{\"@type\":\"BreadcrumbList\",\"@id\":\"https:\\\/\\\/comercmoble.com\\\/ca\\\/jornada-sobre-cierre-de-ventas-en-comercmoble\\\/#breadcrumb\",\"itemListElement\":[{\"@type\":\"ListItem\",\"position\":1,\"name\":\"Inicio\",\"item\":\"https:\\\/\\\/comercmoble.com\\\/\"},{\"@type\":\"ListItem\",\"position\":2,\"name\":\"Sense categoria\",\"item\":\"https:\\\/\\\/comercmoble.com\\\/ca\\\/category\\\/sense-categoria\\\/\"},{\"@type\":\"ListItem\",\"position\":3,\"name\":\"Jornada sobre Cierre de Ventas en Comer\u00e7moble\"}]},{\"@type\":\"WebSite\",\"@id\":\"https:\\\/\\\/comercmoble.com\\\/ca\\\/#website\",\"url\":\"https:\\\/\\\/comercmoble.com\\\/ca\\\/\",\"name\":\"Comer\u00e7 Moble\",\"description\":\"Asociaci\u00f3n de Comercios del Muebles de la Comunidad Valencia\",\"publisher\":{\"@id\":\"https:\\\/\\\/comercmoble.com\\\/ca\\\/#organization\"},\"potentialAction\":[{\"@type\":\"SearchAction\",\"target\":{\"@type\":\"EntryPoint\",\"urlTemplate\":\"https:\\\/\\\/comercmoble.com\\\/ca\\\/?s={search_term_string}\"},\"query-input\":{\"@type\":\"PropertyValueSpecification\",\"valueRequired\":true,\"valueName\":\"search_term_string\"}}],\"inLanguage\":\"va-VA\"},{\"@type\":\"Organization\",\"@id\":\"https:\\\/\\\/comercmoble.com\\\/ca\\\/#organization\",\"name\":\"ASOCIACI\u00d3N PARA LA DISTRIBUCI\u00d3N Y COMERCIO DEL H\u00c1BITAT DE LA COMUNIDAD VALENCIANA\",\"url\":\"https:\\\/\\\/comercmoble.com\\\/ca\\\/\",\"logo\":{\"@type\":\"ImageObject\",\"inLanguage\":\"va-VA\",\"@id\":\"https:\\\/\\\/comercmoble.com\\\/ca\\\/#\\\/schema\\\/logo\\\/image\\\/\",\"url\":\"https:\\\/\\\/comercmoble.com\\\/wp-content\\\/uploads\\\/2018\\\/11\\\/logo.png\",\"contentUrl\":\"https:\\\/\\\/comercmoble.com\\\/wp-content\\\/uploads\\\/2018\\\/11\\\/logo.png\",\"width\":213,\"height\":67,\"caption\":\"ASOCIACI\u00d3N PARA LA DISTRIBUCI\u00d3N Y COMERCIO DEL H\u00c1BITAT DE LA COMUNIDAD VALENCIANA\"},\"image\":{\"@id\":\"https:\\\/\\\/comercmoble.com\\\/ca\\\/#\\\/schema\\\/logo\\\/image\\\/\"}},{\"@type\":\"Person\",\"@id\":\"https:\\\/\\\/comercmoble.com\\\/ca\\\/#\\\/schema\\\/person\\\/f0c01e057f07075c1395caa44a77a09c\",\"name\":\"Carolina\",\"image\":{\"@type\":\"ImageObject\",\"inLanguage\":\"va-VA\",\"@id\":\"https:\\\/\\\/secure.gravatar.com\\\/avatar\\\/4c9e11ce6b5048d5ebc266c8d4992bae6b8174105290963e2df93b7a062fb7e4?s=96&d=mm&r=g\",\"url\":\"https:\\\/\\\/secure.gravatar.com\\\/avatar\\\/4c9e11ce6b5048d5ebc266c8d4992bae6b8174105290963e2df93b7a062fb7e4?s=96&d=mm&r=g\",\"contentUrl\":\"https:\\\/\\\/secure.gravatar.com\\\/avatar\\\/4c9e11ce6b5048d5ebc266c8d4992bae6b8174105290963e2df93b7a062fb7e4?s=96&d=mm&r=g\",\"caption\":\"Carolina\"},\"url\":\"https:\\\/\\\/comercmoble.com\\\/ca\\\/author\\\/juliacomo\\\/\"}]}<\/script>\n<!-- \/ Yoast SEO plugin. -->","yoast_head_json":{"title":"Jornada sobre Cierre de Ventas en Comer\u00e7moble - Comer\u00e7 Moble","robots":{"index":"index","follow":"follow","max-snippet":"max-snippet:-1","max-image-preview":"max-image-preview:large","max-video-preview":"max-video-preview:-1"},"canonical":"https:\/\/comercmoble.com\/ca\/jornada-sobre-cierre-de-ventas-en-comercmoble\/","og_locale":"en_US","og_type":"article","og_title":"Jornada sobre Cierre de Ventas en Comer\u00e7moble - Comer\u00e7 Moble","og_description":"Se ha celebrado en la sede de Comer\u00e7moble un taller sobre cierre de venta en el comercio. La ponencia dirigida por Elsa Guaita ha resultado muy interesante y le damos las gracias a la C\u00e1mara de Comercio de\u00a0 Valencia por Facilitarnos la formaci\u00f3n es aspectos tan importantes como este. La jornada result\u00f3 muy animada, con [&hellip;]","og_url":"https:\/\/comercmoble.com\/ca\/jornada-sobre-cierre-de-ventas-en-comercmoble\/","og_site_name":"Comer\u00e7 Moble","article_published_time":"2018-09-25T13:53:05+00:00","article_modified_time":"2021-06-07T07:55:26+00:00","og_image":[{"width":640,"height":480,"url":"https:\/\/comercmoble.com\/wp-content\/uploads\/2018\/09\/IMG_0695.jpg","type":"image\/jpeg"}],"author":"Carolina","twitter_card":"summary_large_image","twitter_misc":{"Written by":"Carolina","Est. reading time":"1 minute"},"schema":{"@context":"https:\/\/schema.org","@graph":[{"@type":"Article","@id":"https:\/\/comercmoble.com\/ca\/jornada-sobre-cierre-de-ventas-en-comercmoble\/#article","isPartOf":{"@id":"https:\/\/comercmoble.com\/ca\/jornada-sobre-cierre-de-ventas-en-comercmoble\/"},"author":{"name":"Carolina","@id":"https:\/\/comercmoble.com\/ca\/#\/schema\/person\/f0c01e057f07075c1395caa44a77a09c"},"headline":"Jornada sobre Cierre de Ventas en Comer\u00e7moble","datePublished":"2018-09-25T13:53:05+00:00","dateModified":"2021-06-07T07:55:26+00:00","mainEntityOfPage":{"@id":"https:\/\/comercmoble.com\/ca\/jornada-sobre-cierre-de-ventas-en-comercmoble\/"},"wordCount":187,"commentCount":0,"publisher":{"@id":"https:\/\/comercmoble.com\/ca\/#organization"},"image":{"@id":"https:\/\/comercmoble.com\/ca\/jornada-sobre-cierre-de-ventas-en-comercmoble\/#primaryimage"},"thumbnailUrl":"https:\/\/comercmoble.com\/wp-content\/uploads\/2018\/09\/IMG_0695.jpg","articleSection":["Sense categoria"],"inLanguage":"va-VA","potentialAction":[{"@type":"CommentAction","name":"Comment","target":["https:\/\/comercmoble.com\/ca\/jornada-sobre-cierre-de-ventas-en-comercmoble\/#respond"]}]},{"@type":"WebPage","@id":"https:\/\/comercmoble.com\/ca\/jornada-sobre-cierre-de-ventas-en-comercmoble\/","url":"https:\/\/comercmoble.com\/ca\/jornada-sobre-cierre-de-ventas-en-comercmoble\/","name":"Jornada sobre Cierre de Ventas en Comer\u00e7moble - Comer\u00e7 Moble","isPartOf":{"@id":"https:\/\/comercmoble.com\/ca\/#website"},"primaryImageOfPage":{"@id":"https:\/\/comercmoble.com\/ca\/jornada-sobre-cierre-de-ventas-en-comercmoble\/#primaryimage"},"image":{"@id":"https:\/\/comercmoble.com\/ca\/jornada-sobre-cierre-de-ventas-en-comercmoble\/#primaryimage"},"thumbnailUrl":"https:\/\/comercmoble.com\/wp-content\/uploads\/2018\/09\/IMG_0695.jpg","datePublished":"2018-09-25T13:53:05+00:00","dateModified":"2021-06-07T07:55:26+00:00","breadcrumb":{"@id":"https:\/\/comercmoble.com\/ca\/jornada-sobre-cierre-de-ventas-en-comercmoble\/#breadcrumb"},"inLanguage":"va-VA","potentialAction":[{"@type":"ReadAction","target":["https:\/\/comercmoble.com\/ca\/jornada-sobre-cierre-de-ventas-en-comercmoble\/"]}]},{"@type":"ImageObject","inLanguage":"va-VA","@id":"https:\/\/comercmoble.com\/ca\/jornada-sobre-cierre-de-ventas-en-comercmoble\/#primaryimage","url":"https:\/\/comercmoble.com\/wp-content\/uploads\/2018\/09\/IMG_0695.jpg","contentUrl":"https:\/\/comercmoble.com\/wp-content\/uploads\/2018\/09\/IMG_0695.jpg","width":640,"height":480},{"@type":"BreadcrumbList","@id":"https:\/\/comercmoble.com\/ca\/jornada-sobre-cierre-de-ventas-en-comercmoble\/#breadcrumb","itemListElement":[{"@type":"ListItem","position":1,"name":"Inicio","item":"https:\/\/comercmoble.com\/"},{"@type":"ListItem","position":2,"name":"Sense categoria","item":"https:\/\/comercmoble.com\/ca\/category\/sense-categoria\/"},{"@type":"ListItem","position":3,"name":"Jornada sobre Cierre de Ventas en Comer\u00e7moble"}]},{"@type":"WebSite","@id":"https:\/\/comercmoble.com\/ca\/#website","url":"https:\/\/comercmoble.com\/ca\/","name":"Comer\u00e7 Moble","description":"Asociaci\u00f3n de Comercios del Muebles de la Comunidad Valencia","publisher":{"@id":"https:\/\/comercmoble.com\/ca\/#organization"},"potentialAction":[{"@type":"SearchAction","target":{"@type":"EntryPoint","urlTemplate":"https:\/\/comercmoble.com\/ca\/?s={search_term_string}"},"query-input":{"@type":"PropertyValueSpecification","valueRequired":true,"valueName":"search_term_string"}}],"inLanguage":"va-VA"},{"@type":"Organization","@id":"https:\/\/comercmoble.com\/ca\/#organization","name":"ASOCIACI\u00d3N PARA LA DISTRIBUCI\u00d3N Y COMERCIO DEL H\u00c1BITAT DE LA COMUNIDAD VALENCIANA","url":"https:\/\/comercmoble.com\/ca\/","logo":{"@type":"ImageObject","inLanguage":"va-VA","@id":"https:\/\/comercmoble.com\/ca\/#\/schema\/logo\/image\/","url":"https:\/\/comercmoble.com\/wp-content\/uploads\/2018\/11\/logo.png","contentUrl":"https:\/\/comercmoble.com\/wp-content\/uploads\/2018\/11\/logo.png","width":213,"height":67,"caption":"ASOCIACI\u00d3N PARA LA DISTRIBUCI\u00d3N Y COMERCIO DEL H\u00c1BITAT DE LA COMUNIDAD VALENCIANA"},"image":{"@id":"https:\/\/comercmoble.com\/ca\/#\/schema\/logo\/image\/"}},{"@type":"Person","@id":"https:\/\/comercmoble.com\/ca\/#\/schema\/person\/f0c01e057f07075c1395caa44a77a09c","name":"Carolina","image":{"@type":"ImageObject","inLanguage":"va-VA","@id":"https:\/\/secure.gravatar.com\/avatar\/4c9e11ce6b5048d5ebc266c8d4992bae6b8174105290963e2df93b7a062fb7e4?s=96&d=mm&r=g","url":"https:\/\/secure.gravatar.com\/avatar\/4c9e11ce6b5048d5ebc266c8d4992bae6b8174105290963e2df93b7a062fb7e4?s=96&d=mm&r=g","contentUrl":"https:\/\/secure.gravatar.com\/avatar\/4c9e11ce6b5048d5ebc266c8d4992bae6b8174105290963e2df93b7a062fb7e4?s=96&d=mm&r=g","caption":"Carolina"},"url":"https:\/\/comercmoble.com\/ca\/author\/juliacomo\/"}]}},"_links":{"self":[{"href":"https:\/\/comercmoble.com\/ca\/wp-json\/wp\/v2\/posts\/4670","targetHints":{"allow":["GET"]}}],"collection":[{"href":"https:\/\/comercmoble.com\/ca\/wp-json\/wp\/v2\/posts"}],"about":[{"href":"https:\/\/comercmoble.com\/ca\/wp-json\/wp\/v2\/types\/post"}],"author":[{"embeddable":true,"href":"https:\/\/comercmoble.com\/ca\/wp-json\/wp\/v2\/users\/230"}],"replies":[{"embeddable":true,"href":"https:\/\/comercmoble.com\/ca\/wp-json\/wp\/v2\/comments?post=4670"}],"version-history":[{"count":1,"href":"https:\/\/comercmoble.com\/ca\/wp-json\/wp\/v2\/posts\/4670\/revisions"}],"predecessor-version":[{"id":4672,"href":"https:\/\/comercmoble.com\/ca\/wp-json\/wp\/v2\/posts\/4670\/revisions\/4672"}],"wp:featuredmedia":[{"embeddable":true,"href":"https:\/\/comercmoble.com\/ca\/wp-json\/wp\/v2\/media\/3836"}],"wp:attachment":[{"href":"https:\/\/comercmoble.com\/ca\/wp-json\/wp\/v2\/media?parent=4670"}],"wp:term":[{"taxonomy":"category","embeddable":true,"href":"https:\/\/comercmoble.com\/ca\/wp-json\/wp\/v2\/categories?post=4670"},{"taxonomy":"post_tag","embeddable":true,"href":"https:\/\/comercmoble.com\/ca\/wp-json\/wp\/v2\/tags?post=4670"}],"curies":[{"name":"wp","href":"https:\/\/api.w.org\/{rel}","templated":true}]}}