{"id":4667,"date":"2018-10-01T14:15:57","date_gmt":"2018-10-01T14:15:57","guid":{"rendered":"https:\/\/comercmoble.com\/gracias-a-todos"},"modified":"2021-06-07T09:55:17","modified_gmt":"2021-06-07T07:55:17","slug":"gracias-a-todos","status":"publish","type":"post","link":"https:\/\/comercmoble.com\/ca\/gracias-a-todos\/","title":{"rendered":"Grandes momentos en Feria H\u00e1bitat Valencia 2018"},"content":{"rendered":"<div class=\"\" dir=\"auto\">Comer\u00e7moble ha sido este a\u00f1o mas de todos que nunca.<\/div>\n<div class=\"\" dir=\"auto\">Las tiendas de la Comunitat Valenciana han pasado por nuestro stand buscando informaci\u00f3n e interactividad con compa\u00f1eros de otras zonas , conversaciones entre tiendas en donde los asociados han podido comentar asuntos de su inter\u00e9s, interrelacionarse e intercambiar experiencias.<\/div>\n<div class=\"\" dir=\"auto\">\n<p>&nbsp;<\/p>\n<div class=\"\">Queremos dar las gracias a Feria de Valencia, H\u00e1bitat, por la oportunidad que nos ha dado de estar presentes en esta edici\u00f3n. \u00a0Y ya quedamos para el a\u00f1o que viene en donde estaremos presentes apoyando este evento tan importante para todos.<\/div>\n<div class=\"\"><\/div>\n<div class=\"\">Recordamos que asociarse a Comer\u00e7moble es una buena decisi\u00f3n, al poder acceder a informaci\u00f3n relevante para los comercios de muebles y participar de programas de formaci\u00f3n y promoci\u00f3n en muchos casos subvencionados que nos permiten avanzar en competitividad y en solvencia a las empresas.<\/div>\n<\/div>\n","protected":false},"excerpt":{"rendered":"<p>Comer\u00e7moble ha sido este a\u00f1o mas de todos que nunca. Las tiendas de la Comunitat Valenciana han pasado por nuestro stand buscando informaci\u00f3n e interactividad con compa\u00f1eros de otras zonas , conversaciones entre tiendas en donde los asociados han podido comentar asuntos de su inter\u00e9s, interrelacionarse e intercambiar experiencias. &nbsp; Queremos dar las gracias a [&hellip;]<\/p>\n","protected":false},"author":230,"featured_media":3840,"comment_status":"open","ping_status":"open","sticky":false,"template":"","format":"standard","meta":{"_et_pb_use_builder":"","_et_pb_old_content":"","_et_gb_content_width":"","footnotes":""},"categories":[256],"tags":[],"class_list":["post-4667","post","type-post","status-publish","format-standard","has-post-thumbnail","hentry","category-sense-categoria"],"yoast_head":"<!-- This site is optimized with the Yoast SEO plugin v27.4 - https:\/\/yoast.com\/product\/yoast-seo-wordpress\/ -->\n<title>Grandes momentos en Feria H\u00e1bitat Valencia 2018 - Comer\u00e7 Moble<\/title>\n<meta name=\"robots\" content=\"index, follow, max-snippet:-1, max-image-preview:large, max-video-preview:-1\" \/>\n<link rel=\"canonical\" href=\"https:\/\/comercmoble.com\/ca\/gracias-a-todos\/\" \/>\n<meta property=\"og:locale\" content=\"en_US\" \/>\n<meta property=\"og:type\" content=\"article\" \/>\n<meta property=\"og:title\" content=\"Grandes momentos en Feria H\u00e1bitat Valencia 2018 - Comer\u00e7 Moble\" \/>\n<meta property=\"og:description\" content=\"Comer\u00e7moble ha sido este a\u00f1o mas de todos que nunca. Las tiendas de la Comunitat Valenciana han pasado por nuestro stand buscando informaci\u00f3n e interactividad con compa\u00f1eros de otras zonas , conversaciones entre tiendas en donde los asociados han podido comentar asuntos de su inter\u00e9s, interrelacionarse e intercambiar experiencias. &nbsp; Queremos dar las gracias a [&hellip;]\" \/>\n<meta property=\"og:url\" content=\"https:\/\/comercmoble.com\/ca\/gracias-a-todos\/\" \/>\n<meta property=\"og:site_name\" content=\"Comer\u00e7 Moble\" \/>\n<meta property=\"article:published_time\" content=\"2018-10-01T14:15:57+00:00\" \/>\n<meta property=\"article:modified_time\" content=\"2021-06-07T07:55:17+00:00\" \/>\n<meta property=\"og:image\" content=\"https:\/\/comercmoble.com\/wp-content\/uploads\/2018\/10\/COLAGEFERIA.jpg\" \/>\n\t<meta property=\"og:image:width\" content=\"822\" \/>\n\t<meta property=\"og:image:height\" content=\"509\" \/>\n\t<meta property=\"og:image:type\" content=\"image\/jpeg\" \/>\n<meta name=\"author\" content=\"Carolina\" \/>\n<meta name=\"twitter:card\" content=\"summary_large_image\" \/>\n<meta name=\"twitter:label1\" content=\"Written by\" \/>\n\t<meta name=\"twitter:data1\" content=\"Carolina\" \/>\n\t<meta name=\"twitter:label2\" content=\"Est. reading time\" \/>\n\t<meta name=\"twitter:data2\" content=\"1 minute\" \/>\n<script type=\"application\/ld+json\" class=\"yoast-schema-graph\">{\"@context\":\"https:\\\/\\\/schema.org\",\"@graph\":[{\"@type\":\"Article\",\"@id\":\"https:\\\/\\\/comercmoble.com\\\/ca\\\/gracias-a-todos\\\/#article\",\"isPartOf\":{\"@id\":\"https:\\\/\\\/comercmoble.com\\\/ca\\\/gracias-a-todos\\\/\"},\"author\":{\"name\":\"Carolina\",\"@id\":\"https:\\\/\\\/comercmoble.com\\\/ca\\\/#\\\/schema\\\/person\\\/f0c01e057f07075c1395caa44a77a09c\"},\"headline\":\"Grandes momentos en Feria H\u00e1bitat Valencia 2018\",\"datePublished\":\"2018-10-01T14:15:57+00:00\",\"dateModified\":\"2021-06-07T07:55:17+00:00\",\"mainEntityOfPage\":{\"@id\":\"https:\\\/\\\/comercmoble.com\\\/ca\\\/gracias-a-todos\\\/\"},\"wordCount\":154,\"commentCount\":0,\"publisher\":{\"@id\":\"https:\\\/\\\/comercmoble.com\\\/ca\\\/#organization\"},\"image\":{\"@id\":\"https:\\\/\\\/comercmoble.com\\\/ca\\\/gracias-a-todos\\\/#primaryimage\"},\"thumbnailUrl\":\"https:\\\/\\\/comercmoble.com\\\/wp-content\\\/uploads\\\/2018\\\/10\\\/COLAGEFERIA.jpg\",\"articleSection\":[\"Sense categoria\"],\"inLanguage\":\"va-VA\",\"potentialAction\":[{\"@type\":\"CommentAction\",\"name\":\"Comment\",\"target\":[\"https:\\\/\\\/comercmoble.com\\\/ca\\\/gracias-a-todos\\\/#respond\"]}]},{\"@type\":\"WebPage\",\"@id\":\"https:\\\/\\\/comercmoble.com\\\/ca\\\/gracias-a-todos\\\/\",\"url\":\"https:\\\/\\\/comercmoble.com\\\/ca\\\/gracias-a-todos\\\/\",\"name\":\"Grandes momentos en Feria H\u00e1bitat Valencia 2018 - Comer\u00e7 Moble\",\"isPartOf\":{\"@id\":\"https:\\\/\\\/comercmoble.com\\\/ca\\\/#website\"},\"primaryImageOfPage\":{\"@id\":\"https:\\\/\\\/comercmoble.com\\\/ca\\\/gracias-a-todos\\\/#primaryimage\"},\"image\":{\"@id\":\"https:\\\/\\\/comercmoble.com\\\/ca\\\/gracias-a-todos\\\/#primaryimage\"},\"thumbnailUrl\":\"https:\\\/\\\/comercmoble.com\\\/wp-content\\\/uploads\\\/2018\\\/10\\\/COLAGEFERIA.jpg\",\"datePublished\":\"2018-10-01T14:15:57+00:00\",\"dateModified\":\"2021-06-07T07:55:17+00:00\",\"breadcrumb\":{\"@id\":\"https:\\\/\\\/comercmoble.com\\\/ca\\\/gracias-a-todos\\\/#breadcrumb\"},\"inLanguage\":\"va-VA\",\"potentialAction\":[{\"@type\":\"ReadAction\",\"target\":[\"https:\\\/\\\/comercmoble.com\\\/ca\\\/gracias-a-todos\\\/\"]}]},{\"@type\":\"ImageObject\",\"inLanguage\":\"va-VA\",\"@id\":\"https:\\\/\\\/comercmoble.com\\\/ca\\\/gracias-a-todos\\\/#primaryimage\",\"url\":\"https:\\\/\\\/comercmoble.com\\\/wp-content\\\/uploads\\\/2018\\\/10\\\/COLAGEFERIA.jpg\",\"contentUrl\":\"https:\\\/\\\/comercmoble.com\\\/wp-content\\\/uploads\\\/2018\\\/10\\\/COLAGEFERIA.jpg\",\"width\":822,\"height\":509},{\"@type\":\"BreadcrumbList\",\"@id\":\"https:\\\/\\\/comercmoble.com\\\/ca\\\/gracias-a-todos\\\/#breadcrumb\",\"itemListElement\":[{\"@type\":\"ListItem\",\"position\":1,\"name\":\"Inicio\",\"item\":\"https:\\\/\\\/comercmoble.com\\\/\"},{\"@type\":\"ListItem\",\"position\":2,\"name\":\"Sense categoria\",\"item\":\"https:\\\/\\\/comercmoble.com\\\/ca\\\/category\\\/sense-categoria\\\/\"},{\"@type\":\"ListItem\",\"position\":3,\"name\":\"Grandes momentos en Feria H\u00e1bitat Valencia 2018\"}]},{\"@type\":\"WebSite\",\"@id\":\"https:\\\/\\\/comercmoble.com\\\/ca\\\/#website\",\"url\":\"https:\\\/\\\/comercmoble.com\\\/ca\\\/\",\"name\":\"Comer\u00e7 Moble\",\"description\":\"Asociaci\u00f3n de Comercios del Muebles de la Comunidad Valencia\",\"publisher\":{\"@id\":\"https:\\\/\\\/comercmoble.com\\\/ca\\\/#organization\"},\"potentialAction\":[{\"@type\":\"SearchAction\",\"target\":{\"@type\":\"EntryPoint\",\"urlTemplate\":\"https:\\\/\\\/comercmoble.com\\\/ca\\\/?s={search_term_string}\"},\"query-input\":{\"@type\":\"PropertyValueSpecification\",\"valueRequired\":true,\"valueName\":\"search_term_string\"}}],\"inLanguage\":\"va-VA\"},{\"@type\":\"Organization\",\"@id\":\"https:\\\/\\\/comercmoble.com\\\/ca\\\/#organization\",\"name\":\"ASOCIACI\u00d3N PARA LA DISTRIBUCI\u00d3N Y COMERCIO DEL H\u00c1BITAT DE LA COMUNIDAD VALENCIANA\",\"url\":\"https:\\\/\\\/comercmoble.com\\\/ca\\\/\",\"logo\":{\"@type\":\"ImageObject\",\"inLanguage\":\"va-VA\",\"@id\":\"https:\\\/\\\/comercmoble.com\\\/ca\\\/#\\\/schema\\\/logo\\\/image\\\/\",\"url\":\"https:\\\/\\\/comercmoble.com\\\/wp-content\\\/uploads\\\/2018\\\/11\\\/logo.png\",\"contentUrl\":\"https:\\\/\\\/comercmoble.com\\\/wp-content\\\/uploads\\\/2018\\\/11\\\/logo.png\",\"width\":213,\"height\":67,\"caption\":\"ASOCIACI\u00d3N PARA LA DISTRIBUCI\u00d3N Y COMERCIO DEL H\u00c1BITAT DE LA COMUNIDAD VALENCIANA\"},\"image\":{\"@id\":\"https:\\\/\\\/comercmoble.com\\\/ca\\\/#\\\/schema\\\/logo\\\/image\\\/\"}},{\"@type\":\"Person\",\"@id\":\"https:\\\/\\\/comercmoble.com\\\/ca\\\/#\\\/schema\\\/person\\\/f0c01e057f07075c1395caa44a77a09c\",\"name\":\"Carolina\",\"image\":{\"@type\":\"ImageObject\",\"inLanguage\":\"va-VA\",\"@id\":\"https:\\\/\\\/secure.gravatar.com\\\/avatar\\\/4c9e11ce6b5048d5ebc266c8d4992bae6b8174105290963e2df93b7a062fb7e4?s=96&d=mm&r=g\",\"url\":\"https:\\\/\\\/secure.gravatar.com\\\/avatar\\\/4c9e11ce6b5048d5ebc266c8d4992bae6b8174105290963e2df93b7a062fb7e4?s=96&d=mm&r=g\",\"contentUrl\":\"https:\\\/\\\/secure.gravatar.com\\\/avatar\\\/4c9e11ce6b5048d5ebc266c8d4992bae6b8174105290963e2df93b7a062fb7e4?s=96&d=mm&r=g\",\"caption\":\"Carolina\"},\"url\":\"https:\\\/\\\/comercmoble.com\\\/ca\\\/author\\\/juliacomo\\\/\"}]}<\/script>\n<!-- \/ Yoast SEO plugin. -->","yoast_head_json":{"title":"Grandes momentos en Feria H\u00e1bitat Valencia 2018 - Comer\u00e7 Moble","robots":{"index":"index","follow":"follow","max-snippet":"max-snippet:-1","max-image-preview":"max-image-preview:large","max-video-preview":"max-video-preview:-1"},"canonical":"https:\/\/comercmoble.com\/ca\/gracias-a-todos\/","og_locale":"en_US","og_type":"article","og_title":"Grandes momentos en Feria H\u00e1bitat Valencia 2018 - Comer\u00e7 Moble","og_description":"Comer\u00e7moble ha sido este a\u00f1o mas de todos que nunca. Las tiendas de la Comunitat Valenciana han pasado por nuestro stand buscando informaci\u00f3n e interactividad con compa\u00f1eros de otras zonas , conversaciones entre tiendas en donde los asociados han podido comentar asuntos de su inter\u00e9s, interrelacionarse e intercambiar experiencias. &nbsp; Queremos dar las gracias a [&hellip;]","og_url":"https:\/\/comercmoble.com\/ca\/gracias-a-todos\/","og_site_name":"Comer\u00e7 Moble","article_published_time":"2018-10-01T14:15:57+00:00","article_modified_time":"2021-06-07T07:55:17+00:00","og_image":[{"width":822,"height":509,"url":"https:\/\/comercmoble.com\/wp-content\/uploads\/2018\/10\/COLAGEFERIA.jpg","type":"image\/jpeg"}],"author":"Carolina","twitter_card":"summary_large_image","twitter_misc":{"Written by":"Carolina","Est. reading time":"1 minute"},"schema":{"@context":"https:\/\/schema.org","@graph":[{"@type":"Article","@id":"https:\/\/comercmoble.com\/ca\/gracias-a-todos\/#article","isPartOf":{"@id":"https:\/\/comercmoble.com\/ca\/gracias-a-todos\/"},"author":{"name":"Carolina","@id":"https:\/\/comercmoble.com\/ca\/#\/schema\/person\/f0c01e057f07075c1395caa44a77a09c"},"headline":"Grandes momentos en Feria H\u00e1bitat Valencia 2018","datePublished":"2018-10-01T14:15:57+00:00","dateModified":"2021-06-07T07:55:17+00:00","mainEntityOfPage":{"@id":"https:\/\/comercmoble.com\/ca\/gracias-a-todos\/"},"wordCount":154,"commentCount":0,"publisher":{"@id":"https:\/\/comercmoble.com\/ca\/#organization"},"image":{"@id":"https:\/\/comercmoble.com\/ca\/gracias-a-todos\/#primaryimage"},"thumbnailUrl":"https:\/\/comercmoble.com\/wp-content\/uploads\/2018\/10\/COLAGEFERIA.jpg","articleSection":["Sense categoria"],"inLanguage":"va-VA","potentialAction":[{"@type":"CommentAction","name":"Comment","target":["https:\/\/comercmoble.com\/ca\/gracias-a-todos\/#respond"]}]},{"@type":"WebPage","@id":"https:\/\/comercmoble.com\/ca\/gracias-a-todos\/","url":"https:\/\/comercmoble.com\/ca\/gracias-a-todos\/","name":"Grandes momentos en Feria H\u00e1bitat Valencia 2018 - Comer\u00e7 Moble","isPartOf":{"@id":"https:\/\/comercmoble.com\/ca\/#website"},"primaryImageOfPage":{"@id":"https:\/\/comercmoble.com\/ca\/gracias-a-todos\/#primaryimage"},"image":{"@id":"https:\/\/comercmoble.com\/ca\/gracias-a-todos\/#primaryimage"},"thumbnailUrl":"https:\/\/comercmoble.com\/wp-content\/uploads\/2018\/10\/COLAGEFERIA.jpg","datePublished":"2018-10-01T14:15:57+00:00","dateModified":"2021-06-07T07:55:17+00:00","breadcrumb":{"@id":"https:\/\/comercmoble.com\/ca\/gracias-a-todos\/#breadcrumb"},"inLanguage":"va-VA","potentialAction":[{"@type":"ReadAction","target":["https:\/\/comercmoble.com\/ca\/gracias-a-todos\/"]}]},{"@type":"ImageObject","inLanguage":"va-VA","@id":"https:\/\/comercmoble.com\/ca\/gracias-a-todos\/#primaryimage","url":"https:\/\/comercmoble.com\/wp-content\/uploads\/2018\/10\/COLAGEFERIA.jpg","contentUrl":"https:\/\/comercmoble.com\/wp-content\/uploads\/2018\/10\/COLAGEFERIA.jpg","width":822,"height":509},{"@type":"BreadcrumbList","@id":"https:\/\/comercmoble.com\/ca\/gracias-a-todos\/#breadcrumb","itemListElement":[{"@type":"ListItem","position":1,"name":"Inicio","item":"https:\/\/comercmoble.com\/"},{"@type":"ListItem","position":2,"name":"Sense categoria","item":"https:\/\/comercmoble.com\/ca\/category\/sense-categoria\/"},{"@type":"ListItem","position":3,"name":"Grandes momentos en Feria H\u00e1bitat Valencia 2018"}]},{"@type":"WebSite","@id":"https:\/\/comercmoble.com\/ca\/#website","url":"https:\/\/comercmoble.com\/ca\/","name":"Comer\u00e7 Moble","description":"Asociaci\u00f3n de Comercios del Muebles de la Comunidad Valencia","publisher":{"@id":"https:\/\/comercmoble.com\/ca\/#organization"},"potentialAction":[{"@type":"SearchAction","target":{"@type":"EntryPoint","urlTemplate":"https:\/\/comercmoble.com\/ca\/?s={search_term_string}"},"query-input":{"@type":"PropertyValueSpecification","valueRequired":true,"valueName":"search_term_string"}}],"inLanguage":"va-VA"},{"@type":"Organization","@id":"https:\/\/comercmoble.com\/ca\/#organization","name":"ASOCIACI\u00d3N PARA LA DISTRIBUCI\u00d3N Y COMERCIO DEL H\u00c1BITAT DE LA COMUNIDAD VALENCIANA","url":"https:\/\/comercmoble.com\/ca\/","logo":{"@type":"ImageObject","inLanguage":"va-VA","@id":"https:\/\/comercmoble.com\/ca\/#\/schema\/logo\/image\/","url":"https:\/\/comercmoble.com\/wp-content\/uploads\/2018\/11\/logo.png","contentUrl":"https:\/\/comercmoble.com\/wp-content\/uploads\/2018\/11\/logo.png","width":213,"height":67,"caption":"ASOCIACI\u00d3N PARA LA DISTRIBUCI\u00d3N Y COMERCIO DEL H\u00c1BITAT DE LA COMUNIDAD VALENCIANA"},"image":{"@id":"https:\/\/comercmoble.com\/ca\/#\/schema\/logo\/image\/"}},{"@type":"Person","@id":"https:\/\/comercmoble.com\/ca\/#\/schema\/person\/f0c01e057f07075c1395caa44a77a09c","name":"Carolina","image":{"@type":"ImageObject","inLanguage":"va-VA","@id":"https:\/\/secure.gravatar.com\/avatar\/4c9e11ce6b5048d5ebc266c8d4992bae6b8174105290963e2df93b7a062fb7e4?s=96&d=mm&r=g","url":"https:\/\/secure.gravatar.com\/avatar\/4c9e11ce6b5048d5ebc266c8d4992bae6b8174105290963e2df93b7a062fb7e4?s=96&d=mm&r=g","contentUrl":"https:\/\/secure.gravatar.com\/avatar\/4c9e11ce6b5048d5ebc266c8d4992bae6b8174105290963e2df93b7a062fb7e4?s=96&d=mm&r=g","caption":"Carolina"},"url":"https:\/\/comercmoble.com\/ca\/author\/juliacomo\/"}]}},"_links":{"self":[{"href":"https:\/\/comercmoble.com\/ca\/wp-json\/wp\/v2\/posts\/4667","targetHints":{"allow":["GET"]}}],"collection":[{"href":"https:\/\/comercmoble.com\/ca\/wp-json\/wp\/v2\/posts"}],"about":[{"href":"https:\/\/comercmoble.com\/ca\/wp-json\/wp\/v2\/types\/post"}],"author":[{"embeddable":true,"href":"https:\/\/comercmoble.com\/ca\/wp-json\/wp\/v2\/users\/230"}],"replies":[{"embeddable":true,"href":"https:\/\/comercmoble.com\/ca\/wp-json\/wp\/v2\/comments?post=4667"}],"version-history":[{"count":1,"href":"https:\/\/comercmoble.com\/ca\/wp-json\/wp\/v2\/posts\/4667\/revisions"}],"predecessor-version":[{"id":4669,"href":"https:\/\/comercmoble.com\/ca\/wp-json\/wp\/v2\/posts\/4667\/revisions\/4669"}],"wp:featuredmedia":[{"embeddable":true,"href":"https:\/\/comercmoble.com\/ca\/wp-json\/wp\/v2\/media\/3840"}],"wp:attachment":[{"href":"https:\/\/comercmoble.com\/ca\/wp-json\/wp\/v2\/media?parent=4667"}],"wp:term":[{"taxonomy":"category","embeddable":true,"href":"https:\/\/comercmoble.com\/ca\/wp-json\/wp\/v2\/categories?post=4667"},{"taxonomy":"post_tag","embeddable":true,"href":"https:\/\/comercmoble.com\/ca\/wp-json\/wp\/v2\/tags?post=4667"}],"curies":[{"name":"wp","href":"https:\/\/api.w.org\/{rel}","templated":true}]}}