{"id":4664,"date":"2018-10-04T11:47:11","date_gmt":"2018-10-04T11:47:11","guid":{"rendered":"https:\/\/comercmoble.com\/fent-empresa-iguals-en-oportunitats"},"modified":"2021-06-07T09:55:08","modified_gmt":"2021-06-07T07:55:08","slug":"fent-empresa-iguals-en-oportunitats","status":"publish","type":"post","link":"https:\/\/comercmoble.com\/ca\/fent-empresa-iguals-en-oportunitats\/","title":{"rendered":"Fent Empresa. Iguals en Oportunitats."},"content":{"rendered":"<div class=\"\">Comer\u00e7moble ha conseguido el reconocimiento\u00a0 de la Direcci\u00f3n General del Instituto Valenciano de las mujeres por la igualdad de g\u00e9nero, un sello de empresa que participa y apoya el plan de igualdad, haciendo mas visible la pol\u00edtica de tratamiento en condiciones de igualdad de hombres y mujeres en todos los \u00e1mbitos de la sociedad trav\u00e9s del programa del instituto Valenciano de las mujeres y por la igualdad de g\u00e9nero.<\/div>\n<div><\/div>\n<div class=\"\">Debemos apuntar que en nuestro sector, el comercio del mueble, la presencia de la mujer en situaci\u00f3n de pleno derecho, es la norma general. Existen en todos los \u00e1mbitos mujeres desarrollando su trabajo en igualdad de condiciones de empleo y sueldo con los hombres. De hecho hay muchos gerentes de comercios mujer, y es un sector en el que las mujeres ganan terreno d\u00eda \u00a0a d\u00eda.<\/div>\n<div class=\"\">Agradecemos la oportunidad de participar en este plan haciendo mas visible la problematica de g\u00e9nero y apoyando incondicionalmente la igualdad de hombre y mujeres como filosof\u00eda de vida y de trabajo.<\/div>\n","protected":false},"excerpt":{"rendered":"<p>Comer\u00e7moble ha conseguido el reconocimiento\u00a0 de la Direcci\u00f3n General del Instituto Valenciano de las mujeres por la igualdad de g\u00e9nero, un sello de empresa que participa y apoya el plan de igualdad, haciendo mas visible la pol\u00edtica de tratamiento en condiciones de igualdad de hombres y mujeres en todos los \u00e1mbitos de la sociedad trav\u00e9s [&hellip;]<\/p>\n","protected":false},"author":230,"featured_media":3841,"comment_status":"open","ping_status":"open","sticky":false,"template":"","format":"standard","meta":{"_et_pb_use_builder":"","_et_pb_old_content":"","_et_gb_content_width":"","footnotes":""},"categories":[256],"tags":[],"class_list":["post-4664","post","type-post","status-publish","format-standard","has-post-thumbnail","hentry","category-sense-categoria"],"yoast_head":"<!-- This site is optimized with the Yoast SEO plugin v27.4 - https:\/\/yoast.com\/product\/yoast-seo-wordpress\/ -->\n<title>Fent Empresa. Iguals en Oportunitats. - Comer\u00e7 Moble<\/title>\n<meta name=\"robots\" content=\"index, follow, max-snippet:-1, max-image-preview:large, max-video-preview:-1\" \/>\n<link rel=\"canonical\" href=\"https:\/\/comercmoble.com\/ca\/fent-empresa-iguals-en-oportunitats\/\" \/>\n<meta property=\"og:locale\" content=\"en_US\" \/>\n<meta property=\"og:type\" content=\"article\" \/>\n<meta property=\"og:title\" content=\"Fent Empresa. Iguals en Oportunitats. - Comer\u00e7 Moble\" \/>\n<meta property=\"og:description\" content=\"Comer\u00e7moble ha conseguido el reconocimiento\u00a0 de la Direcci\u00f3n General del Instituto Valenciano de las mujeres por la igualdad de g\u00e9nero, un sello de empresa que participa y apoya el plan de igualdad, haciendo mas visible la pol\u00edtica de tratamiento en condiciones de igualdad de hombres y mujeres en todos los \u00e1mbitos de la sociedad trav\u00e9s [&hellip;]\" \/>\n<meta property=\"og:url\" content=\"https:\/\/comercmoble.com\/ca\/fent-empresa-iguals-en-oportunitats\/\" \/>\n<meta property=\"og:site_name\" content=\"Comer\u00e7 Moble\" \/>\n<meta property=\"article:published_time\" content=\"2018-10-04T11:47:11+00:00\" \/>\n<meta property=\"article:modified_time\" content=\"2021-06-07T07:55:08+00:00\" \/>\n<meta property=\"og:image\" content=\"https:\/\/comercmoble.com\/wp-content\/uploads\/2018\/10\/igualdaddegenero.jpg\" \/>\n\t<meta property=\"og:image:width\" content=\"800\" \/>\n\t<meta property=\"og:image:height\" content=\"600\" \/>\n\t<meta property=\"og:image:type\" content=\"image\/jpeg\" \/>\n<meta name=\"author\" content=\"Carolina\" \/>\n<meta name=\"twitter:card\" content=\"summary_large_image\" \/>\n<meta name=\"twitter:label1\" content=\"Written by\" \/>\n\t<meta name=\"twitter:data1\" content=\"Carolina\" \/>\n\t<meta name=\"twitter:label2\" content=\"Est. reading time\" \/>\n\t<meta name=\"twitter:data2\" content=\"1 minute\" \/>\n<script type=\"application\/ld+json\" class=\"yoast-schema-graph\">{\"@context\":\"https:\\\/\\\/schema.org\",\"@graph\":[{\"@type\":\"Article\",\"@id\":\"https:\\\/\\\/comercmoble.com\\\/ca\\\/fent-empresa-iguals-en-oportunitats\\\/#article\",\"isPartOf\":{\"@id\":\"https:\\\/\\\/comercmoble.com\\\/ca\\\/fent-empresa-iguals-en-oportunitats\\\/\"},\"author\":{\"name\":\"Carolina\",\"@id\":\"https:\\\/\\\/comercmoble.com\\\/ca\\\/#\\\/schema\\\/person\\\/f0c01e057f07075c1395caa44a77a09c\"},\"headline\":\"Fent Empresa. Iguals en Oportunitats.\",\"datePublished\":\"2018-10-04T11:47:11+00:00\",\"dateModified\":\"2021-06-07T07:55:08+00:00\",\"mainEntityOfPage\":{\"@id\":\"https:\\\/\\\/comercmoble.com\\\/ca\\\/fent-empresa-iguals-en-oportunitats\\\/\"},\"wordCount\":182,\"commentCount\":0,\"publisher\":{\"@id\":\"https:\\\/\\\/comercmoble.com\\\/ca\\\/#organization\"},\"image\":{\"@id\":\"https:\\\/\\\/comercmoble.com\\\/ca\\\/fent-empresa-iguals-en-oportunitats\\\/#primaryimage\"},\"thumbnailUrl\":\"https:\\\/\\\/comercmoble.com\\\/wp-content\\\/uploads\\\/2018\\\/10\\\/igualdaddegenero.jpg\",\"articleSection\":[\"Sense categoria\"],\"inLanguage\":\"va-VA\",\"potentialAction\":[{\"@type\":\"CommentAction\",\"name\":\"Comment\",\"target\":[\"https:\\\/\\\/comercmoble.com\\\/ca\\\/fent-empresa-iguals-en-oportunitats\\\/#respond\"]}]},{\"@type\":\"WebPage\",\"@id\":\"https:\\\/\\\/comercmoble.com\\\/ca\\\/fent-empresa-iguals-en-oportunitats\\\/\",\"url\":\"https:\\\/\\\/comercmoble.com\\\/ca\\\/fent-empresa-iguals-en-oportunitats\\\/\",\"name\":\"Fent Empresa. Iguals en Oportunitats. - Comer\u00e7 Moble\",\"isPartOf\":{\"@id\":\"https:\\\/\\\/comercmoble.com\\\/ca\\\/#website\"},\"primaryImageOfPage\":{\"@id\":\"https:\\\/\\\/comercmoble.com\\\/ca\\\/fent-empresa-iguals-en-oportunitats\\\/#primaryimage\"},\"image\":{\"@id\":\"https:\\\/\\\/comercmoble.com\\\/ca\\\/fent-empresa-iguals-en-oportunitats\\\/#primaryimage\"},\"thumbnailUrl\":\"https:\\\/\\\/comercmoble.com\\\/wp-content\\\/uploads\\\/2018\\\/10\\\/igualdaddegenero.jpg\",\"datePublished\":\"2018-10-04T11:47:11+00:00\",\"dateModified\":\"2021-06-07T07:55:08+00:00\",\"breadcrumb\":{\"@id\":\"https:\\\/\\\/comercmoble.com\\\/ca\\\/fent-empresa-iguals-en-oportunitats\\\/#breadcrumb\"},\"inLanguage\":\"va-VA\",\"potentialAction\":[{\"@type\":\"ReadAction\",\"target\":[\"https:\\\/\\\/comercmoble.com\\\/ca\\\/fent-empresa-iguals-en-oportunitats\\\/\"]}]},{\"@type\":\"ImageObject\",\"inLanguage\":\"va-VA\",\"@id\":\"https:\\\/\\\/comercmoble.com\\\/ca\\\/fent-empresa-iguals-en-oportunitats\\\/#primaryimage\",\"url\":\"https:\\\/\\\/comercmoble.com\\\/wp-content\\\/uploads\\\/2018\\\/10\\\/igualdaddegenero.jpg\",\"contentUrl\":\"https:\\\/\\\/comercmoble.com\\\/wp-content\\\/uploads\\\/2018\\\/10\\\/igualdaddegenero.jpg\",\"width\":800,\"height\":600},{\"@type\":\"BreadcrumbList\",\"@id\":\"https:\\\/\\\/comercmoble.com\\\/ca\\\/fent-empresa-iguals-en-oportunitats\\\/#breadcrumb\",\"itemListElement\":[{\"@type\":\"ListItem\",\"position\":1,\"name\":\"Inicio\",\"item\":\"https:\\\/\\\/comercmoble.com\\\/\"},{\"@type\":\"ListItem\",\"position\":2,\"name\":\"Sense categoria\",\"item\":\"https:\\\/\\\/comercmoble.com\\\/ca\\\/category\\\/sense-categoria\\\/\"},{\"@type\":\"ListItem\",\"position\":3,\"name\":\"Fent Empresa. Iguals en Oportunitats.\"}]},{\"@type\":\"WebSite\",\"@id\":\"https:\\\/\\\/comercmoble.com\\\/ca\\\/#website\",\"url\":\"https:\\\/\\\/comercmoble.com\\\/ca\\\/\",\"name\":\"Comer\u00e7 Moble\",\"description\":\"Asociaci\u00f3n de Comercios del Muebles de la Comunidad Valencia\",\"publisher\":{\"@id\":\"https:\\\/\\\/comercmoble.com\\\/ca\\\/#organization\"},\"potentialAction\":[{\"@type\":\"SearchAction\",\"target\":{\"@type\":\"EntryPoint\",\"urlTemplate\":\"https:\\\/\\\/comercmoble.com\\\/ca\\\/?s={search_term_string}\"},\"query-input\":{\"@type\":\"PropertyValueSpecification\",\"valueRequired\":true,\"valueName\":\"search_term_string\"}}],\"inLanguage\":\"va-VA\"},{\"@type\":\"Organization\",\"@id\":\"https:\\\/\\\/comercmoble.com\\\/ca\\\/#organization\",\"name\":\"ASOCIACI\u00d3N PARA LA DISTRIBUCI\u00d3N Y COMERCIO DEL H\u00c1BITAT DE LA COMUNIDAD VALENCIANA\",\"url\":\"https:\\\/\\\/comercmoble.com\\\/ca\\\/\",\"logo\":{\"@type\":\"ImageObject\",\"inLanguage\":\"va-VA\",\"@id\":\"https:\\\/\\\/comercmoble.com\\\/ca\\\/#\\\/schema\\\/logo\\\/image\\\/\",\"url\":\"https:\\\/\\\/comercmoble.com\\\/wp-content\\\/uploads\\\/2018\\\/11\\\/logo.png\",\"contentUrl\":\"https:\\\/\\\/comercmoble.com\\\/wp-content\\\/uploads\\\/2018\\\/11\\\/logo.png\",\"width\":213,\"height\":67,\"caption\":\"ASOCIACI\u00d3N PARA LA DISTRIBUCI\u00d3N Y COMERCIO DEL H\u00c1BITAT DE LA COMUNIDAD VALENCIANA\"},\"image\":{\"@id\":\"https:\\\/\\\/comercmoble.com\\\/ca\\\/#\\\/schema\\\/logo\\\/image\\\/\"}},{\"@type\":\"Person\",\"@id\":\"https:\\\/\\\/comercmoble.com\\\/ca\\\/#\\\/schema\\\/person\\\/f0c01e057f07075c1395caa44a77a09c\",\"name\":\"Carolina\",\"image\":{\"@type\":\"ImageObject\",\"inLanguage\":\"va-VA\",\"@id\":\"https:\\\/\\\/secure.gravatar.com\\\/avatar\\\/4c9e11ce6b5048d5ebc266c8d4992bae6b8174105290963e2df93b7a062fb7e4?s=96&d=mm&r=g\",\"url\":\"https:\\\/\\\/secure.gravatar.com\\\/avatar\\\/4c9e11ce6b5048d5ebc266c8d4992bae6b8174105290963e2df93b7a062fb7e4?s=96&d=mm&r=g\",\"contentUrl\":\"https:\\\/\\\/secure.gravatar.com\\\/avatar\\\/4c9e11ce6b5048d5ebc266c8d4992bae6b8174105290963e2df93b7a062fb7e4?s=96&d=mm&r=g\",\"caption\":\"Carolina\"},\"url\":\"https:\\\/\\\/comercmoble.com\\\/ca\\\/author\\\/juliacomo\\\/\"}]}<\/script>\n<!-- \/ Yoast SEO plugin. -->","yoast_head_json":{"title":"Fent Empresa. Iguals en Oportunitats. - Comer\u00e7 Moble","robots":{"index":"index","follow":"follow","max-snippet":"max-snippet:-1","max-image-preview":"max-image-preview:large","max-video-preview":"max-video-preview:-1"},"canonical":"https:\/\/comercmoble.com\/ca\/fent-empresa-iguals-en-oportunitats\/","og_locale":"en_US","og_type":"article","og_title":"Fent Empresa. Iguals en Oportunitats. - Comer\u00e7 Moble","og_description":"Comer\u00e7moble ha conseguido el reconocimiento\u00a0 de la Direcci\u00f3n General del Instituto Valenciano de las mujeres por la igualdad de g\u00e9nero, un sello de empresa que participa y apoya el plan de igualdad, haciendo mas visible la pol\u00edtica de tratamiento en condiciones de igualdad de hombres y mujeres en todos los \u00e1mbitos de la sociedad trav\u00e9s [&hellip;]","og_url":"https:\/\/comercmoble.com\/ca\/fent-empresa-iguals-en-oportunitats\/","og_site_name":"Comer\u00e7 Moble","article_published_time":"2018-10-04T11:47:11+00:00","article_modified_time":"2021-06-07T07:55:08+00:00","og_image":[{"width":800,"height":600,"url":"https:\/\/comercmoble.com\/wp-content\/uploads\/2018\/10\/igualdaddegenero.jpg","type":"image\/jpeg"}],"author":"Carolina","twitter_card":"summary_large_image","twitter_misc":{"Written by":"Carolina","Est. reading time":"1 minute"},"schema":{"@context":"https:\/\/schema.org","@graph":[{"@type":"Article","@id":"https:\/\/comercmoble.com\/ca\/fent-empresa-iguals-en-oportunitats\/#article","isPartOf":{"@id":"https:\/\/comercmoble.com\/ca\/fent-empresa-iguals-en-oportunitats\/"},"author":{"name":"Carolina","@id":"https:\/\/comercmoble.com\/ca\/#\/schema\/person\/f0c01e057f07075c1395caa44a77a09c"},"headline":"Fent Empresa. Iguals en Oportunitats.","datePublished":"2018-10-04T11:47:11+00:00","dateModified":"2021-06-07T07:55:08+00:00","mainEntityOfPage":{"@id":"https:\/\/comercmoble.com\/ca\/fent-empresa-iguals-en-oportunitats\/"},"wordCount":182,"commentCount":0,"publisher":{"@id":"https:\/\/comercmoble.com\/ca\/#organization"},"image":{"@id":"https:\/\/comercmoble.com\/ca\/fent-empresa-iguals-en-oportunitats\/#primaryimage"},"thumbnailUrl":"https:\/\/comercmoble.com\/wp-content\/uploads\/2018\/10\/igualdaddegenero.jpg","articleSection":["Sense categoria"],"inLanguage":"va-VA","potentialAction":[{"@type":"CommentAction","name":"Comment","target":["https:\/\/comercmoble.com\/ca\/fent-empresa-iguals-en-oportunitats\/#respond"]}]},{"@type":"WebPage","@id":"https:\/\/comercmoble.com\/ca\/fent-empresa-iguals-en-oportunitats\/","url":"https:\/\/comercmoble.com\/ca\/fent-empresa-iguals-en-oportunitats\/","name":"Fent Empresa. Iguals en Oportunitats. - Comer\u00e7 Moble","isPartOf":{"@id":"https:\/\/comercmoble.com\/ca\/#website"},"primaryImageOfPage":{"@id":"https:\/\/comercmoble.com\/ca\/fent-empresa-iguals-en-oportunitats\/#primaryimage"},"image":{"@id":"https:\/\/comercmoble.com\/ca\/fent-empresa-iguals-en-oportunitats\/#primaryimage"},"thumbnailUrl":"https:\/\/comercmoble.com\/wp-content\/uploads\/2018\/10\/igualdaddegenero.jpg","datePublished":"2018-10-04T11:47:11+00:00","dateModified":"2021-06-07T07:55:08+00:00","breadcrumb":{"@id":"https:\/\/comercmoble.com\/ca\/fent-empresa-iguals-en-oportunitats\/#breadcrumb"},"inLanguage":"va-VA","potentialAction":[{"@type":"ReadAction","target":["https:\/\/comercmoble.com\/ca\/fent-empresa-iguals-en-oportunitats\/"]}]},{"@type":"ImageObject","inLanguage":"va-VA","@id":"https:\/\/comercmoble.com\/ca\/fent-empresa-iguals-en-oportunitats\/#primaryimage","url":"https:\/\/comercmoble.com\/wp-content\/uploads\/2018\/10\/igualdaddegenero.jpg","contentUrl":"https:\/\/comercmoble.com\/wp-content\/uploads\/2018\/10\/igualdaddegenero.jpg","width":800,"height":600},{"@type":"BreadcrumbList","@id":"https:\/\/comercmoble.com\/ca\/fent-empresa-iguals-en-oportunitats\/#breadcrumb","itemListElement":[{"@type":"ListItem","position":1,"name":"Inicio","item":"https:\/\/comercmoble.com\/"},{"@type":"ListItem","position":2,"name":"Sense categoria","item":"https:\/\/comercmoble.com\/ca\/category\/sense-categoria\/"},{"@type":"ListItem","position":3,"name":"Fent Empresa. Iguals en Oportunitats."}]},{"@type":"WebSite","@id":"https:\/\/comercmoble.com\/ca\/#website","url":"https:\/\/comercmoble.com\/ca\/","name":"Comer\u00e7 Moble","description":"Asociaci\u00f3n de Comercios del Muebles de la Comunidad Valencia","publisher":{"@id":"https:\/\/comercmoble.com\/ca\/#organization"},"potentialAction":[{"@type":"SearchAction","target":{"@type":"EntryPoint","urlTemplate":"https:\/\/comercmoble.com\/ca\/?s={search_term_string}"},"query-input":{"@type":"PropertyValueSpecification","valueRequired":true,"valueName":"search_term_string"}}],"inLanguage":"va-VA"},{"@type":"Organization","@id":"https:\/\/comercmoble.com\/ca\/#organization","name":"ASOCIACI\u00d3N PARA LA DISTRIBUCI\u00d3N Y COMERCIO DEL H\u00c1BITAT DE LA COMUNIDAD VALENCIANA","url":"https:\/\/comercmoble.com\/ca\/","logo":{"@type":"ImageObject","inLanguage":"va-VA","@id":"https:\/\/comercmoble.com\/ca\/#\/schema\/logo\/image\/","url":"https:\/\/comercmoble.com\/wp-content\/uploads\/2018\/11\/logo.png","contentUrl":"https:\/\/comercmoble.com\/wp-content\/uploads\/2018\/11\/logo.png","width":213,"height":67,"caption":"ASOCIACI\u00d3N PARA LA DISTRIBUCI\u00d3N Y COMERCIO DEL H\u00c1BITAT DE LA COMUNIDAD VALENCIANA"},"image":{"@id":"https:\/\/comercmoble.com\/ca\/#\/schema\/logo\/image\/"}},{"@type":"Person","@id":"https:\/\/comercmoble.com\/ca\/#\/schema\/person\/f0c01e057f07075c1395caa44a77a09c","name":"Carolina","image":{"@type":"ImageObject","inLanguage":"va-VA","@id":"https:\/\/secure.gravatar.com\/avatar\/4c9e11ce6b5048d5ebc266c8d4992bae6b8174105290963e2df93b7a062fb7e4?s=96&d=mm&r=g","url":"https:\/\/secure.gravatar.com\/avatar\/4c9e11ce6b5048d5ebc266c8d4992bae6b8174105290963e2df93b7a062fb7e4?s=96&d=mm&r=g","contentUrl":"https:\/\/secure.gravatar.com\/avatar\/4c9e11ce6b5048d5ebc266c8d4992bae6b8174105290963e2df93b7a062fb7e4?s=96&d=mm&r=g","caption":"Carolina"},"url":"https:\/\/comercmoble.com\/ca\/author\/juliacomo\/"}]}},"_links":{"self":[{"href":"https:\/\/comercmoble.com\/ca\/wp-json\/wp\/v2\/posts\/4664","targetHints":{"allow":["GET"]}}],"collection":[{"href":"https:\/\/comercmoble.com\/ca\/wp-json\/wp\/v2\/posts"}],"about":[{"href":"https:\/\/comercmoble.com\/ca\/wp-json\/wp\/v2\/types\/post"}],"author":[{"embeddable":true,"href":"https:\/\/comercmoble.com\/ca\/wp-json\/wp\/v2\/users\/230"}],"replies":[{"embeddable":true,"href":"https:\/\/comercmoble.com\/ca\/wp-json\/wp\/v2\/comments?post=4664"}],"version-history":[{"count":1,"href":"https:\/\/comercmoble.com\/ca\/wp-json\/wp\/v2\/posts\/4664\/revisions"}],"predecessor-version":[{"id":4666,"href":"https:\/\/comercmoble.com\/ca\/wp-json\/wp\/v2\/posts\/4664\/revisions\/4666"}],"wp:featuredmedia":[{"embeddable":true,"href":"https:\/\/comercmoble.com\/ca\/wp-json\/wp\/v2\/media\/3841"}],"wp:attachment":[{"href":"https:\/\/comercmoble.com\/ca\/wp-json\/wp\/v2\/media?parent=4664"}],"wp:term":[{"taxonomy":"category","embeddable":true,"href":"https:\/\/comercmoble.com\/ca\/wp-json\/wp\/v2\/categories?post=4664"},{"taxonomy":"post_tag","embeddable":true,"href":"https:\/\/comercmoble.com\/ca\/wp-json\/wp\/v2\/tags?post=4664"}],"curies":[{"name":"wp","href":"https:\/\/api.w.org\/{rel}","templated":true}]}}