{"id":4661,"date":"2018-10-18T14:44:56","date_gmt":"2018-10-18T14:44:56","guid":{"rendered":"https:\/\/comercmoble.com\/retail-future-25-26-27-oct-2018"},"modified":"2021-06-07T09:54:58","modified_gmt":"2021-06-07T07:54:58","slug":"retail-future-25-26-27-oct-2018","status":"publish","type":"post","link":"https:\/\/comercmoble.com\/ca\/retail-future-25-26-27-oct-2018\/","title":{"rendered":"RETAIL FUTURE 25-26-27 OCT 2018"},"content":{"rendered":"<p>RETAIL FUTURE, \u00a0un encuentro para debatir el futuro del comercio en tiendas.<\/p>\n<div class=\"\">\n<p>\u00bfQu\u00e9 sabemos hoy sobre lo que debemos aplicar para ser competitivos y \u00fatiles en el mercado?<\/p>\n<div class=\"\">Desde Comer\u00e7moble os recomedamos la asistencia porque de una manera conjunta ser\u00e1 mas f\u00e1cil afrontar los nuevos retos que se nos presentan.<\/div>\n<div class=\"\">\n<p>Parte de nuestra junta \u00a0estar\u00e1 presente en el congreso, inform\u00e1ndose detalladamente para luego poder trasladar a nuestros asociados esa informaci\u00f3n orientada hacia nuestros intereses del comercio del mueble y la decoraci\u00f3n.<\/p>\n<div class=\"\">Seguimos pidiendo a las tiendas de la Comunidad Valenciana que todav\u00eda no est\u00e9n asociadas que lo hagan, porque cuantos mas seamos mas podemos influir y orientar las pol\u00edticas de la direcci\u00f3n general de comercio y la conseller\u00eda para que nos ayuden a transformar nuestras tiendas a las nuevas necesidades de comunicaci\u00f3n y realidad social. Es un beneficio para todos que entre todos podemos conseguir.<\/div>\n<\/div>\n<\/div>\n","protected":false},"excerpt":{"rendered":"<p>RETAIL FUTURE, \u00a0un encuentro para debatir el futuro del comercio en tiendas. \u00bfQu\u00e9 sabemos hoy sobre lo que debemos aplicar para ser competitivos y \u00fatiles en el mercado? Desde Comer\u00e7moble os recomedamos la asistencia porque de una manera conjunta ser\u00e1 mas f\u00e1cil afrontar los nuevos retos que se nos presentan. Parte de nuestra junta \u00a0estar\u00e1 [&hellip;]<\/p>\n","protected":false},"author":230,"featured_media":3848,"comment_status":"open","ping_status":"open","sticky":false,"template":"","format":"standard","meta":{"_et_pb_use_builder":"","_et_pb_old_content":"","_et_gb_content_width":"","footnotes":""},"categories":[256],"tags":[],"class_list":["post-4661","post","type-post","status-publish","format-standard","has-post-thumbnail","hentry","category-sense-categoria"],"yoast_head":"<!-- This site is optimized with the Yoast SEO plugin v27.4 - https:\/\/yoast.com\/product\/yoast-seo-wordpress\/ -->\n<title>RETAIL FUTURE 25-26-27 OCT 2018 - Comer\u00e7 Moble<\/title>\n<meta name=\"robots\" content=\"index, follow, max-snippet:-1, max-image-preview:large, max-video-preview:-1\" \/>\n<link rel=\"canonical\" href=\"https:\/\/comercmoble.com\/ca\/retail-future-25-26-27-oct-2018\/\" \/>\n<meta property=\"og:locale\" content=\"en_US\" \/>\n<meta property=\"og:type\" content=\"article\" \/>\n<meta property=\"og:title\" content=\"RETAIL FUTURE 25-26-27 OCT 2018 - Comer\u00e7 Moble\" \/>\n<meta property=\"og:description\" content=\"RETAIL FUTURE, \u00a0un encuentro para debatir el futuro del comercio en tiendas. \u00bfQu\u00e9 sabemos hoy sobre lo que debemos aplicar para ser competitivos y \u00fatiles en el mercado? Desde Comer\u00e7moble os recomedamos la asistencia porque de una manera conjunta ser\u00e1 mas f\u00e1cil afrontar los nuevos retos que se nos presentan. Parte de nuestra junta \u00a0estar\u00e1 [&hellip;]\" \/>\n<meta property=\"og:url\" content=\"https:\/\/comercmoble.com\/ca\/retail-future-25-26-27-oct-2018\/\" \/>\n<meta property=\"og:site_name\" content=\"Comer\u00e7 Moble\" \/>\n<meta property=\"article:published_time\" content=\"2018-10-18T14:44:56+00:00\" \/>\n<meta property=\"article:modified_time\" content=\"2021-06-07T07:54:58+00:00\" \/>\n<meta property=\"og:image\" content=\"https:\/\/comercmoble.com\/wp-content\/uploads\/2018\/10\/image002.jpg\" \/>\n\t<meta property=\"og:image:width\" content=\"711\" \/>\n\t<meta property=\"og:image:height\" content=\"372\" \/>\n\t<meta property=\"og:image:type\" content=\"image\/jpeg\" \/>\n<meta name=\"author\" content=\"Carolina\" \/>\n<meta name=\"twitter:card\" content=\"summary_large_image\" \/>\n<meta name=\"twitter:label1\" content=\"Written by\" \/>\n\t<meta name=\"twitter:data1\" content=\"Carolina\" \/>\n\t<meta name=\"twitter:label2\" content=\"Est. reading time\" \/>\n\t<meta name=\"twitter:data2\" content=\"1 minute\" \/>\n<script type=\"application\/ld+json\" class=\"yoast-schema-graph\">{\"@context\":\"https:\\\/\\\/schema.org\",\"@graph\":[{\"@type\":\"Article\",\"@id\":\"https:\\\/\\\/comercmoble.com\\\/ca\\\/retail-future-25-26-27-oct-2018\\\/#article\",\"isPartOf\":{\"@id\":\"https:\\\/\\\/comercmoble.com\\\/ca\\\/retail-future-25-26-27-oct-2018\\\/\"},\"author\":{\"name\":\"Carolina\",\"@id\":\"https:\\\/\\\/comercmoble.com\\\/ca\\\/#\\\/schema\\\/person\\\/f0c01e057f07075c1395caa44a77a09c\"},\"headline\":\"RETAIL FUTURE 25-26-27 OCT 2018\",\"datePublished\":\"2018-10-18T14:44:56+00:00\",\"dateModified\":\"2021-06-07T07:54:58+00:00\",\"mainEntityOfPage\":{\"@id\":\"https:\\\/\\\/comercmoble.com\\\/ca\\\/retail-future-25-26-27-oct-2018\\\/\"},\"wordCount\":161,\"commentCount\":0,\"publisher\":{\"@id\":\"https:\\\/\\\/comercmoble.com\\\/ca\\\/#organization\"},\"image\":{\"@id\":\"https:\\\/\\\/comercmoble.com\\\/ca\\\/retail-future-25-26-27-oct-2018\\\/#primaryimage\"},\"thumbnailUrl\":\"https:\\\/\\\/comercmoble.com\\\/wp-content\\\/uploads\\\/2018\\\/10\\\/image002.jpg\",\"articleSection\":[\"Sense categoria\"],\"inLanguage\":\"va-VA\",\"potentialAction\":[{\"@type\":\"CommentAction\",\"name\":\"Comment\",\"target\":[\"https:\\\/\\\/comercmoble.com\\\/ca\\\/retail-future-25-26-27-oct-2018\\\/#respond\"]}]},{\"@type\":\"WebPage\",\"@id\":\"https:\\\/\\\/comercmoble.com\\\/ca\\\/retail-future-25-26-27-oct-2018\\\/\",\"url\":\"https:\\\/\\\/comercmoble.com\\\/ca\\\/retail-future-25-26-27-oct-2018\\\/\",\"name\":\"RETAIL FUTURE 25-26-27 OCT 2018 - Comer\u00e7 Moble\",\"isPartOf\":{\"@id\":\"https:\\\/\\\/comercmoble.com\\\/ca\\\/#website\"},\"primaryImageOfPage\":{\"@id\":\"https:\\\/\\\/comercmoble.com\\\/ca\\\/retail-future-25-26-27-oct-2018\\\/#primaryimage\"},\"image\":{\"@id\":\"https:\\\/\\\/comercmoble.com\\\/ca\\\/retail-future-25-26-27-oct-2018\\\/#primaryimage\"},\"thumbnailUrl\":\"https:\\\/\\\/comercmoble.com\\\/wp-content\\\/uploads\\\/2018\\\/10\\\/image002.jpg\",\"datePublished\":\"2018-10-18T14:44:56+00:00\",\"dateModified\":\"2021-06-07T07:54:58+00:00\",\"breadcrumb\":{\"@id\":\"https:\\\/\\\/comercmoble.com\\\/ca\\\/retail-future-25-26-27-oct-2018\\\/#breadcrumb\"},\"inLanguage\":\"va-VA\",\"potentialAction\":[{\"@type\":\"ReadAction\",\"target\":[\"https:\\\/\\\/comercmoble.com\\\/ca\\\/retail-future-25-26-27-oct-2018\\\/\"]}]},{\"@type\":\"ImageObject\",\"inLanguage\":\"va-VA\",\"@id\":\"https:\\\/\\\/comercmoble.com\\\/ca\\\/retail-future-25-26-27-oct-2018\\\/#primaryimage\",\"url\":\"https:\\\/\\\/comercmoble.com\\\/wp-content\\\/uploads\\\/2018\\\/10\\\/image002.jpg\",\"contentUrl\":\"https:\\\/\\\/comercmoble.com\\\/wp-content\\\/uploads\\\/2018\\\/10\\\/image002.jpg\",\"width\":711,\"height\":372},{\"@type\":\"BreadcrumbList\",\"@id\":\"https:\\\/\\\/comercmoble.com\\\/ca\\\/retail-future-25-26-27-oct-2018\\\/#breadcrumb\",\"itemListElement\":[{\"@type\":\"ListItem\",\"position\":1,\"name\":\"Inicio\",\"item\":\"https:\\\/\\\/comercmoble.com\\\/\"},{\"@type\":\"ListItem\",\"position\":2,\"name\":\"Sense categoria\",\"item\":\"https:\\\/\\\/comercmoble.com\\\/ca\\\/category\\\/sense-categoria\\\/\"},{\"@type\":\"ListItem\",\"position\":3,\"name\":\"RETAIL FUTURE 25-26-27 OCT 2018\"}]},{\"@type\":\"WebSite\",\"@id\":\"https:\\\/\\\/comercmoble.com\\\/ca\\\/#website\",\"url\":\"https:\\\/\\\/comercmoble.com\\\/ca\\\/\",\"name\":\"Comer\u00e7 Moble\",\"description\":\"Asociaci\u00f3n de Comercios del Muebles de la Comunidad Valencia\",\"publisher\":{\"@id\":\"https:\\\/\\\/comercmoble.com\\\/ca\\\/#organization\"},\"potentialAction\":[{\"@type\":\"SearchAction\",\"target\":{\"@type\":\"EntryPoint\",\"urlTemplate\":\"https:\\\/\\\/comercmoble.com\\\/ca\\\/?s={search_term_string}\"},\"query-input\":{\"@type\":\"PropertyValueSpecification\",\"valueRequired\":true,\"valueName\":\"search_term_string\"}}],\"inLanguage\":\"va-VA\"},{\"@type\":\"Organization\",\"@id\":\"https:\\\/\\\/comercmoble.com\\\/ca\\\/#organization\",\"name\":\"ASOCIACI\u00d3N PARA LA DISTRIBUCI\u00d3N Y COMERCIO DEL H\u00c1BITAT DE LA COMUNIDAD VALENCIANA\",\"url\":\"https:\\\/\\\/comercmoble.com\\\/ca\\\/\",\"logo\":{\"@type\":\"ImageObject\",\"inLanguage\":\"va-VA\",\"@id\":\"https:\\\/\\\/comercmoble.com\\\/ca\\\/#\\\/schema\\\/logo\\\/image\\\/\",\"url\":\"https:\\\/\\\/comercmoble.com\\\/wp-content\\\/uploads\\\/2018\\\/11\\\/logo.png\",\"contentUrl\":\"https:\\\/\\\/comercmoble.com\\\/wp-content\\\/uploads\\\/2018\\\/11\\\/logo.png\",\"width\":213,\"height\":67,\"caption\":\"ASOCIACI\u00d3N PARA LA DISTRIBUCI\u00d3N Y COMERCIO DEL H\u00c1BITAT DE LA COMUNIDAD VALENCIANA\"},\"image\":{\"@id\":\"https:\\\/\\\/comercmoble.com\\\/ca\\\/#\\\/schema\\\/logo\\\/image\\\/\"}},{\"@type\":\"Person\",\"@id\":\"https:\\\/\\\/comercmoble.com\\\/ca\\\/#\\\/schema\\\/person\\\/f0c01e057f07075c1395caa44a77a09c\",\"name\":\"Carolina\",\"image\":{\"@type\":\"ImageObject\",\"inLanguage\":\"va-VA\",\"@id\":\"https:\\\/\\\/secure.gravatar.com\\\/avatar\\\/4c9e11ce6b5048d5ebc266c8d4992bae6b8174105290963e2df93b7a062fb7e4?s=96&d=mm&r=g\",\"url\":\"https:\\\/\\\/secure.gravatar.com\\\/avatar\\\/4c9e11ce6b5048d5ebc266c8d4992bae6b8174105290963e2df93b7a062fb7e4?s=96&d=mm&r=g\",\"contentUrl\":\"https:\\\/\\\/secure.gravatar.com\\\/avatar\\\/4c9e11ce6b5048d5ebc266c8d4992bae6b8174105290963e2df93b7a062fb7e4?s=96&d=mm&r=g\",\"caption\":\"Carolina\"},\"url\":\"https:\\\/\\\/comercmoble.com\\\/ca\\\/author\\\/juliacomo\\\/\"}]}<\/script>\n<!-- \/ Yoast SEO plugin. -->","yoast_head_json":{"title":"RETAIL FUTURE 25-26-27 OCT 2018 - Comer\u00e7 Moble","robots":{"index":"index","follow":"follow","max-snippet":"max-snippet:-1","max-image-preview":"max-image-preview:large","max-video-preview":"max-video-preview:-1"},"canonical":"https:\/\/comercmoble.com\/ca\/retail-future-25-26-27-oct-2018\/","og_locale":"en_US","og_type":"article","og_title":"RETAIL FUTURE 25-26-27 OCT 2018 - Comer\u00e7 Moble","og_description":"RETAIL FUTURE, \u00a0un encuentro para debatir el futuro del comercio en tiendas. \u00bfQu\u00e9 sabemos hoy sobre lo que debemos aplicar para ser competitivos y \u00fatiles en el mercado? Desde Comer\u00e7moble os recomedamos la asistencia porque de una manera conjunta ser\u00e1 mas f\u00e1cil afrontar los nuevos retos que se nos presentan. Parte de nuestra junta \u00a0estar\u00e1 [&hellip;]","og_url":"https:\/\/comercmoble.com\/ca\/retail-future-25-26-27-oct-2018\/","og_site_name":"Comer\u00e7 Moble","article_published_time":"2018-10-18T14:44:56+00:00","article_modified_time":"2021-06-07T07:54:58+00:00","og_image":[{"width":711,"height":372,"url":"https:\/\/comercmoble.com\/wp-content\/uploads\/2018\/10\/image002.jpg","type":"image\/jpeg"}],"author":"Carolina","twitter_card":"summary_large_image","twitter_misc":{"Written by":"Carolina","Est. reading time":"1 minute"},"schema":{"@context":"https:\/\/schema.org","@graph":[{"@type":"Article","@id":"https:\/\/comercmoble.com\/ca\/retail-future-25-26-27-oct-2018\/#article","isPartOf":{"@id":"https:\/\/comercmoble.com\/ca\/retail-future-25-26-27-oct-2018\/"},"author":{"name":"Carolina","@id":"https:\/\/comercmoble.com\/ca\/#\/schema\/person\/f0c01e057f07075c1395caa44a77a09c"},"headline":"RETAIL FUTURE 25-26-27 OCT 2018","datePublished":"2018-10-18T14:44:56+00:00","dateModified":"2021-06-07T07:54:58+00:00","mainEntityOfPage":{"@id":"https:\/\/comercmoble.com\/ca\/retail-future-25-26-27-oct-2018\/"},"wordCount":161,"commentCount":0,"publisher":{"@id":"https:\/\/comercmoble.com\/ca\/#organization"},"image":{"@id":"https:\/\/comercmoble.com\/ca\/retail-future-25-26-27-oct-2018\/#primaryimage"},"thumbnailUrl":"https:\/\/comercmoble.com\/wp-content\/uploads\/2018\/10\/image002.jpg","articleSection":["Sense categoria"],"inLanguage":"va-VA","potentialAction":[{"@type":"CommentAction","name":"Comment","target":["https:\/\/comercmoble.com\/ca\/retail-future-25-26-27-oct-2018\/#respond"]}]},{"@type":"WebPage","@id":"https:\/\/comercmoble.com\/ca\/retail-future-25-26-27-oct-2018\/","url":"https:\/\/comercmoble.com\/ca\/retail-future-25-26-27-oct-2018\/","name":"RETAIL FUTURE 25-26-27 OCT 2018 - Comer\u00e7 Moble","isPartOf":{"@id":"https:\/\/comercmoble.com\/ca\/#website"},"primaryImageOfPage":{"@id":"https:\/\/comercmoble.com\/ca\/retail-future-25-26-27-oct-2018\/#primaryimage"},"image":{"@id":"https:\/\/comercmoble.com\/ca\/retail-future-25-26-27-oct-2018\/#primaryimage"},"thumbnailUrl":"https:\/\/comercmoble.com\/wp-content\/uploads\/2018\/10\/image002.jpg","datePublished":"2018-10-18T14:44:56+00:00","dateModified":"2021-06-07T07:54:58+00:00","breadcrumb":{"@id":"https:\/\/comercmoble.com\/ca\/retail-future-25-26-27-oct-2018\/#breadcrumb"},"inLanguage":"va-VA","potentialAction":[{"@type":"ReadAction","target":["https:\/\/comercmoble.com\/ca\/retail-future-25-26-27-oct-2018\/"]}]},{"@type":"ImageObject","inLanguage":"va-VA","@id":"https:\/\/comercmoble.com\/ca\/retail-future-25-26-27-oct-2018\/#primaryimage","url":"https:\/\/comercmoble.com\/wp-content\/uploads\/2018\/10\/image002.jpg","contentUrl":"https:\/\/comercmoble.com\/wp-content\/uploads\/2018\/10\/image002.jpg","width":711,"height":372},{"@type":"BreadcrumbList","@id":"https:\/\/comercmoble.com\/ca\/retail-future-25-26-27-oct-2018\/#breadcrumb","itemListElement":[{"@type":"ListItem","position":1,"name":"Inicio","item":"https:\/\/comercmoble.com\/"},{"@type":"ListItem","position":2,"name":"Sense categoria","item":"https:\/\/comercmoble.com\/ca\/category\/sense-categoria\/"},{"@type":"ListItem","position":3,"name":"RETAIL FUTURE 25-26-27 OCT 2018"}]},{"@type":"WebSite","@id":"https:\/\/comercmoble.com\/ca\/#website","url":"https:\/\/comercmoble.com\/ca\/","name":"Comer\u00e7 Moble","description":"Asociaci\u00f3n de Comercios del Muebles de la Comunidad Valencia","publisher":{"@id":"https:\/\/comercmoble.com\/ca\/#organization"},"potentialAction":[{"@type":"SearchAction","target":{"@type":"EntryPoint","urlTemplate":"https:\/\/comercmoble.com\/ca\/?s={search_term_string}"},"query-input":{"@type":"PropertyValueSpecification","valueRequired":true,"valueName":"search_term_string"}}],"inLanguage":"va-VA"},{"@type":"Organization","@id":"https:\/\/comercmoble.com\/ca\/#organization","name":"ASOCIACI\u00d3N PARA LA DISTRIBUCI\u00d3N Y COMERCIO DEL H\u00c1BITAT DE LA COMUNIDAD VALENCIANA","url":"https:\/\/comercmoble.com\/ca\/","logo":{"@type":"ImageObject","inLanguage":"va-VA","@id":"https:\/\/comercmoble.com\/ca\/#\/schema\/logo\/image\/","url":"https:\/\/comercmoble.com\/wp-content\/uploads\/2018\/11\/logo.png","contentUrl":"https:\/\/comercmoble.com\/wp-content\/uploads\/2018\/11\/logo.png","width":213,"height":67,"caption":"ASOCIACI\u00d3N PARA LA DISTRIBUCI\u00d3N Y COMERCIO DEL H\u00c1BITAT DE LA COMUNIDAD VALENCIANA"},"image":{"@id":"https:\/\/comercmoble.com\/ca\/#\/schema\/logo\/image\/"}},{"@type":"Person","@id":"https:\/\/comercmoble.com\/ca\/#\/schema\/person\/f0c01e057f07075c1395caa44a77a09c","name":"Carolina","image":{"@type":"ImageObject","inLanguage":"va-VA","@id":"https:\/\/secure.gravatar.com\/avatar\/4c9e11ce6b5048d5ebc266c8d4992bae6b8174105290963e2df93b7a062fb7e4?s=96&d=mm&r=g","url":"https:\/\/secure.gravatar.com\/avatar\/4c9e11ce6b5048d5ebc266c8d4992bae6b8174105290963e2df93b7a062fb7e4?s=96&d=mm&r=g","contentUrl":"https:\/\/secure.gravatar.com\/avatar\/4c9e11ce6b5048d5ebc266c8d4992bae6b8174105290963e2df93b7a062fb7e4?s=96&d=mm&r=g","caption":"Carolina"},"url":"https:\/\/comercmoble.com\/ca\/author\/juliacomo\/"}]}},"_links":{"self":[{"href":"https:\/\/comercmoble.com\/ca\/wp-json\/wp\/v2\/posts\/4661","targetHints":{"allow":["GET"]}}],"collection":[{"href":"https:\/\/comercmoble.com\/ca\/wp-json\/wp\/v2\/posts"}],"about":[{"href":"https:\/\/comercmoble.com\/ca\/wp-json\/wp\/v2\/types\/post"}],"author":[{"embeddable":true,"href":"https:\/\/comercmoble.com\/ca\/wp-json\/wp\/v2\/users\/230"}],"replies":[{"embeddable":true,"href":"https:\/\/comercmoble.com\/ca\/wp-json\/wp\/v2\/comments?post=4661"}],"version-history":[{"count":1,"href":"https:\/\/comercmoble.com\/ca\/wp-json\/wp\/v2\/posts\/4661\/revisions"}],"predecessor-version":[{"id":4663,"href":"https:\/\/comercmoble.com\/ca\/wp-json\/wp\/v2\/posts\/4661\/revisions\/4663"}],"wp:featuredmedia":[{"embeddable":true,"href":"https:\/\/comercmoble.com\/ca\/wp-json\/wp\/v2\/media\/3848"}],"wp:attachment":[{"href":"https:\/\/comercmoble.com\/ca\/wp-json\/wp\/v2\/media?parent=4661"}],"wp:term":[{"taxonomy":"category","embeddable":true,"href":"https:\/\/comercmoble.com\/ca\/wp-json\/wp\/v2\/categories?post=4661"},{"taxonomy":"post_tag","embeddable":true,"href":"https:\/\/comercmoble.com\/ca\/wp-json\/wp\/v2\/tags?post=4661"}],"curies":[{"name":"wp","href":"https:\/\/api.w.org\/{rel}","templated":true}]}}