{"id":4657,"date":"2018-11-07T16:33:28","date_gmt":"2018-11-07T16:33:28","guid":{"rendered":"https:\/\/comercmoble.com\/gran-exito-en-nuestro-taller-quieres-tener-mas-clientes"},"modified":"2021-06-07T09:54:20","modified_gmt":"2021-06-07T07:54:20","slug":"gran-exito-en-nuestro-taller-quieres-tener-mas-clientes","status":"publish","type":"post","link":"https:\/\/comercmoble.com\/ca\/gran-exito-en-nuestro-taller-quieres-tener-mas-clientes\/","title":{"rendered":"Gran \u00e9xito en nuestro taller \u00bfQuieres tener m\u00e1s clientes?"},"content":{"rendered":"<p>Comer\u00e7moble organiz\u00f3 ayer con notable \u00e9xito el taller <strong>\u00bfQuieres tener m\u00e1s clientes?. Marketing Digital 3.0 especial tiendas de muebles.<\/strong> La ponente Mar\u00eda Jos\u00e9 Machado, propuso acciones especificas para <strong>localizar al cliente dentro del mudo del Retail mueble.<\/strong> Sus explicaciones sencillas claras y directas sirvieron para que los asistentes reflexionaran sobre las acciones a poner en marcha en sus empresas y la necesidad de afrontar el reto Online cuanto antes mejor.<\/p>\n<p>En Comer\u00e7moble os recordamos que tenemos dentro de nuestro plan estrat\u00e9gico, convenios firmados para facilitaros la actualizaci\u00f3n de vuestras p\u00e1ginas web, realizaci\u00f3n de acciones promocionales en redes sociales, y la puesta en marcha de tiendas Online.<\/p>\n<p>Tambi\u00e9n os recordamos que estamos a vuestra disposici\u00f3n para apoyaros e informaros de ayudas publicas en este campo para vuestras empresas.<\/p>\n","protected":false},"excerpt":{"rendered":"<p>Comer\u00e7moble organiz\u00f3 ayer con notable \u00e9xito el taller \u00bfQuieres tener m\u00e1s clientes?. Marketing Digital 3.0 especial tiendas de muebles. La ponente Mar\u00eda Jos\u00e9 Machado, propuso acciones especificas para localizar al cliente dentro del mudo del Retail mueble. Sus explicaciones sencillas claras y directas sirvieron para que los asistentes reflexionaran sobre las acciones a poner en [&hellip;]<\/p>\n","protected":false},"author":230,"featured_media":3858,"comment_status":"open","ping_status":"open","sticky":false,"template":"","format":"standard","meta":{"_et_pb_use_builder":"","_et_pb_old_content":"","_et_gb_content_width":"","footnotes":""},"categories":[256],"tags":[],"class_list":["post-4657","post","type-post","status-publish","format-standard","has-post-thumbnail","hentry","category-sense-categoria"],"yoast_head":"<!-- This site is optimized with the Yoast SEO plugin v27.4 - https:\/\/yoast.com\/product\/yoast-seo-wordpress\/ -->\n<title>Gran \u00e9xito en nuestro taller \u00bfQuieres tener m\u00e1s clientes? - Comer\u00e7 Moble<\/title>\n<meta name=\"robots\" content=\"index, follow, max-snippet:-1, max-image-preview:large, max-video-preview:-1\" \/>\n<link rel=\"canonical\" href=\"https:\/\/comercmoble.com\/ca\/gran-exito-en-nuestro-taller-quieres-tener-mas-clientes\/\" \/>\n<meta property=\"og:locale\" content=\"en_US\" \/>\n<meta property=\"og:type\" content=\"article\" \/>\n<meta property=\"og:title\" content=\"Gran \u00e9xito en nuestro taller \u00bfQuieres tener m\u00e1s clientes? - Comer\u00e7 Moble\" \/>\n<meta property=\"og:description\" content=\"Comer\u00e7moble organiz\u00f3 ayer con notable \u00e9xito el taller \u00bfQuieres tener m\u00e1s clientes?. Marketing Digital 3.0 especial tiendas de muebles. La ponente Mar\u00eda Jos\u00e9 Machado, propuso acciones especificas para localizar al cliente dentro del mudo del Retail mueble. Sus explicaciones sencillas claras y directas sirvieron para que los asistentes reflexionaran sobre las acciones a poner en [&hellip;]\" \/>\n<meta property=\"og:url\" content=\"https:\/\/comercmoble.com\/ca\/gran-exito-en-nuestro-taller-quieres-tener-mas-clientes\/\" \/>\n<meta property=\"og:site_name\" content=\"Comer\u00e7 Moble\" \/>\n<meta property=\"article:published_time\" content=\"2018-11-07T16:33:28+00:00\" \/>\n<meta property=\"article:modified_time\" content=\"2021-06-07T07:54:20+00:00\" \/>\n<meta property=\"og:image\" content=\"https:\/\/comercmoble.com\/wp-content\/uploads\/2018\/11\/taller-marketing-tiendas-de-muebles.jpg\" \/>\n\t<meta property=\"og:image:width\" content=\"800\" \/>\n\t<meta property=\"og:image:height\" content=\"600\" \/>\n\t<meta property=\"og:image:type\" content=\"image\/jpeg\" \/>\n<meta name=\"author\" content=\"Carolina\" \/>\n<meta name=\"twitter:card\" content=\"summary_large_image\" \/>\n<meta name=\"twitter:label1\" content=\"Written by\" \/>\n\t<meta name=\"twitter:data1\" content=\"Carolina\" \/>\n\t<meta name=\"twitter:label2\" content=\"Est. reading time\" \/>\n\t<meta name=\"twitter:data2\" content=\"1 minute\" \/>\n<script type=\"application\/ld+json\" class=\"yoast-schema-graph\">{\"@context\":\"https:\\\/\\\/schema.org\",\"@graph\":[{\"@type\":\"Article\",\"@id\":\"https:\\\/\\\/comercmoble.com\\\/ca\\\/gran-exito-en-nuestro-taller-quieres-tener-mas-clientes\\\/#article\",\"isPartOf\":{\"@id\":\"https:\\\/\\\/comercmoble.com\\\/ca\\\/gran-exito-en-nuestro-taller-quieres-tener-mas-clientes\\\/\"},\"author\":{\"name\":\"Carolina\",\"@id\":\"https:\\\/\\\/comercmoble.com\\\/ca\\\/#\\\/schema\\\/person\\\/f0c01e057f07075c1395caa44a77a09c\"},\"headline\":\"Gran \u00e9xito en nuestro taller \u00bfQuieres tener m\u00e1s clientes?\",\"datePublished\":\"2018-11-07T16:33:28+00:00\",\"dateModified\":\"2021-06-07T07:54:20+00:00\",\"mainEntityOfPage\":{\"@id\":\"https:\\\/\\\/comercmoble.com\\\/ca\\\/gran-exito-en-nuestro-taller-quieres-tener-mas-clientes\\\/\"},\"wordCount\":146,\"commentCount\":0,\"publisher\":{\"@id\":\"https:\\\/\\\/comercmoble.com\\\/ca\\\/#organization\"},\"image\":{\"@id\":\"https:\\\/\\\/comercmoble.com\\\/ca\\\/gran-exito-en-nuestro-taller-quieres-tener-mas-clientes\\\/#primaryimage\"},\"thumbnailUrl\":\"https:\\\/\\\/comercmoble.com\\\/wp-content\\\/uploads\\\/2018\\\/11\\\/taller-marketing-tiendas-de-muebles.jpg\",\"articleSection\":[\"Sense categoria\"],\"inLanguage\":\"va-VA\",\"potentialAction\":[{\"@type\":\"CommentAction\",\"name\":\"Comment\",\"target\":[\"https:\\\/\\\/comercmoble.com\\\/ca\\\/gran-exito-en-nuestro-taller-quieres-tener-mas-clientes\\\/#respond\"]}]},{\"@type\":\"WebPage\",\"@id\":\"https:\\\/\\\/comercmoble.com\\\/ca\\\/gran-exito-en-nuestro-taller-quieres-tener-mas-clientes\\\/\",\"url\":\"https:\\\/\\\/comercmoble.com\\\/ca\\\/gran-exito-en-nuestro-taller-quieres-tener-mas-clientes\\\/\",\"name\":\"Gran \u00e9xito en nuestro taller \u00bfQuieres tener m\u00e1s clientes? - Comer\u00e7 Moble\",\"isPartOf\":{\"@id\":\"https:\\\/\\\/comercmoble.com\\\/ca\\\/#website\"},\"primaryImageOfPage\":{\"@id\":\"https:\\\/\\\/comercmoble.com\\\/ca\\\/gran-exito-en-nuestro-taller-quieres-tener-mas-clientes\\\/#primaryimage\"},\"image\":{\"@id\":\"https:\\\/\\\/comercmoble.com\\\/ca\\\/gran-exito-en-nuestro-taller-quieres-tener-mas-clientes\\\/#primaryimage\"},\"thumbnailUrl\":\"https:\\\/\\\/comercmoble.com\\\/wp-content\\\/uploads\\\/2018\\\/11\\\/taller-marketing-tiendas-de-muebles.jpg\",\"datePublished\":\"2018-11-07T16:33:28+00:00\",\"dateModified\":\"2021-06-07T07:54:20+00:00\",\"breadcrumb\":{\"@id\":\"https:\\\/\\\/comercmoble.com\\\/ca\\\/gran-exito-en-nuestro-taller-quieres-tener-mas-clientes\\\/#breadcrumb\"},\"inLanguage\":\"va-VA\",\"potentialAction\":[{\"@type\":\"ReadAction\",\"target\":[\"https:\\\/\\\/comercmoble.com\\\/ca\\\/gran-exito-en-nuestro-taller-quieres-tener-mas-clientes\\\/\"]}]},{\"@type\":\"ImageObject\",\"inLanguage\":\"va-VA\",\"@id\":\"https:\\\/\\\/comercmoble.com\\\/ca\\\/gran-exito-en-nuestro-taller-quieres-tener-mas-clientes\\\/#primaryimage\",\"url\":\"https:\\\/\\\/comercmoble.com\\\/wp-content\\\/uploads\\\/2018\\\/11\\\/taller-marketing-tiendas-de-muebles.jpg\",\"contentUrl\":\"https:\\\/\\\/comercmoble.com\\\/wp-content\\\/uploads\\\/2018\\\/11\\\/taller-marketing-tiendas-de-muebles.jpg\",\"width\":800,\"height\":600},{\"@type\":\"BreadcrumbList\",\"@id\":\"https:\\\/\\\/comercmoble.com\\\/ca\\\/gran-exito-en-nuestro-taller-quieres-tener-mas-clientes\\\/#breadcrumb\",\"itemListElement\":[{\"@type\":\"ListItem\",\"position\":1,\"name\":\"Inicio\",\"item\":\"https:\\\/\\\/comercmoble.com\\\/\"},{\"@type\":\"ListItem\",\"position\":2,\"name\":\"Sense categoria\",\"item\":\"https:\\\/\\\/comercmoble.com\\\/ca\\\/category\\\/sense-categoria\\\/\"},{\"@type\":\"ListItem\",\"position\":3,\"name\":\"Gran \u00e9xito en nuestro taller \u00bfQuieres tener m\u00e1s clientes?\"}]},{\"@type\":\"WebSite\",\"@id\":\"https:\\\/\\\/comercmoble.com\\\/ca\\\/#website\",\"url\":\"https:\\\/\\\/comercmoble.com\\\/ca\\\/\",\"name\":\"Comer\u00e7 Moble\",\"description\":\"Asociaci\u00f3n de Comercios del Muebles de la Comunidad Valencia\",\"publisher\":{\"@id\":\"https:\\\/\\\/comercmoble.com\\\/ca\\\/#organization\"},\"potentialAction\":[{\"@type\":\"SearchAction\",\"target\":{\"@type\":\"EntryPoint\",\"urlTemplate\":\"https:\\\/\\\/comercmoble.com\\\/ca\\\/?s={search_term_string}\"},\"query-input\":{\"@type\":\"PropertyValueSpecification\",\"valueRequired\":true,\"valueName\":\"search_term_string\"}}],\"inLanguage\":\"va-VA\"},{\"@type\":\"Organization\",\"@id\":\"https:\\\/\\\/comercmoble.com\\\/ca\\\/#organization\",\"name\":\"ASOCIACI\u00d3N PARA LA DISTRIBUCI\u00d3N Y COMERCIO DEL H\u00c1BITAT DE LA COMUNIDAD VALENCIANA\",\"url\":\"https:\\\/\\\/comercmoble.com\\\/ca\\\/\",\"logo\":{\"@type\":\"ImageObject\",\"inLanguage\":\"va-VA\",\"@id\":\"https:\\\/\\\/comercmoble.com\\\/ca\\\/#\\\/schema\\\/logo\\\/image\\\/\",\"url\":\"https:\\\/\\\/comercmoble.com\\\/wp-content\\\/uploads\\\/2018\\\/11\\\/logo.png\",\"contentUrl\":\"https:\\\/\\\/comercmoble.com\\\/wp-content\\\/uploads\\\/2018\\\/11\\\/logo.png\",\"width\":213,\"height\":67,\"caption\":\"ASOCIACI\u00d3N PARA LA DISTRIBUCI\u00d3N Y COMERCIO DEL H\u00c1BITAT DE LA COMUNIDAD VALENCIANA\"},\"image\":{\"@id\":\"https:\\\/\\\/comercmoble.com\\\/ca\\\/#\\\/schema\\\/logo\\\/image\\\/\"}},{\"@type\":\"Person\",\"@id\":\"https:\\\/\\\/comercmoble.com\\\/ca\\\/#\\\/schema\\\/person\\\/f0c01e057f07075c1395caa44a77a09c\",\"name\":\"Carolina\",\"image\":{\"@type\":\"ImageObject\",\"inLanguage\":\"va-VA\",\"@id\":\"https:\\\/\\\/secure.gravatar.com\\\/avatar\\\/4c9e11ce6b5048d5ebc266c8d4992bae6b8174105290963e2df93b7a062fb7e4?s=96&d=mm&r=g\",\"url\":\"https:\\\/\\\/secure.gravatar.com\\\/avatar\\\/4c9e11ce6b5048d5ebc266c8d4992bae6b8174105290963e2df93b7a062fb7e4?s=96&d=mm&r=g\",\"contentUrl\":\"https:\\\/\\\/secure.gravatar.com\\\/avatar\\\/4c9e11ce6b5048d5ebc266c8d4992bae6b8174105290963e2df93b7a062fb7e4?s=96&d=mm&r=g\",\"caption\":\"Carolina\"},\"url\":\"https:\\\/\\\/comercmoble.com\\\/ca\\\/author\\\/juliacomo\\\/\"}]}<\/script>\n<!-- \/ Yoast SEO plugin. -->","yoast_head_json":{"title":"Gran \u00e9xito en nuestro taller \u00bfQuieres tener m\u00e1s clientes? - Comer\u00e7 Moble","robots":{"index":"index","follow":"follow","max-snippet":"max-snippet:-1","max-image-preview":"max-image-preview:large","max-video-preview":"max-video-preview:-1"},"canonical":"https:\/\/comercmoble.com\/ca\/gran-exito-en-nuestro-taller-quieres-tener-mas-clientes\/","og_locale":"en_US","og_type":"article","og_title":"Gran \u00e9xito en nuestro taller \u00bfQuieres tener m\u00e1s clientes? - Comer\u00e7 Moble","og_description":"Comer\u00e7moble organiz\u00f3 ayer con notable \u00e9xito el taller \u00bfQuieres tener m\u00e1s clientes?. Marketing Digital 3.0 especial tiendas de muebles. La ponente Mar\u00eda Jos\u00e9 Machado, propuso acciones especificas para localizar al cliente dentro del mudo del Retail mueble. Sus explicaciones sencillas claras y directas sirvieron para que los asistentes reflexionaran sobre las acciones a poner en [&hellip;]","og_url":"https:\/\/comercmoble.com\/ca\/gran-exito-en-nuestro-taller-quieres-tener-mas-clientes\/","og_site_name":"Comer\u00e7 Moble","article_published_time":"2018-11-07T16:33:28+00:00","article_modified_time":"2021-06-07T07:54:20+00:00","og_image":[{"width":800,"height":600,"url":"https:\/\/comercmoble.com\/wp-content\/uploads\/2018\/11\/taller-marketing-tiendas-de-muebles.jpg","type":"image\/jpeg"}],"author":"Carolina","twitter_card":"summary_large_image","twitter_misc":{"Written by":"Carolina","Est. reading time":"1 minute"},"schema":{"@context":"https:\/\/schema.org","@graph":[{"@type":"Article","@id":"https:\/\/comercmoble.com\/ca\/gran-exito-en-nuestro-taller-quieres-tener-mas-clientes\/#article","isPartOf":{"@id":"https:\/\/comercmoble.com\/ca\/gran-exito-en-nuestro-taller-quieres-tener-mas-clientes\/"},"author":{"name":"Carolina","@id":"https:\/\/comercmoble.com\/ca\/#\/schema\/person\/f0c01e057f07075c1395caa44a77a09c"},"headline":"Gran \u00e9xito en nuestro taller \u00bfQuieres tener m\u00e1s clientes?","datePublished":"2018-11-07T16:33:28+00:00","dateModified":"2021-06-07T07:54:20+00:00","mainEntityOfPage":{"@id":"https:\/\/comercmoble.com\/ca\/gran-exito-en-nuestro-taller-quieres-tener-mas-clientes\/"},"wordCount":146,"commentCount":0,"publisher":{"@id":"https:\/\/comercmoble.com\/ca\/#organization"},"image":{"@id":"https:\/\/comercmoble.com\/ca\/gran-exito-en-nuestro-taller-quieres-tener-mas-clientes\/#primaryimage"},"thumbnailUrl":"https:\/\/comercmoble.com\/wp-content\/uploads\/2018\/11\/taller-marketing-tiendas-de-muebles.jpg","articleSection":["Sense categoria"],"inLanguage":"va-VA","potentialAction":[{"@type":"CommentAction","name":"Comment","target":["https:\/\/comercmoble.com\/ca\/gran-exito-en-nuestro-taller-quieres-tener-mas-clientes\/#respond"]}]},{"@type":"WebPage","@id":"https:\/\/comercmoble.com\/ca\/gran-exito-en-nuestro-taller-quieres-tener-mas-clientes\/","url":"https:\/\/comercmoble.com\/ca\/gran-exito-en-nuestro-taller-quieres-tener-mas-clientes\/","name":"Gran \u00e9xito en nuestro taller \u00bfQuieres tener m\u00e1s clientes? - Comer\u00e7 Moble","isPartOf":{"@id":"https:\/\/comercmoble.com\/ca\/#website"},"primaryImageOfPage":{"@id":"https:\/\/comercmoble.com\/ca\/gran-exito-en-nuestro-taller-quieres-tener-mas-clientes\/#primaryimage"},"image":{"@id":"https:\/\/comercmoble.com\/ca\/gran-exito-en-nuestro-taller-quieres-tener-mas-clientes\/#primaryimage"},"thumbnailUrl":"https:\/\/comercmoble.com\/wp-content\/uploads\/2018\/11\/taller-marketing-tiendas-de-muebles.jpg","datePublished":"2018-11-07T16:33:28+00:00","dateModified":"2021-06-07T07:54:20+00:00","breadcrumb":{"@id":"https:\/\/comercmoble.com\/ca\/gran-exito-en-nuestro-taller-quieres-tener-mas-clientes\/#breadcrumb"},"inLanguage":"va-VA","potentialAction":[{"@type":"ReadAction","target":["https:\/\/comercmoble.com\/ca\/gran-exito-en-nuestro-taller-quieres-tener-mas-clientes\/"]}]},{"@type":"ImageObject","inLanguage":"va-VA","@id":"https:\/\/comercmoble.com\/ca\/gran-exito-en-nuestro-taller-quieres-tener-mas-clientes\/#primaryimage","url":"https:\/\/comercmoble.com\/wp-content\/uploads\/2018\/11\/taller-marketing-tiendas-de-muebles.jpg","contentUrl":"https:\/\/comercmoble.com\/wp-content\/uploads\/2018\/11\/taller-marketing-tiendas-de-muebles.jpg","width":800,"height":600},{"@type":"BreadcrumbList","@id":"https:\/\/comercmoble.com\/ca\/gran-exito-en-nuestro-taller-quieres-tener-mas-clientes\/#breadcrumb","itemListElement":[{"@type":"ListItem","position":1,"name":"Inicio","item":"https:\/\/comercmoble.com\/"},{"@type":"ListItem","position":2,"name":"Sense categoria","item":"https:\/\/comercmoble.com\/ca\/category\/sense-categoria\/"},{"@type":"ListItem","position":3,"name":"Gran \u00e9xito en nuestro taller \u00bfQuieres tener m\u00e1s clientes?"}]},{"@type":"WebSite","@id":"https:\/\/comercmoble.com\/ca\/#website","url":"https:\/\/comercmoble.com\/ca\/","name":"Comer\u00e7 Moble","description":"Asociaci\u00f3n de Comercios del Muebles de la Comunidad Valencia","publisher":{"@id":"https:\/\/comercmoble.com\/ca\/#organization"},"potentialAction":[{"@type":"SearchAction","target":{"@type":"EntryPoint","urlTemplate":"https:\/\/comercmoble.com\/ca\/?s={search_term_string}"},"query-input":{"@type":"PropertyValueSpecification","valueRequired":true,"valueName":"search_term_string"}}],"inLanguage":"va-VA"},{"@type":"Organization","@id":"https:\/\/comercmoble.com\/ca\/#organization","name":"ASOCIACI\u00d3N PARA LA DISTRIBUCI\u00d3N Y COMERCIO DEL H\u00c1BITAT DE LA COMUNIDAD VALENCIANA","url":"https:\/\/comercmoble.com\/ca\/","logo":{"@type":"ImageObject","inLanguage":"va-VA","@id":"https:\/\/comercmoble.com\/ca\/#\/schema\/logo\/image\/","url":"https:\/\/comercmoble.com\/wp-content\/uploads\/2018\/11\/logo.png","contentUrl":"https:\/\/comercmoble.com\/wp-content\/uploads\/2018\/11\/logo.png","width":213,"height":67,"caption":"ASOCIACI\u00d3N PARA LA DISTRIBUCI\u00d3N Y COMERCIO DEL H\u00c1BITAT DE LA COMUNIDAD VALENCIANA"},"image":{"@id":"https:\/\/comercmoble.com\/ca\/#\/schema\/logo\/image\/"}},{"@type":"Person","@id":"https:\/\/comercmoble.com\/ca\/#\/schema\/person\/f0c01e057f07075c1395caa44a77a09c","name":"Carolina","image":{"@type":"ImageObject","inLanguage":"va-VA","@id":"https:\/\/secure.gravatar.com\/avatar\/4c9e11ce6b5048d5ebc266c8d4992bae6b8174105290963e2df93b7a062fb7e4?s=96&d=mm&r=g","url":"https:\/\/secure.gravatar.com\/avatar\/4c9e11ce6b5048d5ebc266c8d4992bae6b8174105290963e2df93b7a062fb7e4?s=96&d=mm&r=g","contentUrl":"https:\/\/secure.gravatar.com\/avatar\/4c9e11ce6b5048d5ebc266c8d4992bae6b8174105290963e2df93b7a062fb7e4?s=96&d=mm&r=g","caption":"Carolina"},"url":"https:\/\/comercmoble.com\/ca\/author\/juliacomo\/"}]}},"_links":{"self":[{"href":"https:\/\/comercmoble.com\/ca\/wp-json\/wp\/v2\/posts\/4657","targetHints":{"allow":["GET"]}}],"collection":[{"href":"https:\/\/comercmoble.com\/ca\/wp-json\/wp\/v2\/posts"}],"about":[{"href":"https:\/\/comercmoble.com\/ca\/wp-json\/wp\/v2\/types\/post"}],"author":[{"embeddable":true,"href":"https:\/\/comercmoble.com\/ca\/wp-json\/wp\/v2\/users\/230"}],"replies":[{"embeddable":true,"href":"https:\/\/comercmoble.com\/ca\/wp-json\/wp\/v2\/comments?post=4657"}],"version-history":[{"count":1,"href":"https:\/\/comercmoble.com\/ca\/wp-json\/wp\/v2\/posts\/4657\/revisions"}],"predecessor-version":[{"id":4659,"href":"https:\/\/comercmoble.com\/ca\/wp-json\/wp\/v2\/posts\/4657\/revisions\/4659"}],"wp:featuredmedia":[{"embeddable":true,"href":"https:\/\/comercmoble.com\/ca\/wp-json\/wp\/v2\/media\/3858"}],"wp:attachment":[{"href":"https:\/\/comercmoble.com\/ca\/wp-json\/wp\/v2\/media?parent=4657"}],"wp:term":[{"taxonomy":"category","embeddable":true,"href":"https:\/\/comercmoble.com\/ca\/wp-json\/wp\/v2\/categories?post=4657"},{"taxonomy":"post_tag","embeddable":true,"href":"https:\/\/comercmoble.com\/ca\/wp-json\/wp\/v2\/tags?post=4657"}],"curies":[{"name":"wp","href":"https:\/\/api.w.org\/{rel}","templated":true}]}}