{"id":4648,"date":"2018-11-29T11:49:41","date_gmt":"2018-11-29T11:49:41","guid":{"rendered":"https:\/\/comercmoble.com\/por-primera-vez-mas-100-tiendas-de-muebles-de-la-comunidad-valenciana-hacen-una-campana-conjunta-de-promocion"},"modified":"2021-06-07T09:53:56","modified_gmt":"2021-06-07T07:53:56","slug":"por-primera-vez-mas-100-tiendas-de-muebles-de-la-comunidad-valenciana-hacen-una-campana-conjunta-de-promocion","status":"publish","type":"post","link":"https:\/\/comercmoble.com\/ca\/por-primera-vez-mas-100-tiendas-de-muebles-de-la-comunidad-valenciana-hacen-una-campana-conjunta-de-promocion\/","title":{"rendered":"POR PRIMERA VEZ MAS 100 TIENDAS DE MUEBLES DE LA COMUNITAT VALENCIANA, HACEN UNA CAMPA\u00d1A CONJUNTA DE PROMOCI\u00d3N"},"content":{"rendered":"<p>Estamos orgullosos de haber conseguido que por primera vez los <strong>comercios unidos de muebles de la Comunitat Valenciana<\/strong> simultaneen una campa\u00f1a, demostrando que el sector est\u00e1 mas vivo que nunca, que desde el se quiere beneficiar al consumidor, ofreciendo muebles de calidad, muebles de verdad a unos precios excepcionales.<br \/>\nDamos las gracias a la direcci\u00f3n general de comercio y a la C\u00e1mara de Comercio por su apoyo en esta iniciativa ,que sin duda se repetir\u00e1 a lo largo del a\u00f1o, en donde los consumidores a trav\u00e9s de su compra apoyar\u00e1n a este sector, con su decisi\u00f3n de cercan\u00eda y de <strong>muebles fabricados dentro de la Comunitat Valenciana.<\/strong><\/p>\n","protected":false},"excerpt":{"rendered":"<p>Estamos orgullosos de haber conseguido que por primera vez los <strong>comercios unidos de muebles de la Comunitat Valenciana<\/strong> simultaneen una campa\u00f1a, demostrando que el sector est\u00e1 mas vivo que nunca, que desde el se quiere beneficiar al co&#8230;<\/p>\n","protected":false},"author":230,"featured_media":3881,"comment_status":"closed","ping_status":"closed","sticky":false,"template":"","format":"standard","meta":{"_et_pb_use_builder":"","_et_pb_old_content":"","_et_gb_content_width":"","footnotes":""},"categories":[256],"tags":[],"class_list":["post-4648","post","type-post","status-publish","format-standard","has-post-thumbnail","hentry","category-sense-categoria"],"yoast_head":"<!-- This site is optimized with the Yoast SEO plugin v27.4 - https:\/\/yoast.com\/product\/yoast-seo-wordpress\/ -->\n<title>POR PRIMERA VEZ MAS 100 TIENDAS DE MUEBLES DE LA COMUNITAT VALENCIANA, HACEN UNA CAMPA\u00d1A CONJUNTA DE PROMOCI\u00d3N - Comer\u00e7 Moble<\/title>\n<meta name=\"robots\" content=\"index, follow, max-snippet:-1, max-image-preview:large, max-video-preview:-1\" \/>\n<link rel=\"canonical\" href=\"https:\/\/comercmoble.com\/ca\/por-primera-vez-mas-100-tiendas-de-muebles-de-la-comunidad-valenciana-hacen-una-campana-conjunta-de-promocion\/\" \/>\n<meta property=\"og:locale\" content=\"en_US\" \/>\n<meta property=\"og:type\" content=\"article\" \/>\n<meta property=\"og:title\" content=\"POR PRIMERA VEZ MAS 100 TIENDAS DE MUEBLES DE LA COMUNITAT VALENCIANA, HACEN UNA CAMPA\u00d1A CONJUNTA DE PROMOCI\u00d3N - Comer\u00e7 Moble\" \/>\n<meta property=\"og:description\" content=\"Estamos orgullosos de haber conseguido que por primera vez los comercios unidos de muebles de la Comunitat Valenciana simultaneen una campa\u00f1a, demostrando que el sector est\u00e1 mas vivo que nunca, que desde el se quiere beneficiar al co...\" \/>\n<meta property=\"og:url\" content=\"https:\/\/comercmoble.com\/ca\/por-primera-vez-mas-100-tiendas-de-muebles-de-la-comunidad-valenciana-hacen-una-campana-conjunta-de-promocion\/\" \/>\n<meta property=\"og:site_name\" content=\"Comer\u00e7 Moble\" \/>\n<meta property=\"article:published_time\" content=\"2018-11-29T11:49:41+00:00\" \/>\n<meta property=\"article:modified_time\" content=\"2021-06-07T07:53:56+00:00\" \/>\n<meta property=\"og:image\" content=\"https:\/\/comercmoble.com\/wp-content\/uploads\/2018\/11\/fototiendaspremium.jpg\" \/>\n\t<meta property=\"og:image:width\" content=\"800\" \/>\n\t<meta property=\"og:image:height\" content=\"600\" \/>\n\t<meta property=\"og:image:type\" content=\"image\/jpeg\" \/>\n<meta name=\"author\" content=\"Carolina\" \/>\n<meta name=\"twitter:card\" content=\"summary_large_image\" \/>\n<meta name=\"twitter:label1\" content=\"Written by\" \/>\n\t<meta name=\"twitter:data1\" content=\"Carolina\" \/>\n\t<meta name=\"twitter:label2\" content=\"Est. reading time\" \/>\n\t<meta name=\"twitter:data2\" content=\"1 minute\" \/>\n<script type=\"application\/ld+json\" class=\"yoast-schema-graph\">{\"@context\":\"https:\\\/\\\/schema.org\",\"@graph\":[{\"@type\":\"Article\",\"@id\":\"https:\\\/\\\/comercmoble.com\\\/ca\\\/por-primera-vez-mas-100-tiendas-de-muebles-de-la-comunidad-valenciana-hacen-una-campana-conjunta-de-promocion\\\/#article\",\"isPartOf\":{\"@id\":\"https:\\\/\\\/comercmoble.com\\\/ca\\\/por-primera-vez-mas-100-tiendas-de-muebles-de-la-comunidad-valenciana-hacen-una-campana-conjunta-de-promocion\\\/\"},\"author\":{\"name\":\"Carolina\",\"@id\":\"https:\\\/\\\/comercmoble.com\\\/ca\\\/#\\\/schema\\\/person\\\/f0c01e057f07075c1395caa44a77a09c\"},\"headline\":\"POR PRIMERA VEZ MAS 100 TIENDAS DE MUEBLES DE LA COMUNITAT VALENCIANA, HACEN UNA CAMPA\u00d1A CONJUNTA DE PROMOCI\u00d3N\",\"datePublished\":\"2018-11-29T11:49:41+00:00\",\"dateModified\":\"2021-06-07T07:53:56+00:00\",\"mainEntityOfPage\":{\"@id\":\"https:\\\/\\\/comercmoble.com\\\/ca\\\/por-primera-vez-mas-100-tiendas-de-muebles-de-la-comunidad-valenciana-hacen-una-campana-conjunta-de-promocion\\\/\"},\"wordCount\":134,\"publisher\":{\"@id\":\"https:\\\/\\\/comercmoble.com\\\/ca\\\/#organization\"},\"image\":{\"@id\":\"https:\\\/\\\/comercmoble.com\\\/ca\\\/por-primera-vez-mas-100-tiendas-de-muebles-de-la-comunidad-valenciana-hacen-una-campana-conjunta-de-promocion\\\/#primaryimage\"},\"thumbnailUrl\":\"https:\\\/\\\/comercmoble.com\\\/wp-content\\\/uploads\\\/2018\\\/11\\\/fototiendaspremium.jpg\",\"articleSection\":[\"Sense categoria\"],\"inLanguage\":\"va-VA\"},{\"@type\":\"WebPage\",\"@id\":\"https:\\\/\\\/comercmoble.com\\\/ca\\\/por-primera-vez-mas-100-tiendas-de-muebles-de-la-comunidad-valenciana-hacen-una-campana-conjunta-de-promocion\\\/\",\"url\":\"https:\\\/\\\/comercmoble.com\\\/ca\\\/por-primera-vez-mas-100-tiendas-de-muebles-de-la-comunidad-valenciana-hacen-una-campana-conjunta-de-promocion\\\/\",\"name\":\"POR PRIMERA VEZ MAS 100 TIENDAS DE MUEBLES DE LA COMUNITAT VALENCIANA, HACEN UNA CAMPA\u00d1A CONJUNTA DE PROMOCI\u00d3N - Comer\u00e7 Moble\",\"isPartOf\":{\"@id\":\"https:\\\/\\\/comercmoble.com\\\/ca\\\/#website\"},\"primaryImageOfPage\":{\"@id\":\"https:\\\/\\\/comercmoble.com\\\/ca\\\/por-primera-vez-mas-100-tiendas-de-muebles-de-la-comunidad-valenciana-hacen-una-campana-conjunta-de-promocion\\\/#primaryimage\"},\"image\":{\"@id\":\"https:\\\/\\\/comercmoble.com\\\/ca\\\/por-primera-vez-mas-100-tiendas-de-muebles-de-la-comunidad-valenciana-hacen-una-campana-conjunta-de-promocion\\\/#primaryimage\"},\"thumbnailUrl\":\"https:\\\/\\\/comercmoble.com\\\/wp-content\\\/uploads\\\/2018\\\/11\\\/fototiendaspremium.jpg\",\"datePublished\":\"2018-11-29T11:49:41+00:00\",\"dateModified\":\"2021-06-07T07:53:56+00:00\",\"breadcrumb\":{\"@id\":\"https:\\\/\\\/comercmoble.com\\\/ca\\\/por-primera-vez-mas-100-tiendas-de-muebles-de-la-comunidad-valenciana-hacen-una-campana-conjunta-de-promocion\\\/#breadcrumb\"},\"inLanguage\":\"va-VA\",\"potentialAction\":[{\"@type\":\"ReadAction\",\"target\":[\"https:\\\/\\\/comercmoble.com\\\/ca\\\/por-primera-vez-mas-100-tiendas-de-muebles-de-la-comunidad-valenciana-hacen-una-campana-conjunta-de-promocion\\\/\"]}]},{\"@type\":\"ImageObject\",\"inLanguage\":\"va-VA\",\"@id\":\"https:\\\/\\\/comercmoble.com\\\/ca\\\/por-primera-vez-mas-100-tiendas-de-muebles-de-la-comunidad-valenciana-hacen-una-campana-conjunta-de-promocion\\\/#primaryimage\",\"url\":\"https:\\\/\\\/comercmoble.com\\\/wp-content\\\/uploads\\\/2018\\\/11\\\/fototiendaspremium.jpg\",\"contentUrl\":\"https:\\\/\\\/comercmoble.com\\\/wp-content\\\/uploads\\\/2018\\\/11\\\/fototiendaspremium.jpg\",\"width\":800,\"height\":600},{\"@type\":\"BreadcrumbList\",\"@id\":\"https:\\\/\\\/comercmoble.com\\\/ca\\\/por-primera-vez-mas-100-tiendas-de-muebles-de-la-comunidad-valenciana-hacen-una-campana-conjunta-de-promocion\\\/#breadcrumb\",\"itemListElement\":[{\"@type\":\"ListItem\",\"position\":1,\"name\":\"Inicio\",\"item\":\"https:\\\/\\\/comercmoble.com\\\/\"},{\"@type\":\"ListItem\",\"position\":2,\"name\":\"Sense categoria\",\"item\":\"https:\\\/\\\/comercmoble.com\\\/ca\\\/category\\\/sense-categoria\\\/\"},{\"@type\":\"ListItem\",\"position\":3,\"name\":\"POR PRIMERA VEZ MAS 100 TIENDAS DE MUEBLES DE LA COMUNITAT VALENCIANA, HACEN UNA CAMPA\u00d1A CONJUNTA DE PROMOCI\u00d3N\"}]},{\"@type\":\"WebSite\",\"@id\":\"https:\\\/\\\/comercmoble.com\\\/ca\\\/#website\",\"url\":\"https:\\\/\\\/comercmoble.com\\\/ca\\\/\",\"name\":\"Comer\u00e7 Moble\",\"description\":\"Asociaci\u00f3n de Comercios del Muebles de la Comunidad Valencia\",\"publisher\":{\"@id\":\"https:\\\/\\\/comercmoble.com\\\/ca\\\/#organization\"},\"potentialAction\":[{\"@type\":\"SearchAction\",\"target\":{\"@type\":\"EntryPoint\",\"urlTemplate\":\"https:\\\/\\\/comercmoble.com\\\/ca\\\/?s={search_term_string}\"},\"query-input\":{\"@type\":\"PropertyValueSpecification\",\"valueRequired\":true,\"valueName\":\"search_term_string\"}}],\"inLanguage\":\"va-VA\"},{\"@type\":\"Organization\",\"@id\":\"https:\\\/\\\/comercmoble.com\\\/ca\\\/#organization\",\"name\":\"ASOCIACI\u00d3N PARA LA DISTRIBUCI\u00d3N Y COMERCIO DEL H\u00c1BITAT DE LA COMUNIDAD VALENCIANA\",\"url\":\"https:\\\/\\\/comercmoble.com\\\/ca\\\/\",\"logo\":{\"@type\":\"ImageObject\",\"inLanguage\":\"va-VA\",\"@id\":\"https:\\\/\\\/comercmoble.com\\\/ca\\\/#\\\/schema\\\/logo\\\/image\\\/\",\"url\":\"https:\\\/\\\/comercmoble.com\\\/wp-content\\\/uploads\\\/2018\\\/11\\\/logo.png\",\"contentUrl\":\"https:\\\/\\\/comercmoble.com\\\/wp-content\\\/uploads\\\/2018\\\/11\\\/logo.png\",\"width\":213,\"height\":67,\"caption\":\"ASOCIACI\u00d3N PARA LA DISTRIBUCI\u00d3N Y COMERCIO DEL H\u00c1BITAT DE LA COMUNIDAD VALENCIANA\"},\"image\":{\"@id\":\"https:\\\/\\\/comercmoble.com\\\/ca\\\/#\\\/schema\\\/logo\\\/image\\\/\"}},{\"@type\":\"Person\",\"@id\":\"https:\\\/\\\/comercmoble.com\\\/ca\\\/#\\\/schema\\\/person\\\/f0c01e057f07075c1395caa44a77a09c\",\"name\":\"Carolina\",\"image\":{\"@type\":\"ImageObject\",\"inLanguage\":\"va-VA\",\"@id\":\"https:\\\/\\\/secure.gravatar.com\\\/avatar\\\/4c9e11ce6b5048d5ebc266c8d4992bae6b8174105290963e2df93b7a062fb7e4?s=96&d=mm&r=g\",\"url\":\"https:\\\/\\\/secure.gravatar.com\\\/avatar\\\/4c9e11ce6b5048d5ebc266c8d4992bae6b8174105290963e2df93b7a062fb7e4?s=96&d=mm&r=g\",\"contentUrl\":\"https:\\\/\\\/secure.gravatar.com\\\/avatar\\\/4c9e11ce6b5048d5ebc266c8d4992bae6b8174105290963e2df93b7a062fb7e4?s=96&d=mm&r=g\",\"caption\":\"Carolina\"},\"url\":\"https:\\\/\\\/comercmoble.com\\\/ca\\\/author\\\/juliacomo\\\/\"}]}<\/script>\n<!-- \/ Yoast SEO plugin. -->","yoast_head_json":{"title":"POR PRIMERA VEZ MAS 100 TIENDAS DE MUEBLES DE LA COMUNITAT VALENCIANA, HACEN UNA CAMPA\u00d1A CONJUNTA DE PROMOCI\u00d3N - Comer\u00e7 Moble","robots":{"index":"index","follow":"follow","max-snippet":"max-snippet:-1","max-image-preview":"max-image-preview:large","max-video-preview":"max-video-preview:-1"},"canonical":"https:\/\/comercmoble.com\/ca\/por-primera-vez-mas-100-tiendas-de-muebles-de-la-comunidad-valenciana-hacen-una-campana-conjunta-de-promocion\/","og_locale":"en_US","og_type":"article","og_title":"POR PRIMERA VEZ MAS 100 TIENDAS DE MUEBLES DE LA COMUNITAT VALENCIANA, HACEN UNA CAMPA\u00d1A CONJUNTA DE PROMOCI\u00d3N - Comer\u00e7 Moble","og_description":"Estamos orgullosos de haber conseguido que por primera vez los comercios unidos de muebles de la Comunitat Valenciana simultaneen una campa\u00f1a, demostrando que el sector est\u00e1 mas vivo que nunca, que desde el se quiere beneficiar al co...","og_url":"https:\/\/comercmoble.com\/ca\/por-primera-vez-mas-100-tiendas-de-muebles-de-la-comunidad-valenciana-hacen-una-campana-conjunta-de-promocion\/","og_site_name":"Comer\u00e7 Moble","article_published_time":"2018-11-29T11:49:41+00:00","article_modified_time":"2021-06-07T07:53:56+00:00","og_image":[{"width":800,"height":600,"url":"https:\/\/comercmoble.com\/wp-content\/uploads\/2018\/11\/fototiendaspremium.jpg","type":"image\/jpeg"}],"author":"Carolina","twitter_card":"summary_large_image","twitter_misc":{"Written by":"Carolina","Est. reading time":"1 minute"},"schema":{"@context":"https:\/\/schema.org","@graph":[{"@type":"Article","@id":"https:\/\/comercmoble.com\/ca\/por-primera-vez-mas-100-tiendas-de-muebles-de-la-comunidad-valenciana-hacen-una-campana-conjunta-de-promocion\/#article","isPartOf":{"@id":"https:\/\/comercmoble.com\/ca\/por-primera-vez-mas-100-tiendas-de-muebles-de-la-comunidad-valenciana-hacen-una-campana-conjunta-de-promocion\/"},"author":{"name":"Carolina","@id":"https:\/\/comercmoble.com\/ca\/#\/schema\/person\/f0c01e057f07075c1395caa44a77a09c"},"headline":"POR PRIMERA VEZ MAS 100 TIENDAS DE MUEBLES DE LA COMUNITAT VALENCIANA, HACEN UNA CAMPA\u00d1A CONJUNTA DE PROMOCI\u00d3N","datePublished":"2018-11-29T11:49:41+00:00","dateModified":"2021-06-07T07:53:56+00:00","mainEntityOfPage":{"@id":"https:\/\/comercmoble.com\/ca\/por-primera-vez-mas-100-tiendas-de-muebles-de-la-comunidad-valenciana-hacen-una-campana-conjunta-de-promocion\/"},"wordCount":134,"publisher":{"@id":"https:\/\/comercmoble.com\/ca\/#organization"},"image":{"@id":"https:\/\/comercmoble.com\/ca\/por-primera-vez-mas-100-tiendas-de-muebles-de-la-comunidad-valenciana-hacen-una-campana-conjunta-de-promocion\/#primaryimage"},"thumbnailUrl":"https:\/\/comercmoble.com\/wp-content\/uploads\/2018\/11\/fototiendaspremium.jpg","articleSection":["Sense categoria"],"inLanguage":"va-VA"},{"@type":"WebPage","@id":"https:\/\/comercmoble.com\/ca\/por-primera-vez-mas-100-tiendas-de-muebles-de-la-comunidad-valenciana-hacen-una-campana-conjunta-de-promocion\/","url":"https:\/\/comercmoble.com\/ca\/por-primera-vez-mas-100-tiendas-de-muebles-de-la-comunidad-valenciana-hacen-una-campana-conjunta-de-promocion\/","name":"POR PRIMERA VEZ MAS 100 TIENDAS DE MUEBLES DE LA COMUNITAT VALENCIANA, HACEN UNA CAMPA\u00d1A CONJUNTA DE PROMOCI\u00d3N - Comer\u00e7 Moble","isPartOf":{"@id":"https:\/\/comercmoble.com\/ca\/#website"},"primaryImageOfPage":{"@id":"https:\/\/comercmoble.com\/ca\/por-primera-vez-mas-100-tiendas-de-muebles-de-la-comunidad-valenciana-hacen-una-campana-conjunta-de-promocion\/#primaryimage"},"image":{"@id":"https:\/\/comercmoble.com\/ca\/por-primera-vez-mas-100-tiendas-de-muebles-de-la-comunidad-valenciana-hacen-una-campana-conjunta-de-promocion\/#primaryimage"},"thumbnailUrl":"https:\/\/comercmoble.com\/wp-content\/uploads\/2018\/11\/fototiendaspremium.jpg","datePublished":"2018-11-29T11:49:41+00:00","dateModified":"2021-06-07T07:53:56+00:00","breadcrumb":{"@id":"https:\/\/comercmoble.com\/ca\/por-primera-vez-mas-100-tiendas-de-muebles-de-la-comunidad-valenciana-hacen-una-campana-conjunta-de-promocion\/#breadcrumb"},"inLanguage":"va-VA","potentialAction":[{"@type":"ReadAction","target":["https:\/\/comercmoble.com\/ca\/por-primera-vez-mas-100-tiendas-de-muebles-de-la-comunidad-valenciana-hacen-una-campana-conjunta-de-promocion\/"]}]},{"@type":"ImageObject","inLanguage":"va-VA","@id":"https:\/\/comercmoble.com\/ca\/por-primera-vez-mas-100-tiendas-de-muebles-de-la-comunidad-valenciana-hacen-una-campana-conjunta-de-promocion\/#primaryimage","url":"https:\/\/comercmoble.com\/wp-content\/uploads\/2018\/11\/fototiendaspremium.jpg","contentUrl":"https:\/\/comercmoble.com\/wp-content\/uploads\/2018\/11\/fototiendaspremium.jpg","width":800,"height":600},{"@type":"BreadcrumbList","@id":"https:\/\/comercmoble.com\/ca\/por-primera-vez-mas-100-tiendas-de-muebles-de-la-comunidad-valenciana-hacen-una-campana-conjunta-de-promocion\/#breadcrumb","itemListElement":[{"@type":"ListItem","position":1,"name":"Inicio","item":"https:\/\/comercmoble.com\/"},{"@type":"ListItem","position":2,"name":"Sense categoria","item":"https:\/\/comercmoble.com\/ca\/category\/sense-categoria\/"},{"@type":"ListItem","position":3,"name":"POR PRIMERA VEZ MAS 100 TIENDAS DE MUEBLES DE LA COMUNITAT VALENCIANA, HACEN UNA CAMPA\u00d1A CONJUNTA DE PROMOCI\u00d3N"}]},{"@type":"WebSite","@id":"https:\/\/comercmoble.com\/ca\/#website","url":"https:\/\/comercmoble.com\/ca\/","name":"Comer\u00e7 Moble","description":"Asociaci\u00f3n de Comercios del Muebles de la Comunidad Valencia","publisher":{"@id":"https:\/\/comercmoble.com\/ca\/#organization"},"potentialAction":[{"@type":"SearchAction","target":{"@type":"EntryPoint","urlTemplate":"https:\/\/comercmoble.com\/ca\/?s={search_term_string}"},"query-input":{"@type":"PropertyValueSpecification","valueRequired":true,"valueName":"search_term_string"}}],"inLanguage":"va-VA"},{"@type":"Organization","@id":"https:\/\/comercmoble.com\/ca\/#organization","name":"ASOCIACI\u00d3N PARA LA DISTRIBUCI\u00d3N Y COMERCIO DEL H\u00c1BITAT DE LA COMUNIDAD VALENCIANA","url":"https:\/\/comercmoble.com\/ca\/","logo":{"@type":"ImageObject","inLanguage":"va-VA","@id":"https:\/\/comercmoble.com\/ca\/#\/schema\/logo\/image\/","url":"https:\/\/comercmoble.com\/wp-content\/uploads\/2018\/11\/logo.png","contentUrl":"https:\/\/comercmoble.com\/wp-content\/uploads\/2018\/11\/logo.png","width":213,"height":67,"caption":"ASOCIACI\u00d3N PARA LA DISTRIBUCI\u00d3N Y COMERCIO DEL H\u00c1BITAT DE LA COMUNIDAD VALENCIANA"},"image":{"@id":"https:\/\/comercmoble.com\/ca\/#\/schema\/logo\/image\/"}},{"@type":"Person","@id":"https:\/\/comercmoble.com\/ca\/#\/schema\/person\/f0c01e057f07075c1395caa44a77a09c","name":"Carolina","image":{"@type":"ImageObject","inLanguage":"va-VA","@id":"https:\/\/secure.gravatar.com\/avatar\/4c9e11ce6b5048d5ebc266c8d4992bae6b8174105290963e2df93b7a062fb7e4?s=96&d=mm&r=g","url":"https:\/\/secure.gravatar.com\/avatar\/4c9e11ce6b5048d5ebc266c8d4992bae6b8174105290963e2df93b7a062fb7e4?s=96&d=mm&r=g","contentUrl":"https:\/\/secure.gravatar.com\/avatar\/4c9e11ce6b5048d5ebc266c8d4992bae6b8174105290963e2df93b7a062fb7e4?s=96&d=mm&r=g","caption":"Carolina"},"url":"https:\/\/comercmoble.com\/ca\/author\/juliacomo\/"}]}},"_links":{"self":[{"href":"https:\/\/comercmoble.com\/ca\/wp-json\/wp\/v2\/posts\/4648","targetHints":{"allow":["GET"]}}],"collection":[{"href":"https:\/\/comercmoble.com\/ca\/wp-json\/wp\/v2\/posts"}],"about":[{"href":"https:\/\/comercmoble.com\/ca\/wp-json\/wp\/v2\/types\/post"}],"author":[{"embeddable":true,"href":"https:\/\/comercmoble.com\/ca\/wp-json\/wp\/v2\/users\/230"}],"replies":[{"embeddable":true,"href":"https:\/\/comercmoble.com\/ca\/wp-json\/wp\/v2\/comments?post=4648"}],"version-history":[{"count":1,"href":"https:\/\/comercmoble.com\/ca\/wp-json\/wp\/v2\/posts\/4648\/revisions"}],"predecessor-version":[{"id":4650,"href":"https:\/\/comercmoble.com\/ca\/wp-json\/wp\/v2\/posts\/4648\/revisions\/4650"}],"wp:featuredmedia":[{"embeddable":true,"href":"https:\/\/comercmoble.com\/ca\/wp-json\/wp\/v2\/media\/3881"}],"wp:attachment":[{"href":"https:\/\/comercmoble.com\/ca\/wp-json\/wp\/v2\/media?parent=4648"}],"wp:term":[{"taxonomy":"category","embeddable":true,"href":"https:\/\/comercmoble.com\/ca\/wp-json\/wp\/v2\/categories?post=4648"},{"taxonomy":"post_tag","embeddable":true,"href":"https:\/\/comercmoble.com\/ca\/wp-json\/wp\/v2\/tags?post=4648"}],"curies":[{"name":"wp","href":"https:\/\/api.w.org\/{rel}","templated":true}]}}