{"id":4633,"date":"2019-07-18T17:08:56","date_gmt":"2019-07-18T15:08:56","guid":{"rendered":"https:\/\/comercmoble.com\/comerc-moble-presenta-las-principales-novedades-del-convenio-colectivo-sectorial-del-mueble-y-muestra-su-campana-muebles-de-verdad"},"modified":"2021-06-07T09:52:37","modified_gmt":"2021-06-07T07:52:37","slug":"comerc-moble-presenta-las-principales-novedades-del-convenio-colectivo-sectorial-del-mueble-y-muestra-su-campana-muebles-de-verdad","status":"publish","type":"post","link":"https:\/\/comercmoble.com\/ca\/comerc-moble-presenta-las-principales-novedades-del-convenio-colectivo-sectorial-del-mueble-y-muestra-su-campana-muebles-de-verdad\/","title":{"rendered":"COMER\u00c7 MOBLE PRESENTA LAS PRINCIPALES NOVEDADES DEL CONVENIO COLECTIVO SECTORIAL DEL MUEBLE Y MUESTRA SU CAMPA\u00d1A \u201cMUEBLES DE VERDAD\u201d"},"content":{"rendered":"<p>(Valencia 17 de julio de 2019). La Asociaci\u00f3n de Comercio del Mueble y el H\u00e1bitat de la Comunidad Valenciana (COMER\u00c7 MOBLE), organizaci\u00f3n miembro de CONFECOMER\u00c7 CV, ha presentado esta ma\u00f1ana en una jornada informativa celebrada en Valencia su campa\u00f1a \u201cMuebles de Verdad\u201d, al tiempo que da dado a conocer las claves del nuevo convenio colectivo sectorial, negociado por la entidad y sindicatos para la Provincia de Valencia.<br \/>\n<img loading=\"lazy\" decoding=\"async\" class=\"alignnone wp-image-1833\" src=\"https:\/\/comercmoble.com\/wp-content\/uploads\/2019\/07\/59b68f24-378d-462b-956e-26578f1f86a8-300x169.jpg\" alt=\"\" width=\"572\" height=\"322\" srcset=\"https:\/\/comercmoble.com\/wp-content\/uploads\/2019\/07\/59b68f24-378d-462b-956e-26578f1f86a8-300x169.jpg 300w, https:\/\/comercmoble.com\/wp-content\/uploads\/2019\/07\/59b68f24-378d-462b-956e-26578f1f86a8-768x432.jpg 768w, https:\/\/comercmoble.com\/wp-content\/uploads\/2019\/07\/59b68f24-378d-462b-956e-26578f1f86a8-1024x576.jpg 1024w, https:\/\/comercmoble.com\/wp-content\/uploads\/2019\/07\/59b68f24-378d-462b-956e-26578f1f86a8-400x225.jpg 400w, https:\/\/comercmoble.com\/wp-content\/uploads\/2019\/07\/59b68f24-378d-462b-956e-26578f1f86a8-600x338.jpg 600w, https:\/\/comercmoble.com\/wp-content\/uploads\/2019\/07\/59b68f24-378d-462b-956e-26578f1f86a8.jpg 1600w\" sizes=\"(max-width: 572px) 100vw, 572px\" \/><\/p>\n<p>En el acto se han dado a conocer las principales novedades, que se enmarcan en las recomendaciones del IV Acuerdo para el Empleo y la Negociaci\u00f3n Colectiva publicado en el BOE del 18 de julio de 2018, de manera que todas las empresas del sector pueden afrontar la planificaci\u00f3n de sus gastos laborales hasta 2020, con unas bases que permiten mejorar su competitividad, ya que el Convenio Colectivo establece una regulaci\u00f3n clara para aspectos tan importantes como flexibilidad horaria, la distribuci\u00f3n dela jornada y el calendario laboral.<\/p>\n<p>Desde Comer\u00e7 Moble, se ha destacado que \u201clas asociaciones sectoriales realizamos un gran esfuerzo por mantener el di\u00e1logo social y, por impulsar los convenios colectivos, que benefician a todo el sector y a sus trabajadores.<br \/>\nAdem\u00e1s, en la jornada celebrada hoy los asociados de la entidad han podido conocer los detalles que incluye este nuevo convenio para de este modo contar con informaci\u00f3n concreta sobre el contenido del mismo, una informaci\u00f3n necesaria a la hora de impulsar y llevar a cabo su actividad comercial, destacando que la jornada anual del sector puede ser ordenadas con arreglo a un calendario laboral que la Empresa elaborar\u00e1 atendiendo a sus necesidades productivas y organizativas.<\/p>\n<p>Y no hacerlo supondr\u00eda desaprovechar una excelente herramienta para la adecuada gesti\u00f3n de los Recursos Humanos en las Empresas, especialmente cuando \u00e9stas son de tipo familia o de reducida dimensi\u00f3n.<\/p>\n<p><img loading=\"lazy\" decoding=\"async\" class=\"alignnone wp-image-1832\" src=\"https:\/\/comercmoble.com\/wp-content\/uploads\/2019\/07\/864a1223-93f2-4115-b318-d4427ec315f6-300x169.jpg\" alt=\"\" width=\"580\" height=\"327\" srcset=\"https:\/\/comercmoble.com\/wp-content\/uploads\/2019\/07\/864a1223-93f2-4115-b318-d4427ec315f6-300x169.jpg 300w, https:\/\/comercmoble.com\/wp-content\/uploads\/2019\/07\/864a1223-93f2-4115-b318-d4427ec315f6-768x432.jpg 768w, https:\/\/comercmoble.com\/wp-content\/uploads\/2019\/07\/864a1223-93f2-4115-b318-d4427ec315f6-1024x576.jpg 1024w, https:\/\/comercmoble.com\/wp-content\/uploads\/2019\/07\/864a1223-93f2-4115-b318-d4427ec315f6-400x225.jpg 400w, https:\/\/comercmoble.com\/wp-content\/uploads\/2019\/07\/864a1223-93f2-4115-b318-d4427ec315f6-600x338.jpg 600w, https:\/\/comercmoble.com\/wp-content\/uploads\/2019\/07\/864a1223-93f2-4115-b318-d4427ec315f6.jpg 1600w\" sizes=\"(max-width: 580px) 100vw, 580px\" \/><br \/>\nLa Asociaci\u00f3n del Comercio del Mueble y el H\u00e1bitat de la Comunidad Valenciana es un referente sectorial, en tanto en cuanto representa al comercio minorista de las tres provincias (Castell\u00f3n, Valencia y Alicante), aglutinando en su seno a los establecimientos especializados del mueble y decoraci\u00f3n de la autonom\u00eda.<\/p>\n<p>Por lo que respecta a la campa\u00f1a se ha dado a conocer las principales acciones desarrolladas en el marco de esta iniciativa y el impacto que est\u00e1 teniendo tanto en el sector como en los clientes y consumidores, contribuyendo as\u00ed a potenciar la dinamizaci\u00f3n y promoci\u00f3n comercial.<\/p>\n","protected":false},"excerpt":{"rendered":"<p>(Valencia 17 de julio de 2019). La Asociaci\u00f3n de Comercio del Mueble y el H\u00e1bitat de la Comunidad Valenciana (COMER\u00c7 MOBLE), organizaci\u00f3n miembro de CONFECOMER\u00c7 CV, ha presentado esta ma\u00f1ana en una jornada informativa celebrada en Valencia su campa\u00f1a \u201cMuebles de Verdad\u201d, al tiempo que da dado a conocer las claves del nuevo convenio colectivo [&hellip;]<\/p>\n","protected":false},"author":230,"featured_media":3933,"comment_status":"closed","ping_status":"closed","sticky":false,"template":"","format":"standard","meta":{"_et_pb_use_builder":"","_et_pb_old_content":"","_et_gb_content_width":"","footnotes":""},"categories":[256],"tags":[],"class_list":["post-4633","post","type-post","status-publish","format-standard","has-post-thumbnail","hentry","category-sense-categoria"],"yoast_head":"<!-- This site is optimized with the Yoast SEO plugin v27.4 - https:\/\/yoast.com\/product\/yoast-seo-wordpress\/ -->\n<title>COMER\u00c7 MOBLE PRESENTA LAS PRINCIPALES NOVEDADES DEL CONVENIO COLECTIVO SECTORIAL DEL MUEBLE Y MUESTRA SU CAMPA\u00d1A \u201cMUEBLES DE VERDAD\u201d - Comer\u00e7 Moble<\/title>\n<meta name=\"robots\" content=\"index, follow, max-snippet:-1, max-image-preview:large, max-video-preview:-1\" \/>\n<link rel=\"canonical\" href=\"https:\/\/comercmoble.com\/ca\/comerc-moble-presenta-las-principales-novedades-del-convenio-colectivo-sectorial-del-mueble-y-muestra-su-campana-muebles-de-verdad\/\" \/>\n<meta property=\"og:locale\" content=\"en_US\" \/>\n<meta property=\"og:type\" content=\"article\" \/>\n<meta property=\"og:title\" content=\"COMER\u00c7 MOBLE PRESENTA LAS PRINCIPALES NOVEDADES DEL CONVENIO COLECTIVO SECTORIAL DEL MUEBLE Y MUESTRA SU CAMPA\u00d1A \u201cMUEBLES DE VERDAD\u201d - Comer\u00e7 Moble\" \/>\n<meta property=\"og:description\" content=\"(Valencia 17 de julio de 2019). La Asociaci\u00f3n de Comercio del Mueble y el H\u00e1bitat de la Comunidad Valenciana (COMER\u00c7 MOBLE), organizaci\u00f3n miembro de CONFECOMER\u00c7 CV, ha presentado esta ma\u00f1ana en una jornada informativa celebrada en Valencia su campa\u00f1a \u201cMuebles de Verdad\u201d, al tiempo que da dado a conocer las claves del nuevo convenio colectivo [&hellip;]\" \/>\n<meta property=\"og:url\" content=\"https:\/\/comercmoble.com\/ca\/comerc-moble-presenta-las-principales-novedades-del-convenio-colectivo-sectorial-del-mueble-y-muestra-su-campana-muebles-de-verdad\/\" \/>\n<meta property=\"og:site_name\" content=\"Comer\u00e7 Moble\" \/>\n<meta property=\"article:published_time\" content=\"2019-07-18T15:08:56+00:00\" \/>\n<meta property=\"article:modified_time\" content=\"2021-06-07T07:52:37+00:00\" \/>\n<meta property=\"og:image\" content=\"https:\/\/comercmoble.com\/wp-content\/uploads\/2019\/07\/d2adf26d-4fb3-4b8d-b126-12e64723b1ba.jpg\" \/>\n\t<meta property=\"og:image:width\" content=\"1600\" \/>\n\t<meta property=\"og:image:height\" content=\"900\" \/>\n\t<meta property=\"og:image:type\" content=\"image\/jpeg\" \/>\n<meta name=\"author\" content=\"Carolina\" \/>\n<meta name=\"twitter:card\" content=\"summary_large_image\" \/>\n<meta name=\"twitter:label1\" content=\"Written by\" \/>\n\t<meta name=\"twitter:data1\" content=\"Carolina\" \/>\n\t<meta name=\"twitter:label2\" content=\"Est. reading time\" \/>\n\t<meta name=\"twitter:data2\" content=\"2 minutes\" \/>\n<script type=\"application\/ld+json\" class=\"yoast-schema-graph\">{\"@context\":\"https:\\\/\\\/schema.org\",\"@graph\":[{\"@type\":\"Article\",\"@id\":\"https:\\\/\\\/comercmoble.com\\\/ca\\\/comerc-moble-presenta-las-principales-novedades-del-convenio-colectivo-sectorial-del-mueble-y-muestra-su-campana-muebles-de-verdad\\\/#article\",\"isPartOf\":{\"@id\":\"https:\\\/\\\/comercmoble.com\\\/ca\\\/comerc-moble-presenta-las-principales-novedades-del-convenio-colectivo-sectorial-del-mueble-y-muestra-su-campana-muebles-de-verdad\\\/\"},\"author\":{\"name\":\"Carolina\",\"@id\":\"https:\\\/\\\/comercmoble.com\\\/ca\\\/#\\\/schema\\\/person\\\/f0c01e057f07075c1395caa44a77a09c\"},\"headline\":\"COMER\u00c7 MOBLE PRESENTA LAS PRINCIPALES NOVEDADES DEL CONVENIO COLECTIVO SECTORIAL DEL MUEBLE Y MUESTRA SU CAMPA\u00d1A \u201cMUEBLES DE VERDAD\u201d\",\"datePublished\":\"2019-07-18T15:08:56+00:00\",\"dateModified\":\"2021-06-07T07:52:37+00:00\",\"mainEntityOfPage\":{\"@id\":\"https:\\\/\\\/comercmoble.com\\\/ca\\\/comerc-moble-presenta-las-principales-novedades-del-convenio-colectivo-sectorial-del-mueble-y-muestra-su-campana-muebles-de-verdad\\\/\"},\"wordCount\":429,\"publisher\":{\"@id\":\"https:\\\/\\\/comercmoble.com\\\/ca\\\/#organization\"},\"image\":{\"@id\":\"https:\\\/\\\/comercmoble.com\\\/ca\\\/comerc-moble-presenta-las-principales-novedades-del-convenio-colectivo-sectorial-del-mueble-y-muestra-su-campana-muebles-de-verdad\\\/#primaryimage\"},\"thumbnailUrl\":\"https:\\\/\\\/comercmoble.com\\\/wp-content\\\/uploads\\\/2019\\\/07\\\/d2adf26d-4fb3-4b8d-b126-12e64723b1ba.jpg\",\"articleSection\":[\"Sense categoria\"],\"inLanguage\":\"va-VA\"},{\"@type\":\"WebPage\",\"@id\":\"https:\\\/\\\/comercmoble.com\\\/ca\\\/comerc-moble-presenta-las-principales-novedades-del-convenio-colectivo-sectorial-del-mueble-y-muestra-su-campana-muebles-de-verdad\\\/\",\"url\":\"https:\\\/\\\/comercmoble.com\\\/ca\\\/comerc-moble-presenta-las-principales-novedades-del-convenio-colectivo-sectorial-del-mueble-y-muestra-su-campana-muebles-de-verdad\\\/\",\"name\":\"COMER\u00c7 MOBLE PRESENTA LAS PRINCIPALES NOVEDADES DEL CONVENIO COLECTIVO SECTORIAL DEL MUEBLE Y MUESTRA SU CAMPA\u00d1A \u201cMUEBLES DE VERDAD\u201d - Comer\u00e7 Moble\",\"isPartOf\":{\"@id\":\"https:\\\/\\\/comercmoble.com\\\/ca\\\/#website\"},\"primaryImageOfPage\":{\"@id\":\"https:\\\/\\\/comercmoble.com\\\/ca\\\/comerc-moble-presenta-las-principales-novedades-del-convenio-colectivo-sectorial-del-mueble-y-muestra-su-campana-muebles-de-verdad\\\/#primaryimage\"},\"image\":{\"@id\":\"https:\\\/\\\/comercmoble.com\\\/ca\\\/comerc-moble-presenta-las-principales-novedades-del-convenio-colectivo-sectorial-del-mueble-y-muestra-su-campana-muebles-de-verdad\\\/#primaryimage\"},\"thumbnailUrl\":\"https:\\\/\\\/comercmoble.com\\\/wp-content\\\/uploads\\\/2019\\\/07\\\/d2adf26d-4fb3-4b8d-b126-12e64723b1ba.jpg\",\"datePublished\":\"2019-07-18T15:08:56+00:00\",\"dateModified\":\"2021-06-07T07:52:37+00:00\",\"breadcrumb\":{\"@id\":\"https:\\\/\\\/comercmoble.com\\\/ca\\\/comerc-moble-presenta-las-principales-novedades-del-convenio-colectivo-sectorial-del-mueble-y-muestra-su-campana-muebles-de-verdad\\\/#breadcrumb\"},\"inLanguage\":\"va-VA\",\"potentialAction\":[{\"@type\":\"ReadAction\",\"target\":[\"https:\\\/\\\/comercmoble.com\\\/ca\\\/comerc-moble-presenta-las-principales-novedades-del-convenio-colectivo-sectorial-del-mueble-y-muestra-su-campana-muebles-de-verdad\\\/\"]}]},{\"@type\":\"ImageObject\",\"inLanguage\":\"va-VA\",\"@id\":\"https:\\\/\\\/comercmoble.com\\\/ca\\\/comerc-moble-presenta-las-principales-novedades-del-convenio-colectivo-sectorial-del-mueble-y-muestra-su-campana-muebles-de-verdad\\\/#primaryimage\",\"url\":\"https:\\\/\\\/comercmoble.com\\\/wp-content\\\/uploads\\\/2019\\\/07\\\/d2adf26d-4fb3-4b8d-b126-12e64723b1ba.jpg\",\"contentUrl\":\"https:\\\/\\\/comercmoble.com\\\/wp-content\\\/uploads\\\/2019\\\/07\\\/d2adf26d-4fb3-4b8d-b126-12e64723b1ba.jpg\",\"width\":1600,\"height\":900},{\"@type\":\"BreadcrumbList\",\"@id\":\"https:\\\/\\\/comercmoble.com\\\/ca\\\/comerc-moble-presenta-las-principales-novedades-del-convenio-colectivo-sectorial-del-mueble-y-muestra-su-campana-muebles-de-verdad\\\/#breadcrumb\",\"itemListElement\":[{\"@type\":\"ListItem\",\"position\":1,\"name\":\"Inicio\",\"item\":\"https:\\\/\\\/comercmoble.com\\\/\"},{\"@type\":\"ListItem\",\"position\":2,\"name\":\"Sense categoria\",\"item\":\"https:\\\/\\\/comercmoble.com\\\/ca\\\/category\\\/sense-categoria\\\/\"},{\"@type\":\"ListItem\",\"position\":3,\"name\":\"COMER\u00c7 MOBLE PRESENTA LAS PRINCIPALES NOVEDADES DEL CONVENIO COLECTIVO SECTORIAL DEL MUEBLE Y MUESTRA SU CAMPA\u00d1A \u201cMUEBLES DE VERDAD\u201d\"}]},{\"@type\":\"WebSite\",\"@id\":\"https:\\\/\\\/comercmoble.com\\\/ca\\\/#website\",\"url\":\"https:\\\/\\\/comercmoble.com\\\/ca\\\/\",\"name\":\"Comer\u00e7 Moble\",\"description\":\"Asociaci\u00f3n de Comercios del Muebles de la Comunidad Valencia\",\"publisher\":{\"@id\":\"https:\\\/\\\/comercmoble.com\\\/ca\\\/#organization\"},\"potentialAction\":[{\"@type\":\"SearchAction\",\"target\":{\"@type\":\"EntryPoint\",\"urlTemplate\":\"https:\\\/\\\/comercmoble.com\\\/ca\\\/?s={search_term_string}\"},\"query-input\":{\"@type\":\"PropertyValueSpecification\",\"valueRequired\":true,\"valueName\":\"search_term_string\"}}],\"inLanguage\":\"va-VA\"},{\"@type\":\"Organization\",\"@id\":\"https:\\\/\\\/comercmoble.com\\\/ca\\\/#organization\",\"name\":\"ASOCIACI\u00d3N PARA LA DISTRIBUCI\u00d3N Y COMERCIO DEL H\u00c1BITAT DE LA COMUNIDAD VALENCIANA\",\"url\":\"https:\\\/\\\/comercmoble.com\\\/ca\\\/\",\"logo\":{\"@type\":\"ImageObject\",\"inLanguage\":\"va-VA\",\"@id\":\"https:\\\/\\\/comercmoble.com\\\/ca\\\/#\\\/schema\\\/logo\\\/image\\\/\",\"url\":\"https:\\\/\\\/comercmoble.com\\\/wp-content\\\/uploads\\\/2018\\\/11\\\/logo.png\",\"contentUrl\":\"https:\\\/\\\/comercmoble.com\\\/wp-content\\\/uploads\\\/2018\\\/11\\\/logo.png\",\"width\":213,\"height\":67,\"caption\":\"ASOCIACI\u00d3N PARA LA DISTRIBUCI\u00d3N Y COMERCIO DEL H\u00c1BITAT DE LA COMUNIDAD VALENCIANA\"},\"image\":{\"@id\":\"https:\\\/\\\/comercmoble.com\\\/ca\\\/#\\\/schema\\\/logo\\\/image\\\/\"}},{\"@type\":\"Person\",\"@id\":\"https:\\\/\\\/comercmoble.com\\\/ca\\\/#\\\/schema\\\/person\\\/f0c01e057f07075c1395caa44a77a09c\",\"name\":\"Carolina\",\"image\":{\"@type\":\"ImageObject\",\"inLanguage\":\"va-VA\",\"@id\":\"https:\\\/\\\/secure.gravatar.com\\\/avatar\\\/4c9e11ce6b5048d5ebc266c8d4992bae6b8174105290963e2df93b7a062fb7e4?s=96&d=mm&r=g\",\"url\":\"https:\\\/\\\/secure.gravatar.com\\\/avatar\\\/4c9e11ce6b5048d5ebc266c8d4992bae6b8174105290963e2df93b7a062fb7e4?s=96&d=mm&r=g\",\"contentUrl\":\"https:\\\/\\\/secure.gravatar.com\\\/avatar\\\/4c9e11ce6b5048d5ebc266c8d4992bae6b8174105290963e2df93b7a062fb7e4?s=96&d=mm&r=g\",\"caption\":\"Carolina\"},\"url\":\"https:\\\/\\\/comercmoble.com\\\/ca\\\/author\\\/juliacomo\\\/\"}]}<\/script>\n<!-- \/ Yoast SEO plugin. -->","yoast_head_json":{"title":"COMER\u00c7 MOBLE PRESENTA LAS PRINCIPALES NOVEDADES DEL CONVENIO COLECTIVO SECTORIAL DEL MUEBLE Y MUESTRA SU CAMPA\u00d1A \u201cMUEBLES DE VERDAD\u201d - Comer\u00e7 Moble","robots":{"index":"index","follow":"follow","max-snippet":"max-snippet:-1","max-image-preview":"max-image-preview:large","max-video-preview":"max-video-preview:-1"},"canonical":"https:\/\/comercmoble.com\/ca\/comerc-moble-presenta-las-principales-novedades-del-convenio-colectivo-sectorial-del-mueble-y-muestra-su-campana-muebles-de-verdad\/","og_locale":"en_US","og_type":"article","og_title":"COMER\u00c7 MOBLE PRESENTA LAS PRINCIPALES NOVEDADES DEL CONVENIO COLECTIVO SECTORIAL DEL MUEBLE Y MUESTRA SU CAMPA\u00d1A \u201cMUEBLES DE VERDAD\u201d - Comer\u00e7 Moble","og_description":"(Valencia 17 de julio de 2019). La Asociaci\u00f3n de Comercio del Mueble y el H\u00e1bitat de la Comunidad Valenciana (COMER\u00c7 MOBLE), organizaci\u00f3n miembro de CONFECOMER\u00c7 CV, ha presentado esta ma\u00f1ana en una jornada informativa celebrada en Valencia su campa\u00f1a \u201cMuebles de Verdad\u201d, al tiempo que da dado a conocer las claves del nuevo convenio colectivo [&hellip;]","og_url":"https:\/\/comercmoble.com\/ca\/comerc-moble-presenta-las-principales-novedades-del-convenio-colectivo-sectorial-del-mueble-y-muestra-su-campana-muebles-de-verdad\/","og_site_name":"Comer\u00e7 Moble","article_published_time":"2019-07-18T15:08:56+00:00","article_modified_time":"2021-06-07T07:52:37+00:00","og_image":[{"width":1600,"height":900,"url":"https:\/\/comercmoble.com\/wp-content\/uploads\/2019\/07\/d2adf26d-4fb3-4b8d-b126-12e64723b1ba.jpg","type":"image\/jpeg"}],"author":"Carolina","twitter_card":"summary_large_image","twitter_misc":{"Written by":"Carolina","Est. reading time":"2 minutes"},"schema":{"@context":"https:\/\/schema.org","@graph":[{"@type":"Article","@id":"https:\/\/comercmoble.com\/ca\/comerc-moble-presenta-las-principales-novedades-del-convenio-colectivo-sectorial-del-mueble-y-muestra-su-campana-muebles-de-verdad\/#article","isPartOf":{"@id":"https:\/\/comercmoble.com\/ca\/comerc-moble-presenta-las-principales-novedades-del-convenio-colectivo-sectorial-del-mueble-y-muestra-su-campana-muebles-de-verdad\/"},"author":{"name":"Carolina","@id":"https:\/\/comercmoble.com\/ca\/#\/schema\/person\/f0c01e057f07075c1395caa44a77a09c"},"headline":"COMER\u00c7 MOBLE PRESENTA LAS PRINCIPALES NOVEDADES DEL CONVENIO COLECTIVO SECTORIAL DEL MUEBLE Y MUESTRA SU CAMPA\u00d1A \u201cMUEBLES DE VERDAD\u201d","datePublished":"2019-07-18T15:08:56+00:00","dateModified":"2021-06-07T07:52:37+00:00","mainEntityOfPage":{"@id":"https:\/\/comercmoble.com\/ca\/comerc-moble-presenta-las-principales-novedades-del-convenio-colectivo-sectorial-del-mueble-y-muestra-su-campana-muebles-de-verdad\/"},"wordCount":429,"publisher":{"@id":"https:\/\/comercmoble.com\/ca\/#organization"},"image":{"@id":"https:\/\/comercmoble.com\/ca\/comerc-moble-presenta-las-principales-novedades-del-convenio-colectivo-sectorial-del-mueble-y-muestra-su-campana-muebles-de-verdad\/#primaryimage"},"thumbnailUrl":"https:\/\/comercmoble.com\/wp-content\/uploads\/2019\/07\/d2adf26d-4fb3-4b8d-b126-12e64723b1ba.jpg","articleSection":["Sense categoria"],"inLanguage":"va-VA"},{"@type":"WebPage","@id":"https:\/\/comercmoble.com\/ca\/comerc-moble-presenta-las-principales-novedades-del-convenio-colectivo-sectorial-del-mueble-y-muestra-su-campana-muebles-de-verdad\/","url":"https:\/\/comercmoble.com\/ca\/comerc-moble-presenta-las-principales-novedades-del-convenio-colectivo-sectorial-del-mueble-y-muestra-su-campana-muebles-de-verdad\/","name":"COMER\u00c7 MOBLE PRESENTA LAS PRINCIPALES NOVEDADES DEL CONVENIO COLECTIVO SECTORIAL DEL MUEBLE Y MUESTRA SU CAMPA\u00d1A \u201cMUEBLES DE VERDAD\u201d - Comer\u00e7 Moble","isPartOf":{"@id":"https:\/\/comercmoble.com\/ca\/#website"},"primaryImageOfPage":{"@id":"https:\/\/comercmoble.com\/ca\/comerc-moble-presenta-las-principales-novedades-del-convenio-colectivo-sectorial-del-mueble-y-muestra-su-campana-muebles-de-verdad\/#primaryimage"},"image":{"@id":"https:\/\/comercmoble.com\/ca\/comerc-moble-presenta-las-principales-novedades-del-convenio-colectivo-sectorial-del-mueble-y-muestra-su-campana-muebles-de-verdad\/#primaryimage"},"thumbnailUrl":"https:\/\/comercmoble.com\/wp-content\/uploads\/2019\/07\/d2adf26d-4fb3-4b8d-b126-12e64723b1ba.jpg","datePublished":"2019-07-18T15:08:56+00:00","dateModified":"2021-06-07T07:52:37+00:00","breadcrumb":{"@id":"https:\/\/comercmoble.com\/ca\/comerc-moble-presenta-las-principales-novedades-del-convenio-colectivo-sectorial-del-mueble-y-muestra-su-campana-muebles-de-verdad\/#breadcrumb"},"inLanguage":"va-VA","potentialAction":[{"@type":"ReadAction","target":["https:\/\/comercmoble.com\/ca\/comerc-moble-presenta-las-principales-novedades-del-convenio-colectivo-sectorial-del-mueble-y-muestra-su-campana-muebles-de-verdad\/"]}]},{"@type":"ImageObject","inLanguage":"va-VA","@id":"https:\/\/comercmoble.com\/ca\/comerc-moble-presenta-las-principales-novedades-del-convenio-colectivo-sectorial-del-mueble-y-muestra-su-campana-muebles-de-verdad\/#primaryimage","url":"https:\/\/comercmoble.com\/wp-content\/uploads\/2019\/07\/d2adf26d-4fb3-4b8d-b126-12e64723b1ba.jpg","contentUrl":"https:\/\/comercmoble.com\/wp-content\/uploads\/2019\/07\/d2adf26d-4fb3-4b8d-b126-12e64723b1ba.jpg","width":1600,"height":900},{"@type":"BreadcrumbList","@id":"https:\/\/comercmoble.com\/ca\/comerc-moble-presenta-las-principales-novedades-del-convenio-colectivo-sectorial-del-mueble-y-muestra-su-campana-muebles-de-verdad\/#breadcrumb","itemListElement":[{"@type":"ListItem","position":1,"name":"Inicio","item":"https:\/\/comercmoble.com\/"},{"@type":"ListItem","position":2,"name":"Sense categoria","item":"https:\/\/comercmoble.com\/ca\/category\/sense-categoria\/"},{"@type":"ListItem","position":3,"name":"COMER\u00c7 MOBLE PRESENTA LAS PRINCIPALES NOVEDADES DEL CONVENIO COLECTIVO SECTORIAL DEL MUEBLE Y MUESTRA SU CAMPA\u00d1A \u201cMUEBLES DE VERDAD\u201d"}]},{"@type":"WebSite","@id":"https:\/\/comercmoble.com\/ca\/#website","url":"https:\/\/comercmoble.com\/ca\/","name":"Comer\u00e7 Moble","description":"Asociaci\u00f3n de Comercios del Muebles de la Comunidad Valencia","publisher":{"@id":"https:\/\/comercmoble.com\/ca\/#organization"},"potentialAction":[{"@type":"SearchAction","target":{"@type":"EntryPoint","urlTemplate":"https:\/\/comercmoble.com\/ca\/?s={search_term_string}"},"query-input":{"@type":"PropertyValueSpecification","valueRequired":true,"valueName":"search_term_string"}}],"inLanguage":"va-VA"},{"@type":"Organization","@id":"https:\/\/comercmoble.com\/ca\/#organization","name":"ASOCIACI\u00d3N PARA LA DISTRIBUCI\u00d3N Y COMERCIO DEL H\u00c1BITAT DE LA COMUNIDAD VALENCIANA","url":"https:\/\/comercmoble.com\/ca\/","logo":{"@type":"ImageObject","inLanguage":"va-VA","@id":"https:\/\/comercmoble.com\/ca\/#\/schema\/logo\/image\/","url":"https:\/\/comercmoble.com\/wp-content\/uploads\/2018\/11\/logo.png","contentUrl":"https:\/\/comercmoble.com\/wp-content\/uploads\/2018\/11\/logo.png","width":213,"height":67,"caption":"ASOCIACI\u00d3N PARA LA DISTRIBUCI\u00d3N Y COMERCIO DEL H\u00c1BITAT DE LA COMUNIDAD VALENCIANA"},"image":{"@id":"https:\/\/comercmoble.com\/ca\/#\/schema\/logo\/image\/"}},{"@type":"Person","@id":"https:\/\/comercmoble.com\/ca\/#\/schema\/person\/f0c01e057f07075c1395caa44a77a09c","name":"Carolina","image":{"@type":"ImageObject","inLanguage":"va-VA","@id":"https:\/\/secure.gravatar.com\/avatar\/4c9e11ce6b5048d5ebc266c8d4992bae6b8174105290963e2df93b7a062fb7e4?s=96&d=mm&r=g","url":"https:\/\/secure.gravatar.com\/avatar\/4c9e11ce6b5048d5ebc266c8d4992bae6b8174105290963e2df93b7a062fb7e4?s=96&d=mm&r=g","contentUrl":"https:\/\/secure.gravatar.com\/avatar\/4c9e11ce6b5048d5ebc266c8d4992bae6b8174105290963e2df93b7a062fb7e4?s=96&d=mm&r=g","caption":"Carolina"},"url":"https:\/\/comercmoble.com\/ca\/author\/juliacomo\/"}]}},"_links":{"self":[{"href":"https:\/\/comercmoble.com\/ca\/wp-json\/wp\/v2\/posts\/4633","targetHints":{"allow":["GET"]}}],"collection":[{"href":"https:\/\/comercmoble.com\/ca\/wp-json\/wp\/v2\/posts"}],"about":[{"href":"https:\/\/comercmoble.com\/ca\/wp-json\/wp\/v2\/types\/post"}],"author":[{"embeddable":true,"href":"https:\/\/comercmoble.com\/ca\/wp-json\/wp\/v2\/users\/230"}],"replies":[{"embeddable":true,"href":"https:\/\/comercmoble.com\/ca\/wp-json\/wp\/v2\/comments?post=4633"}],"version-history":[{"count":1,"href":"https:\/\/comercmoble.com\/ca\/wp-json\/wp\/v2\/posts\/4633\/revisions"}],"predecessor-version":[{"id":4635,"href":"https:\/\/comercmoble.com\/ca\/wp-json\/wp\/v2\/posts\/4633\/revisions\/4635"}],"wp:featuredmedia":[{"embeddable":true,"href":"https:\/\/comercmoble.com\/ca\/wp-json\/wp\/v2\/media\/3933"}],"wp:attachment":[{"href":"https:\/\/comercmoble.com\/ca\/wp-json\/wp\/v2\/media?parent=4633"}],"wp:term":[{"taxonomy":"category","embeddable":true,"href":"https:\/\/comercmoble.com\/ca\/wp-json\/wp\/v2\/categories?post=4633"},{"taxonomy":"post_tag","embeddable":true,"href":"https:\/\/comercmoble.com\/ca\/wp-json\/wp\/v2\/tags?post=4633"}],"curies":[{"name":"wp","href":"https:\/\/api.w.org\/{rel}","templated":true}]}}