{"id":4630,"date":"2019-09-09T19:28:20","date_gmt":"2019-09-09T17:28:20","guid":{"rendered":"https:\/\/comercmoble.com\/feria-de-valencia-habitat-2019-una-feria-de-muebles-de-verdad"},"modified":"2021-06-07T09:52:30","modified_gmt":"2021-06-07T07:52:30","slug":"feria-de-valencia-habitat-2019-una-feria-de-muebles-de-verdad","status":"publish","type":"post","link":"https:\/\/comercmoble.com\/ca\/feria-de-valencia-habitat-2019-una-feria-de-muebles-de-verdad\/","title":{"rendered":"FERIA DE VALENCIA HABITAT 2019 : UNA FERIA DE MUEBLES DE VERDAD"},"content":{"rendered":"<p>Estamos presentes en <strong>Feria de Mueble de Valencia Habitat del 17 al 20 de Septiembre de 2019 en el hall de entrada.<\/strong><\/p>\n<p>Si eres una tienda de la Comunidad Valenciana estaremos encantados de poder atenderte y recibirte para explicarte las ventajas de estar junto a mas de 200 puntos de venta promoviendo que el consumidor conozca las ventajas de comprar y ser asesorados en tiendas especializadas premium de muebles.<\/p>\n<p>Tambi\u00e9n te invitamos a que conozcas todas nuestra imagen y mensaje, que apoyados por la generalitat y por la c\u00e1mara de comercio, estan haciendo revolucionar al sector.<\/p>\n<div class=\"\">Damos las gracias a la feria de Valencia por la oportunidad que nos ha dado de participar en la edici\u00f3n 2019 de Feria de mueble de Valencia Habitat, apoyando al sector a trav\u00e9s de nuestros puntos de venta en donde se venden muebles de verdad, en las tres provincias Castell\u00f3n Alicante y Valencia puedes encontrar a los mejores a trav\u00e9s de nuestra p\u00e1gina web <a class=\"\" href=\"https:\/\/mueblesdeverdad.com\/\">mueblesdeverdad.com<\/a>.<\/div>\n<div><\/div>\n","protected":false},"excerpt":{"rendered":"<p>Estamos presentes en Feria de Mueble de Valencia Habitat del 17 al 20 de Septiembre de 2019 en el hall de entrada. Si eres una tienda de la Comunidad Valenciana estaremos encantados de poder atenderte y recibirte para explicarte las ventajas de estar junto a mas de 200 puntos de venta promoviendo que el consumidor [&hellip;]<\/p>\n","protected":false},"author":230,"featured_media":3939,"comment_status":"closed","ping_status":"closed","sticky":false,"template":"","format":"standard","meta":{"_et_pb_use_builder":"","_et_pb_old_content":"","_et_gb_content_width":"","footnotes":""},"categories":[256],"tags":[],"class_list":["post-4630","post","type-post","status-publish","format-standard","has-post-thumbnail","hentry","category-sense-categoria"],"yoast_head":"<!-- This site is optimized with the Yoast SEO plugin v27.4 - https:\/\/yoast.com\/product\/yoast-seo-wordpress\/ -->\n<title>FERIA DE VALENCIA HABITAT 2019 : UNA FERIA DE MUEBLES DE VERDAD - Comer\u00e7 Moble<\/title>\n<meta name=\"robots\" content=\"index, follow, max-snippet:-1, max-image-preview:large, max-video-preview:-1\" \/>\n<link rel=\"canonical\" href=\"https:\/\/comercmoble.com\/ca\/feria-de-valencia-habitat-2019-una-feria-de-muebles-de-verdad\/\" \/>\n<meta property=\"og:locale\" content=\"en_US\" \/>\n<meta property=\"og:type\" content=\"article\" \/>\n<meta property=\"og:title\" content=\"FERIA DE VALENCIA HABITAT 2019 : UNA FERIA DE MUEBLES DE VERDAD - Comer\u00e7 Moble\" \/>\n<meta property=\"og:description\" content=\"Estamos presentes en Feria de Mueble de Valencia Habitat del 17 al 20 de Septiembre de 2019 en el hall de entrada. Si eres una tienda de la Comunidad Valenciana estaremos encantados de poder atenderte y recibirte para explicarte las ventajas de estar junto a mas de 200 puntos de venta promoviendo que el consumidor [&hellip;]\" \/>\n<meta property=\"og:url\" content=\"https:\/\/comercmoble.com\/ca\/feria-de-valencia-habitat-2019-una-feria-de-muebles-de-verdad\/\" \/>\n<meta property=\"og:site_name\" content=\"Comer\u00e7 Moble\" \/>\n<meta property=\"article:published_time\" content=\"2019-09-09T17:28:20+00:00\" \/>\n<meta property=\"article:modified_time\" content=\"2021-06-07T07:52:30+00:00\" \/>\n<meta property=\"og:image\" content=\"https:\/\/comercmoble.com\/wp-content\/uploads\/2019\/09\/HABITAT-2019.jpg\" \/>\n\t<meta property=\"og:image:width\" content=\"900\" \/>\n\t<meta property=\"og:image:height\" content=\"600\" \/>\n\t<meta property=\"og:image:type\" content=\"image\/jpeg\" \/>\n<meta name=\"author\" content=\"Carolina\" \/>\n<meta name=\"twitter:card\" content=\"summary_large_image\" \/>\n<meta name=\"twitter:label1\" content=\"Written by\" \/>\n\t<meta name=\"twitter:data1\" content=\"Carolina\" \/>\n\t<meta name=\"twitter:label2\" content=\"Est. reading time\" \/>\n\t<meta name=\"twitter:data2\" content=\"1 minute\" \/>\n<script type=\"application\/ld+json\" class=\"yoast-schema-graph\">{\"@context\":\"https:\\\/\\\/schema.org\",\"@graph\":[{\"@type\":\"Article\",\"@id\":\"https:\\\/\\\/comercmoble.com\\\/ca\\\/feria-de-valencia-habitat-2019-una-feria-de-muebles-de-verdad\\\/#article\",\"isPartOf\":{\"@id\":\"https:\\\/\\\/comercmoble.com\\\/ca\\\/feria-de-valencia-habitat-2019-una-feria-de-muebles-de-verdad\\\/\"},\"author\":{\"name\":\"Carolina\",\"@id\":\"https:\\\/\\\/comercmoble.com\\\/ca\\\/#\\\/schema\\\/person\\\/f0c01e057f07075c1395caa44a77a09c\"},\"headline\":\"FERIA DE VALENCIA HABITAT 2019 : UNA FERIA DE MUEBLES DE VERDAD\",\"datePublished\":\"2019-09-09T17:28:20+00:00\",\"dateModified\":\"2021-06-07T07:52:30+00:00\",\"mainEntityOfPage\":{\"@id\":\"https:\\\/\\\/comercmoble.com\\\/ca\\\/feria-de-valencia-habitat-2019-una-feria-de-muebles-de-verdad\\\/\"},\"wordCount\":174,\"publisher\":{\"@id\":\"https:\\\/\\\/comercmoble.com\\\/ca\\\/#organization\"},\"image\":{\"@id\":\"https:\\\/\\\/comercmoble.com\\\/ca\\\/feria-de-valencia-habitat-2019-una-feria-de-muebles-de-verdad\\\/#primaryimage\"},\"thumbnailUrl\":\"https:\\\/\\\/comercmoble.com\\\/wp-content\\\/uploads\\\/2019\\\/09\\\/HABITAT-2019.jpg\",\"articleSection\":[\"Sense categoria\"],\"inLanguage\":\"va-VA\"},{\"@type\":\"WebPage\",\"@id\":\"https:\\\/\\\/comercmoble.com\\\/ca\\\/feria-de-valencia-habitat-2019-una-feria-de-muebles-de-verdad\\\/\",\"url\":\"https:\\\/\\\/comercmoble.com\\\/ca\\\/feria-de-valencia-habitat-2019-una-feria-de-muebles-de-verdad\\\/\",\"name\":\"FERIA DE VALENCIA HABITAT 2019 : UNA FERIA DE MUEBLES DE VERDAD - Comer\u00e7 Moble\",\"isPartOf\":{\"@id\":\"https:\\\/\\\/comercmoble.com\\\/ca\\\/#website\"},\"primaryImageOfPage\":{\"@id\":\"https:\\\/\\\/comercmoble.com\\\/ca\\\/feria-de-valencia-habitat-2019-una-feria-de-muebles-de-verdad\\\/#primaryimage\"},\"image\":{\"@id\":\"https:\\\/\\\/comercmoble.com\\\/ca\\\/feria-de-valencia-habitat-2019-una-feria-de-muebles-de-verdad\\\/#primaryimage\"},\"thumbnailUrl\":\"https:\\\/\\\/comercmoble.com\\\/wp-content\\\/uploads\\\/2019\\\/09\\\/HABITAT-2019.jpg\",\"datePublished\":\"2019-09-09T17:28:20+00:00\",\"dateModified\":\"2021-06-07T07:52:30+00:00\",\"breadcrumb\":{\"@id\":\"https:\\\/\\\/comercmoble.com\\\/ca\\\/feria-de-valencia-habitat-2019-una-feria-de-muebles-de-verdad\\\/#breadcrumb\"},\"inLanguage\":\"va-VA\",\"potentialAction\":[{\"@type\":\"ReadAction\",\"target\":[\"https:\\\/\\\/comercmoble.com\\\/ca\\\/feria-de-valencia-habitat-2019-una-feria-de-muebles-de-verdad\\\/\"]}]},{\"@type\":\"ImageObject\",\"inLanguage\":\"va-VA\",\"@id\":\"https:\\\/\\\/comercmoble.com\\\/ca\\\/feria-de-valencia-habitat-2019-una-feria-de-muebles-de-verdad\\\/#primaryimage\",\"url\":\"https:\\\/\\\/comercmoble.com\\\/wp-content\\\/uploads\\\/2019\\\/09\\\/HABITAT-2019.jpg\",\"contentUrl\":\"https:\\\/\\\/comercmoble.com\\\/wp-content\\\/uploads\\\/2019\\\/09\\\/HABITAT-2019.jpg\",\"width\":900,\"height\":600},{\"@type\":\"BreadcrumbList\",\"@id\":\"https:\\\/\\\/comercmoble.com\\\/ca\\\/feria-de-valencia-habitat-2019-una-feria-de-muebles-de-verdad\\\/#breadcrumb\",\"itemListElement\":[{\"@type\":\"ListItem\",\"position\":1,\"name\":\"Inicio\",\"item\":\"https:\\\/\\\/comercmoble.com\\\/\"},{\"@type\":\"ListItem\",\"position\":2,\"name\":\"Sense categoria\",\"item\":\"https:\\\/\\\/comercmoble.com\\\/ca\\\/category\\\/sense-categoria\\\/\"},{\"@type\":\"ListItem\",\"position\":3,\"name\":\"FERIA DE VALENCIA HABITAT 2019 : UNA FERIA DE MUEBLES DE VERDAD\"}]},{\"@type\":\"WebSite\",\"@id\":\"https:\\\/\\\/comercmoble.com\\\/ca\\\/#website\",\"url\":\"https:\\\/\\\/comercmoble.com\\\/ca\\\/\",\"name\":\"Comer\u00e7 Moble\",\"description\":\"Asociaci\u00f3n de Comercios del Muebles de la Comunidad Valencia\",\"publisher\":{\"@id\":\"https:\\\/\\\/comercmoble.com\\\/ca\\\/#organization\"},\"potentialAction\":[{\"@type\":\"SearchAction\",\"target\":{\"@type\":\"EntryPoint\",\"urlTemplate\":\"https:\\\/\\\/comercmoble.com\\\/ca\\\/?s={search_term_string}\"},\"query-input\":{\"@type\":\"PropertyValueSpecification\",\"valueRequired\":true,\"valueName\":\"search_term_string\"}}],\"inLanguage\":\"va-VA\"},{\"@type\":\"Organization\",\"@id\":\"https:\\\/\\\/comercmoble.com\\\/ca\\\/#organization\",\"name\":\"ASOCIACI\u00d3N PARA LA DISTRIBUCI\u00d3N Y COMERCIO DEL H\u00c1BITAT DE LA COMUNIDAD VALENCIANA\",\"url\":\"https:\\\/\\\/comercmoble.com\\\/ca\\\/\",\"logo\":{\"@type\":\"ImageObject\",\"inLanguage\":\"va-VA\",\"@id\":\"https:\\\/\\\/comercmoble.com\\\/ca\\\/#\\\/schema\\\/logo\\\/image\\\/\",\"url\":\"https:\\\/\\\/comercmoble.com\\\/wp-content\\\/uploads\\\/2018\\\/11\\\/logo.png\",\"contentUrl\":\"https:\\\/\\\/comercmoble.com\\\/wp-content\\\/uploads\\\/2018\\\/11\\\/logo.png\",\"width\":213,\"height\":67,\"caption\":\"ASOCIACI\u00d3N PARA LA DISTRIBUCI\u00d3N Y COMERCIO DEL H\u00c1BITAT DE LA COMUNIDAD VALENCIANA\"},\"image\":{\"@id\":\"https:\\\/\\\/comercmoble.com\\\/ca\\\/#\\\/schema\\\/logo\\\/image\\\/\"}},{\"@type\":\"Person\",\"@id\":\"https:\\\/\\\/comercmoble.com\\\/ca\\\/#\\\/schema\\\/person\\\/f0c01e057f07075c1395caa44a77a09c\",\"name\":\"Carolina\",\"image\":{\"@type\":\"ImageObject\",\"inLanguage\":\"va-VA\",\"@id\":\"https:\\\/\\\/secure.gravatar.com\\\/avatar\\\/4c9e11ce6b5048d5ebc266c8d4992bae6b8174105290963e2df93b7a062fb7e4?s=96&d=mm&r=g\",\"url\":\"https:\\\/\\\/secure.gravatar.com\\\/avatar\\\/4c9e11ce6b5048d5ebc266c8d4992bae6b8174105290963e2df93b7a062fb7e4?s=96&d=mm&r=g\",\"contentUrl\":\"https:\\\/\\\/secure.gravatar.com\\\/avatar\\\/4c9e11ce6b5048d5ebc266c8d4992bae6b8174105290963e2df93b7a062fb7e4?s=96&d=mm&r=g\",\"caption\":\"Carolina\"},\"url\":\"https:\\\/\\\/comercmoble.com\\\/ca\\\/author\\\/juliacomo\\\/\"}]}<\/script>\n<!-- \/ Yoast SEO plugin. -->","yoast_head_json":{"title":"FERIA DE VALENCIA HABITAT 2019 : UNA FERIA DE MUEBLES DE VERDAD - Comer\u00e7 Moble","robots":{"index":"index","follow":"follow","max-snippet":"max-snippet:-1","max-image-preview":"max-image-preview:large","max-video-preview":"max-video-preview:-1"},"canonical":"https:\/\/comercmoble.com\/ca\/feria-de-valencia-habitat-2019-una-feria-de-muebles-de-verdad\/","og_locale":"en_US","og_type":"article","og_title":"FERIA DE VALENCIA HABITAT 2019 : UNA FERIA DE MUEBLES DE VERDAD - Comer\u00e7 Moble","og_description":"Estamos presentes en Feria de Mueble de Valencia Habitat del 17 al 20 de Septiembre de 2019 en el hall de entrada. Si eres una tienda de la Comunidad Valenciana estaremos encantados de poder atenderte y recibirte para explicarte las ventajas de estar junto a mas de 200 puntos de venta promoviendo que el consumidor [&hellip;]","og_url":"https:\/\/comercmoble.com\/ca\/feria-de-valencia-habitat-2019-una-feria-de-muebles-de-verdad\/","og_site_name":"Comer\u00e7 Moble","article_published_time":"2019-09-09T17:28:20+00:00","article_modified_time":"2021-06-07T07:52:30+00:00","og_image":[{"width":900,"height":600,"url":"https:\/\/comercmoble.com\/wp-content\/uploads\/2019\/09\/HABITAT-2019.jpg","type":"image\/jpeg"}],"author":"Carolina","twitter_card":"summary_large_image","twitter_misc":{"Written by":"Carolina","Est. reading time":"1 minute"},"schema":{"@context":"https:\/\/schema.org","@graph":[{"@type":"Article","@id":"https:\/\/comercmoble.com\/ca\/feria-de-valencia-habitat-2019-una-feria-de-muebles-de-verdad\/#article","isPartOf":{"@id":"https:\/\/comercmoble.com\/ca\/feria-de-valencia-habitat-2019-una-feria-de-muebles-de-verdad\/"},"author":{"name":"Carolina","@id":"https:\/\/comercmoble.com\/ca\/#\/schema\/person\/f0c01e057f07075c1395caa44a77a09c"},"headline":"FERIA DE VALENCIA HABITAT 2019 : UNA FERIA DE MUEBLES DE VERDAD","datePublished":"2019-09-09T17:28:20+00:00","dateModified":"2021-06-07T07:52:30+00:00","mainEntityOfPage":{"@id":"https:\/\/comercmoble.com\/ca\/feria-de-valencia-habitat-2019-una-feria-de-muebles-de-verdad\/"},"wordCount":174,"publisher":{"@id":"https:\/\/comercmoble.com\/ca\/#organization"},"image":{"@id":"https:\/\/comercmoble.com\/ca\/feria-de-valencia-habitat-2019-una-feria-de-muebles-de-verdad\/#primaryimage"},"thumbnailUrl":"https:\/\/comercmoble.com\/wp-content\/uploads\/2019\/09\/HABITAT-2019.jpg","articleSection":["Sense categoria"],"inLanguage":"va-VA"},{"@type":"WebPage","@id":"https:\/\/comercmoble.com\/ca\/feria-de-valencia-habitat-2019-una-feria-de-muebles-de-verdad\/","url":"https:\/\/comercmoble.com\/ca\/feria-de-valencia-habitat-2019-una-feria-de-muebles-de-verdad\/","name":"FERIA DE VALENCIA HABITAT 2019 : UNA FERIA DE MUEBLES DE VERDAD - Comer\u00e7 Moble","isPartOf":{"@id":"https:\/\/comercmoble.com\/ca\/#website"},"primaryImageOfPage":{"@id":"https:\/\/comercmoble.com\/ca\/feria-de-valencia-habitat-2019-una-feria-de-muebles-de-verdad\/#primaryimage"},"image":{"@id":"https:\/\/comercmoble.com\/ca\/feria-de-valencia-habitat-2019-una-feria-de-muebles-de-verdad\/#primaryimage"},"thumbnailUrl":"https:\/\/comercmoble.com\/wp-content\/uploads\/2019\/09\/HABITAT-2019.jpg","datePublished":"2019-09-09T17:28:20+00:00","dateModified":"2021-06-07T07:52:30+00:00","breadcrumb":{"@id":"https:\/\/comercmoble.com\/ca\/feria-de-valencia-habitat-2019-una-feria-de-muebles-de-verdad\/#breadcrumb"},"inLanguage":"va-VA","potentialAction":[{"@type":"ReadAction","target":["https:\/\/comercmoble.com\/ca\/feria-de-valencia-habitat-2019-una-feria-de-muebles-de-verdad\/"]}]},{"@type":"ImageObject","inLanguage":"va-VA","@id":"https:\/\/comercmoble.com\/ca\/feria-de-valencia-habitat-2019-una-feria-de-muebles-de-verdad\/#primaryimage","url":"https:\/\/comercmoble.com\/wp-content\/uploads\/2019\/09\/HABITAT-2019.jpg","contentUrl":"https:\/\/comercmoble.com\/wp-content\/uploads\/2019\/09\/HABITAT-2019.jpg","width":900,"height":600},{"@type":"BreadcrumbList","@id":"https:\/\/comercmoble.com\/ca\/feria-de-valencia-habitat-2019-una-feria-de-muebles-de-verdad\/#breadcrumb","itemListElement":[{"@type":"ListItem","position":1,"name":"Inicio","item":"https:\/\/comercmoble.com\/"},{"@type":"ListItem","position":2,"name":"Sense categoria","item":"https:\/\/comercmoble.com\/ca\/category\/sense-categoria\/"},{"@type":"ListItem","position":3,"name":"FERIA DE VALENCIA HABITAT 2019 : UNA FERIA DE MUEBLES DE VERDAD"}]},{"@type":"WebSite","@id":"https:\/\/comercmoble.com\/ca\/#website","url":"https:\/\/comercmoble.com\/ca\/","name":"Comer\u00e7 Moble","description":"Asociaci\u00f3n de Comercios del Muebles de la Comunidad Valencia","publisher":{"@id":"https:\/\/comercmoble.com\/ca\/#organization"},"potentialAction":[{"@type":"SearchAction","target":{"@type":"EntryPoint","urlTemplate":"https:\/\/comercmoble.com\/ca\/?s={search_term_string}"},"query-input":{"@type":"PropertyValueSpecification","valueRequired":true,"valueName":"search_term_string"}}],"inLanguage":"va-VA"},{"@type":"Organization","@id":"https:\/\/comercmoble.com\/ca\/#organization","name":"ASOCIACI\u00d3N PARA LA DISTRIBUCI\u00d3N Y COMERCIO DEL H\u00c1BITAT DE LA COMUNIDAD VALENCIANA","url":"https:\/\/comercmoble.com\/ca\/","logo":{"@type":"ImageObject","inLanguage":"va-VA","@id":"https:\/\/comercmoble.com\/ca\/#\/schema\/logo\/image\/","url":"https:\/\/comercmoble.com\/wp-content\/uploads\/2018\/11\/logo.png","contentUrl":"https:\/\/comercmoble.com\/wp-content\/uploads\/2018\/11\/logo.png","width":213,"height":67,"caption":"ASOCIACI\u00d3N PARA LA DISTRIBUCI\u00d3N Y COMERCIO DEL H\u00c1BITAT DE LA COMUNIDAD VALENCIANA"},"image":{"@id":"https:\/\/comercmoble.com\/ca\/#\/schema\/logo\/image\/"}},{"@type":"Person","@id":"https:\/\/comercmoble.com\/ca\/#\/schema\/person\/f0c01e057f07075c1395caa44a77a09c","name":"Carolina","image":{"@type":"ImageObject","inLanguage":"va-VA","@id":"https:\/\/secure.gravatar.com\/avatar\/4c9e11ce6b5048d5ebc266c8d4992bae6b8174105290963e2df93b7a062fb7e4?s=96&d=mm&r=g","url":"https:\/\/secure.gravatar.com\/avatar\/4c9e11ce6b5048d5ebc266c8d4992bae6b8174105290963e2df93b7a062fb7e4?s=96&d=mm&r=g","contentUrl":"https:\/\/secure.gravatar.com\/avatar\/4c9e11ce6b5048d5ebc266c8d4992bae6b8174105290963e2df93b7a062fb7e4?s=96&d=mm&r=g","caption":"Carolina"},"url":"https:\/\/comercmoble.com\/ca\/author\/juliacomo\/"}]}},"_links":{"self":[{"href":"https:\/\/comercmoble.com\/ca\/wp-json\/wp\/v2\/posts\/4630","targetHints":{"allow":["GET"]}}],"collection":[{"href":"https:\/\/comercmoble.com\/ca\/wp-json\/wp\/v2\/posts"}],"about":[{"href":"https:\/\/comercmoble.com\/ca\/wp-json\/wp\/v2\/types\/post"}],"author":[{"embeddable":true,"href":"https:\/\/comercmoble.com\/ca\/wp-json\/wp\/v2\/users\/230"}],"replies":[{"embeddable":true,"href":"https:\/\/comercmoble.com\/ca\/wp-json\/wp\/v2\/comments?post=4630"}],"version-history":[{"count":1,"href":"https:\/\/comercmoble.com\/ca\/wp-json\/wp\/v2\/posts\/4630\/revisions"}],"predecessor-version":[{"id":4632,"href":"https:\/\/comercmoble.com\/ca\/wp-json\/wp\/v2\/posts\/4630\/revisions\/4632"}],"wp:featuredmedia":[{"embeddable":true,"href":"https:\/\/comercmoble.com\/ca\/wp-json\/wp\/v2\/media\/3939"}],"wp:attachment":[{"href":"https:\/\/comercmoble.com\/ca\/wp-json\/wp\/v2\/media?parent=4630"}],"wp:term":[{"taxonomy":"category","embeddable":true,"href":"https:\/\/comercmoble.com\/ca\/wp-json\/wp\/v2\/categories?post=4630"},{"taxonomy":"post_tag","embeddable":true,"href":"https:\/\/comercmoble.com\/ca\/wp-json\/wp\/v2\/tags?post=4630"}],"curies":[{"name":"wp","href":"https:\/\/api.w.org\/{rel}","templated":true}]}}