{"id":4627,"date":"2019-09-24T18:57:57","date_gmt":"2019-09-24T16:57:57","guid":{"rendered":"https:\/\/comercmoble.com\/el-regidor-de-comerc-ha-presentat-este-dijous-esta-accio-pionera-que-conjumina-200-punts-de-venda-i-mes-de-3-000-professionals"},"modified":"2021-06-07T09:52:19","modified_gmt":"2021-06-07T07:52:19","slug":"el-regidor-de-comerc-ha-presentat-este-dijous-esta-accio-pionera-que-conjumina-200-punts-de-venda-i-mes-de-3-000-professionals","status":"publish","type":"post","link":"https:\/\/comercmoble.com\/ca\/el-regidor-de-comerc-ha-presentat-este-dijous-esta-accio-pionera-que-conjumina-200-punts-de-venda-i-mes-de-3-000-professionals\/","title":{"rendered":"El regidor de Comercio ha presentado esta acci\u00f3n pionera, que conjunta 200 puntos de venta y m\u00e1s de 3.000 professionales."},"content":{"rendered":"<p>La primera experiencia de consolidaci\u00f3n en una acci\u00f3n com\u00fan de las tiendas de muebles premium se realiza en la Comunitat Valenciana de la mano de Comer\u00e7moble. En nuestra asociaci\u00f3n nos sentimos orgullosos de haber conseguido que mas de 200 puntos de venta y 3000 profesionales se pongan de acuerdo para ofrecer todos ellos \u201cMUebles de verdad\u201d.<\/p>\n<p>Saturados de publicidad e informaci\u00f3n sesgada, en donde se dice a los consumidores que comprar en multinacionales y grandes superficies productos de la otra punta del mundo es lo que hay que hacer, desde nuestra asociaci\u00f3n defendemos la compra responsable, sostenible, que aporta riqueza a la Comunidad, que hace que las personas puedan tener sueldos dignos y los procesos ser respetuosos con la naturaleza y el medio.<\/p>\n<div id=\"attachment_1866\" style=\"width: 310px\" class=\"wp-caption alignnone\"><img loading=\"lazy\" decoding=\"async\" aria-describedby=\"caption-attachment-1866\" class=\"size-medium wp-image-1866\" src=\"https:\/\/comercmoble.com\/wp-content\/uploads\/2019\/09\/0912-Campanya-comerc\u0327-moble-1-300x200.jpg\" alt=\"\" width=\"300\" height=\"200\" srcset=\"https:\/\/comercmoble.com\/wp-content\/uploads\/2019\/09\/0912-Campanya-comerc\u0327-moble-1-300x200.jpg 300w, https:\/\/comercmoble.com\/wp-content\/uploads\/2019\/09\/0912-Campanya-comerc\u0327-moble-1-768x512.jpg 768w, https:\/\/comercmoble.com\/wp-content\/uploads\/2019\/09\/0912-Campanya-comerc\u0327-moble-1-1024x683.jpg 1024w, https:\/\/comercmoble.com\/wp-content\/uploads\/2019\/09\/0912-Campanya-comerc\u0327-moble-1-400x267.jpg 400w, https:\/\/comercmoble.com\/wp-content\/uploads\/2019\/09\/0912-Campanya-comerc\u0327-moble-1-600x400.jpg 600w\" sizes=\"(max-width: 300px) 100vw, 300px\" \/><p id=\"caption-attachment-1866\" class=\"wp-caption-text\">VALENCIA 2019-09-12<br \/>Carlos Galiana, acompanyat del vicepresident de Comer\u00e7 Moble de Val\u00e8ncia, Juan Luis Benlliure, el president de Confecomer\u00e7 Rafael Torres, i la secret\u00e0ria general de Comer\u00e7 Moble, Ligia Rodrigo, presenta en roda de premsa la campanya publicit\u00e0ria que han creat el Comer\u00e7 del Moble i l&#8217;H\u00e0bitat Comunitat Valenciana<\/p><\/div>\n<p>Muebles de verdad que aportan valor tambi\u00e9n a las casas y al entorno proporcionando un estilo de vida actual y funcional, y a la vez bonito y agradable.<br \/>\nTener las casas en condiciones de vida.<\/p>\n<p>Como dice la directora general el gt\u00e9rmino EconoVIDA es el que hay que defender, la econom\u00eda la servicio de las personal y el medio ambiente.<br \/>\nDesde MUEBLES DE VERDAD queremos deciros que las tiendas de muebles de cerca de tu casa, cercanas a t\u00ed, tienen lo que buscas, al mejor precio y en las mejores condiciones y con productos de proximidad, todo esto nos acerca al futuro que queremos y no al de las multinacionales del beneficio a corto plazo.<br \/>\nConsumir muebles de verdad ayuda a nuestra econom\u00eda y bienestar<\/p>\n","protected":false},"excerpt":{"rendered":"<p>La primera experiencia de consolidaci\u00f3n en una acci\u00f3n com\u00fan de las tiendas de muebles premium se realiza en la Comunitat Valenciana de la mano de Comer\u00e7moble. En nuestra asociaci\u00f3n nos sentimos orgullosos de haber conseguido que mas de 200 puntos de venta y 3000 profesionales se pongan de acuerdo para ofrecer todos ellos \u201cMUebles de [&hellip;]<\/p>\n","protected":false},"author":230,"featured_media":3940,"comment_status":"closed","ping_status":"closed","sticky":false,"template":"","format":"standard","meta":{"_et_pb_use_builder":"","_et_pb_old_content":"","_et_gb_content_width":"","footnotes":""},"categories":[256],"tags":[],"class_list":["post-4627","post","type-post","status-publish","format-standard","has-post-thumbnail","hentry","category-sense-categoria"],"yoast_head":"<!-- This site is optimized with the Yoast SEO plugin v27.4 - https:\/\/yoast.com\/product\/yoast-seo-wordpress\/ -->\n<title>El regidor de Comercio ha presentado esta acci\u00f3n pionera, que conjunta 200 puntos de venta y m\u00e1s de 3.000 professionales. - Comer\u00e7 Moble<\/title>\n<meta name=\"robots\" content=\"index, follow, max-snippet:-1, max-image-preview:large, max-video-preview:-1\" \/>\n<link rel=\"canonical\" href=\"https:\/\/comercmoble.com\/ca\/el-regidor-de-comerc-ha-presentat-este-dijous-esta-accio-pionera-que-conjumina-200-punts-de-venda-i-mes-de-3-000-professionals\/\" \/>\n<meta property=\"og:locale\" content=\"en_US\" \/>\n<meta property=\"og:type\" content=\"article\" \/>\n<meta property=\"og:title\" content=\"El regidor de Comercio ha presentado esta acci\u00f3n pionera, que conjunta 200 puntos de venta y m\u00e1s de 3.000 professionales. - Comer\u00e7 Moble\" \/>\n<meta property=\"og:description\" content=\"La primera experiencia de consolidaci\u00f3n en una acci\u00f3n com\u00fan de las tiendas de muebles premium se realiza en la Comunitat Valenciana de la mano de Comer\u00e7moble. En nuestra asociaci\u00f3n nos sentimos orgullosos de haber conseguido que mas de 200 puntos de venta y 3000 profesionales se pongan de acuerdo para ofrecer todos ellos \u201cMUebles de [&hellip;]\" \/>\n<meta property=\"og:url\" content=\"https:\/\/comercmoble.com\/ca\/el-regidor-de-comerc-ha-presentat-este-dijous-esta-accio-pionera-que-conjumina-200-punts-de-venda-i-mes-de-3-000-professionals\/\" \/>\n<meta property=\"og:site_name\" content=\"Comer\u00e7 Moble\" \/>\n<meta property=\"article:published_time\" content=\"2019-09-24T16:57:57+00:00\" \/>\n<meta property=\"article:modified_time\" content=\"2021-06-07T07:52:19+00:00\" \/>\n<meta property=\"og:image\" content=\"https:\/\/comercmoble.com\/wp-content\/uploads\/2019\/09\/0912-Campanya-comerc\u0327-moble-2.jpg\" \/>\n\t<meta property=\"og:image:width\" content=\"2362\" \/>\n\t<meta property=\"og:image:height\" content=\"1575\" \/>\n\t<meta property=\"og:image:type\" content=\"image\/jpeg\" \/>\n<meta name=\"author\" content=\"Carolina\" \/>\n<meta name=\"twitter:card\" content=\"summary_large_image\" \/>\n<meta name=\"twitter:label1\" content=\"Written by\" \/>\n\t<meta name=\"twitter:data1\" content=\"Carolina\" \/>\n\t<meta name=\"twitter:label2\" content=\"Est. reading time\" \/>\n\t<meta name=\"twitter:data2\" content=\"2 minutes\" \/>\n<script type=\"application\/ld+json\" class=\"yoast-schema-graph\">{\"@context\":\"https:\\\/\\\/schema.org\",\"@graph\":[{\"@type\":\"Article\",\"@id\":\"https:\\\/\\\/comercmoble.com\\\/ca\\\/el-regidor-de-comerc-ha-presentat-este-dijous-esta-accio-pionera-que-conjumina-200-punts-de-venda-i-mes-de-3-000-professionals\\\/#article\",\"isPartOf\":{\"@id\":\"https:\\\/\\\/comercmoble.com\\\/ca\\\/el-regidor-de-comerc-ha-presentat-este-dijous-esta-accio-pionera-que-conjumina-200-punts-de-venda-i-mes-de-3-000-professionals\\\/\"},\"author\":{\"name\":\"Carolina\",\"@id\":\"https:\\\/\\\/comercmoble.com\\\/ca\\\/#\\\/schema\\\/person\\\/f0c01e057f07075c1395caa44a77a09c\"},\"headline\":\"El regidor de Comercio ha presentado esta acci\u00f3n pionera, que conjunta 200 puntos de venta y m\u00e1s de 3.000 professionales.\",\"datePublished\":\"2019-09-24T16:57:57+00:00\",\"dateModified\":\"2021-06-07T07:52:19+00:00\",\"mainEntityOfPage\":{\"@id\":\"https:\\\/\\\/comercmoble.com\\\/ca\\\/el-regidor-de-comerc-ha-presentat-este-dijous-esta-accio-pionera-que-conjumina-200-punts-de-venda-i-mes-de-3-000-professionals\\\/\"},\"wordCount\":339,\"publisher\":{\"@id\":\"https:\\\/\\\/comercmoble.com\\\/ca\\\/#organization\"},\"image\":{\"@id\":\"https:\\\/\\\/comercmoble.com\\\/ca\\\/el-regidor-de-comerc-ha-presentat-este-dijous-esta-accio-pionera-que-conjumina-200-punts-de-venda-i-mes-de-3-000-professionals\\\/#primaryimage\"},\"thumbnailUrl\":\"https:\\\/\\\/comercmoble.com\\\/wp-content\\\/uploads\\\/2019\\\/09\\\/0912-Campanya-comerc\u0327-moble-2.jpg\",\"articleSection\":[\"Sense categoria\"],\"inLanguage\":\"va-VA\"},{\"@type\":\"WebPage\",\"@id\":\"https:\\\/\\\/comercmoble.com\\\/ca\\\/el-regidor-de-comerc-ha-presentat-este-dijous-esta-accio-pionera-que-conjumina-200-punts-de-venda-i-mes-de-3-000-professionals\\\/\",\"url\":\"https:\\\/\\\/comercmoble.com\\\/ca\\\/el-regidor-de-comerc-ha-presentat-este-dijous-esta-accio-pionera-que-conjumina-200-punts-de-venda-i-mes-de-3-000-professionals\\\/\",\"name\":\"El regidor de Comercio ha presentado esta acci\u00f3n pionera, que conjunta 200 puntos de venta y m\u00e1s de 3.000 professionales. - Comer\u00e7 Moble\",\"isPartOf\":{\"@id\":\"https:\\\/\\\/comercmoble.com\\\/ca\\\/#website\"},\"primaryImageOfPage\":{\"@id\":\"https:\\\/\\\/comercmoble.com\\\/ca\\\/el-regidor-de-comerc-ha-presentat-este-dijous-esta-accio-pionera-que-conjumina-200-punts-de-venda-i-mes-de-3-000-professionals\\\/#primaryimage\"},\"image\":{\"@id\":\"https:\\\/\\\/comercmoble.com\\\/ca\\\/el-regidor-de-comerc-ha-presentat-este-dijous-esta-accio-pionera-que-conjumina-200-punts-de-venda-i-mes-de-3-000-professionals\\\/#primaryimage\"},\"thumbnailUrl\":\"https:\\\/\\\/comercmoble.com\\\/wp-content\\\/uploads\\\/2019\\\/09\\\/0912-Campanya-comerc\u0327-moble-2.jpg\",\"datePublished\":\"2019-09-24T16:57:57+00:00\",\"dateModified\":\"2021-06-07T07:52:19+00:00\",\"breadcrumb\":{\"@id\":\"https:\\\/\\\/comercmoble.com\\\/ca\\\/el-regidor-de-comerc-ha-presentat-este-dijous-esta-accio-pionera-que-conjumina-200-punts-de-venda-i-mes-de-3-000-professionals\\\/#breadcrumb\"},\"inLanguage\":\"va-VA\",\"potentialAction\":[{\"@type\":\"ReadAction\",\"target\":[\"https:\\\/\\\/comercmoble.com\\\/ca\\\/el-regidor-de-comerc-ha-presentat-este-dijous-esta-accio-pionera-que-conjumina-200-punts-de-venda-i-mes-de-3-000-professionals\\\/\"]}]},{\"@type\":\"ImageObject\",\"inLanguage\":\"va-VA\",\"@id\":\"https:\\\/\\\/comercmoble.com\\\/ca\\\/el-regidor-de-comerc-ha-presentat-este-dijous-esta-accio-pionera-que-conjumina-200-punts-de-venda-i-mes-de-3-000-professionals\\\/#primaryimage\",\"url\":\"https:\\\/\\\/comercmoble.com\\\/wp-content\\\/uploads\\\/2019\\\/09\\\/0912-Campanya-comerc\u0327-moble-2.jpg\",\"contentUrl\":\"https:\\\/\\\/comercmoble.com\\\/wp-content\\\/uploads\\\/2019\\\/09\\\/0912-Campanya-comerc\u0327-moble-2.jpg\",\"width\":2362,\"height\":1575,\"caption\":\"VALENCIA 2019-09-12 Carlos Galiana, acompanyat del vicepresident de Comer\u00e7 Moble de Val\u00e8ncia, Juan Luis Benlliure, el president de Confecomer\u00e7 Rafael Torres, i la secret\u00e0ria general de Comer\u00e7 Moble, Ligia Rodrigo, presenta en roda de premsa la campanya publicit\u00e0ria que han creat el Comer\u00e7 del Moble i l'H\u00e0bitat Comunitat Valenciana\"},{\"@type\":\"BreadcrumbList\",\"@id\":\"https:\\\/\\\/comercmoble.com\\\/ca\\\/el-regidor-de-comerc-ha-presentat-este-dijous-esta-accio-pionera-que-conjumina-200-punts-de-venda-i-mes-de-3-000-professionals\\\/#breadcrumb\",\"itemListElement\":[{\"@type\":\"ListItem\",\"position\":1,\"name\":\"Inicio\",\"item\":\"https:\\\/\\\/comercmoble.com\\\/\"},{\"@type\":\"ListItem\",\"position\":2,\"name\":\"Sense categoria\",\"item\":\"https:\\\/\\\/comercmoble.com\\\/ca\\\/category\\\/sense-categoria\\\/\"},{\"@type\":\"ListItem\",\"position\":3,\"name\":\"El regidor de Comercio ha presentado esta acci\u00f3n pionera, que conjunta 200 puntos de venta y m\u00e1s de 3.000 professionales.\"}]},{\"@type\":\"WebSite\",\"@id\":\"https:\\\/\\\/comercmoble.com\\\/ca\\\/#website\",\"url\":\"https:\\\/\\\/comercmoble.com\\\/ca\\\/\",\"name\":\"Comer\u00e7 Moble\",\"description\":\"Asociaci\u00f3n de Comercios del Muebles de la Comunidad Valencia\",\"publisher\":{\"@id\":\"https:\\\/\\\/comercmoble.com\\\/ca\\\/#organization\"},\"potentialAction\":[{\"@type\":\"SearchAction\",\"target\":{\"@type\":\"EntryPoint\",\"urlTemplate\":\"https:\\\/\\\/comercmoble.com\\\/ca\\\/?s={search_term_string}\"},\"query-input\":{\"@type\":\"PropertyValueSpecification\",\"valueRequired\":true,\"valueName\":\"search_term_string\"}}],\"inLanguage\":\"va-VA\"},{\"@type\":\"Organization\",\"@id\":\"https:\\\/\\\/comercmoble.com\\\/ca\\\/#organization\",\"name\":\"ASOCIACI\u00d3N PARA LA DISTRIBUCI\u00d3N Y COMERCIO DEL H\u00c1BITAT DE LA COMUNIDAD VALENCIANA\",\"url\":\"https:\\\/\\\/comercmoble.com\\\/ca\\\/\",\"logo\":{\"@type\":\"ImageObject\",\"inLanguage\":\"va-VA\",\"@id\":\"https:\\\/\\\/comercmoble.com\\\/ca\\\/#\\\/schema\\\/logo\\\/image\\\/\",\"url\":\"https:\\\/\\\/comercmoble.com\\\/wp-content\\\/uploads\\\/2018\\\/11\\\/logo.png\",\"contentUrl\":\"https:\\\/\\\/comercmoble.com\\\/wp-content\\\/uploads\\\/2018\\\/11\\\/logo.png\",\"width\":213,\"height\":67,\"caption\":\"ASOCIACI\u00d3N PARA LA DISTRIBUCI\u00d3N Y COMERCIO DEL H\u00c1BITAT DE LA COMUNIDAD VALENCIANA\"},\"image\":{\"@id\":\"https:\\\/\\\/comercmoble.com\\\/ca\\\/#\\\/schema\\\/logo\\\/image\\\/\"}},{\"@type\":\"Person\",\"@id\":\"https:\\\/\\\/comercmoble.com\\\/ca\\\/#\\\/schema\\\/person\\\/f0c01e057f07075c1395caa44a77a09c\",\"name\":\"Carolina\",\"image\":{\"@type\":\"ImageObject\",\"inLanguage\":\"va-VA\",\"@id\":\"https:\\\/\\\/secure.gravatar.com\\\/avatar\\\/4c9e11ce6b5048d5ebc266c8d4992bae6b8174105290963e2df93b7a062fb7e4?s=96&d=mm&r=g\",\"url\":\"https:\\\/\\\/secure.gravatar.com\\\/avatar\\\/4c9e11ce6b5048d5ebc266c8d4992bae6b8174105290963e2df93b7a062fb7e4?s=96&d=mm&r=g\",\"contentUrl\":\"https:\\\/\\\/secure.gravatar.com\\\/avatar\\\/4c9e11ce6b5048d5ebc266c8d4992bae6b8174105290963e2df93b7a062fb7e4?s=96&d=mm&r=g\",\"caption\":\"Carolina\"},\"url\":\"https:\\\/\\\/comercmoble.com\\\/ca\\\/author\\\/juliacomo\\\/\"}]}<\/script>\n<!-- \/ Yoast SEO plugin. -->","yoast_head_json":{"title":"El regidor de Comercio ha presentado esta acci\u00f3n pionera, que conjunta 200 puntos de venta y m\u00e1s de 3.000 professionales. - Comer\u00e7 Moble","robots":{"index":"index","follow":"follow","max-snippet":"max-snippet:-1","max-image-preview":"max-image-preview:large","max-video-preview":"max-video-preview:-1"},"canonical":"https:\/\/comercmoble.com\/ca\/el-regidor-de-comerc-ha-presentat-este-dijous-esta-accio-pionera-que-conjumina-200-punts-de-venda-i-mes-de-3-000-professionals\/","og_locale":"en_US","og_type":"article","og_title":"El regidor de Comercio ha presentado esta acci\u00f3n pionera, que conjunta 200 puntos de venta y m\u00e1s de 3.000 professionales. - Comer\u00e7 Moble","og_description":"La primera experiencia de consolidaci\u00f3n en una acci\u00f3n com\u00fan de las tiendas de muebles premium se realiza en la Comunitat Valenciana de la mano de Comer\u00e7moble. En nuestra asociaci\u00f3n nos sentimos orgullosos de haber conseguido que mas de 200 puntos de venta y 3000 profesionales se pongan de acuerdo para ofrecer todos ellos \u201cMUebles de [&hellip;]","og_url":"https:\/\/comercmoble.com\/ca\/el-regidor-de-comerc-ha-presentat-este-dijous-esta-accio-pionera-que-conjumina-200-punts-de-venda-i-mes-de-3-000-professionals\/","og_site_name":"Comer\u00e7 Moble","article_published_time":"2019-09-24T16:57:57+00:00","article_modified_time":"2021-06-07T07:52:19+00:00","og_image":[{"width":2362,"height":1575,"url":"https:\/\/comercmoble.com\/wp-content\/uploads\/2019\/09\/0912-Campanya-comerc\u0327-moble-2.jpg","type":"image\/jpeg"}],"author":"Carolina","twitter_card":"summary_large_image","twitter_misc":{"Written by":"Carolina","Est. reading time":"2 minutes"},"schema":{"@context":"https:\/\/schema.org","@graph":[{"@type":"Article","@id":"https:\/\/comercmoble.com\/ca\/el-regidor-de-comerc-ha-presentat-este-dijous-esta-accio-pionera-que-conjumina-200-punts-de-venda-i-mes-de-3-000-professionals\/#article","isPartOf":{"@id":"https:\/\/comercmoble.com\/ca\/el-regidor-de-comerc-ha-presentat-este-dijous-esta-accio-pionera-que-conjumina-200-punts-de-venda-i-mes-de-3-000-professionals\/"},"author":{"name":"Carolina","@id":"https:\/\/comercmoble.com\/ca\/#\/schema\/person\/f0c01e057f07075c1395caa44a77a09c"},"headline":"El regidor de Comercio ha presentado esta acci\u00f3n pionera, que conjunta 200 puntos de venta y m\u00e1s de 3.000 professionales.","datePublished":"2019-09-24T16:57:57+00:00","dateModified":"2021-06-07T07:52:19+00:00","mainEntityOfPage":{"@id":"https:\/\/comercmoble.com\/ca\/el-regidor-de-comerc-ha-presentat-este-dijous-esta-accio-pionera-que-conjumina-200-punts-de-venda-i-mes-de-3-000-professionals\/"},"wordCount":339,"publisher":{"@id":"https:\/\/comercmoble.com\/ca\/#organization"},"image":{"@id":"https:\/\/comercmoble.com\/ca\/el-regidor-de-comerc-ha-presentat-este-dijous-esta-accio-pionera-que-conjumina-200-punts-de-venda-i-mes-de-3-000-professionals\/#primaryimage"},"thumbnailUrl":"https:\/\/comercmoble.com\/wp-content\/uploads\/2019\/09\/0912-Campanya-comerc\u0327-moble-2.jpg","articleSection":["Sense categoria"],"inLanguage":"va-VA"},{"@type":"WebPage","@id":"https:\/\/comercmoble.com\/ca\/el-regidor-de-comerc-ha-presentat-este-dijous-esta-accio-pionera-que-conjumina-200-punts-de-venda-i-mes-de-3-000-professionals\/","url":"https:\/\/comercmoble.com\/ca\/el-regidor-de-comerc-ha-presentat-este-dijous-esta-accio-pionera-que-conjumina-200-punts-de-venda-i-mes-de-3-000-professionals\/","name":"El regidor de Comercio ha presentado esta acci\u00f3n pionera, que conjunta 200 puntos de venta y m\u00e1s de 3.000 professionales. - Comer\u00e7 Moble","isPartOf":{"@id":"https:\/\/comercmoble.com\/ca\/#website"},"primaryImageOfPage":{"@id":"https:\/\/comercmoble.com\/ca\/el-regidor-de-comerc-ha-presentat-este-dijous-esta-accio-pionera-que-conjumina-200-punts-de-venda-i-mes-de-3-000-professionals\/#primaryimage"},"image":{"@id":"https:\/\/comercmoble.com\/ca\/el-regidor-de-comerc-ha-presentat-este-dijous-esta-accio-pionera-que-conjumina-200-punts-de-venda-i-mes-de-3-000-professionals\/#primaryimage"},"thumbnailUrl":"https:\/\/comercmoble.com\/wp-content\/uploads\/2019\/09\/0912-Campanya-comerc\u0327-moble-2.jpg","datePublished":"2019-09-24T16:57:57+00:00","dateModified":"2021-06-07T07:52:19+00:00","breadcrumb":{"@id":"https:\/\/comercmoble.com\/ca\/el-regidor-de-comerc-ha-presentat-este-dijous-esta-accio-pionera-que-conjumina-200-punts-de-venda-i-mes-de-3-000-professionals\/#breadcrumb"},"inLanguage":"va-VA","potentialAction":[{"@type":"ReadAction","target":["https:\/\/comercmoble.com\/ca\/el-regidor-de-comerc-ha-presentat-este-dijous-esta-accio-pionera-que-conjumina-200-punts-de-venda-i-mes-de-3-000-professionals\/"]}]},{"@type":"ImageObject","inLanguage":"va-VA","@id":"https:\/\/comercmoble.com\/ca\/el-regidor-de-comerc-ha-presentat-este-dijous-esta-accio-pionera-que-conjumina-200-punts-de-venda-i-mes-de-3-000-professionals\/#primaryimage","url":"https:\/\/comercmoble.com\/wp-content\/uploads\/2019\/09\/0912-Campanya-comerc\u0327-moble-2.jpg","contentUrl":"https:\/\/comercmoble.com\/wp-content\/uploads\/2019\/09\/0912-Campanya-comerc\u0327-moble-2.jpg","width":2362,"height":1575,"caption":"VALENCIA 2019-09-12 Carlos Galiana, acompanyat del vicepresident de Comer\u00e7 Moble de Val\u00e8ncia, Juan Luis Benlliure, el president de Confecomer\u00e7 Rafael Torres, i la secret\u00e0ria general de Comer\u00e7 Moble, Ligia Rodrigo, presenta en roda de premsa la campanya publicit\u00e0ria que han creat el Comer\u00e7 del Moble i l'H\u00e0bitat Comunitat Valenciana"},{"@type":"BreadcrumbList","@id":"https:\/\/comercmoble.com\/ca\/el-regidor-de-comerc-ha-presentat-este-dijous-esta-accio-pionera-que-conjumina-200-punts-de-venda-i-mes-de-3-000-professionals\/#breadcrumb","itemListElement":[{"@type":"ListItem","position":1,"name":"Inicio","item":"https:\/\/comercmoble.com\/"},{"@type":"ListItem","position":2,"name":"Sense categoria","item":"https:\/\/comercmoble.com\/ca\/category\/sense-categoria\/"},{"@type":"ListItem","position":3,"name":"El regidor de Comercio ha presentado esta acci\u00f3n pionera, que conjunta 200 puntos de venta y m\u00e1s de 3.000 professionales."}]},{"@type":"WebSite","@id":"https:\/\/comercmoble.com\/ca\/#website","url":"https:\/\/comercmoble.com\/ca\/","name":"Comer\u00e7 Moble","description":"Asociaci\u00f3n de Comercios del Muebles de la Comunidad Valencia","publisher":{"@id":"https:\/\/comercmoble.com\/ca\/#organization"},"potentialAction":[{"@type":"SearchAction","target":{"@type":"EntryPoint","urlTemplate":"https:\/\/comercmoble.com\/ca\/?s={search_term_string}"},"query-input":{"@type":"PropertyValueSpecification","valueRequired":true,"valueName":"search_term_string"}}],"inLanguage":"va-VA"},{"@type":"Organization","@id":"https:\/\/comercmoble.com\/ca\/#organization","name":"ASOCIACI\u00d3N PARA LA DISTRIBUCI\u00d3N Y COMERCIO DEL H\u00c1BITAT DE LA COMUNIDAD VALENCIANA","url":"https:\/\/comercmoble.com\/ca\/","logo":{"@type":"ImageObject","inLanguage":"va-VA","@id":"https:\/\/comercmoble.com\/ca\/#\/schema\/logo\/image\/","url":"https:\/\/comercmoble.com\/wp-content\/uploads\/2018\/11\/logo.png","contentUrl":"https:\/\/comercmoble.com\/wp-content\/uploads\/2018\/11\/logo.png","width":213,"height":67,"caption":"ASOCIACI\u00d3N PARA LA DISTRIBUCI\u00d3N Y COMERCIO DEL H\u00c1BITAT DE LA COMUNIDAD VALENCIANA"},"image":{"@id":"https:\/\/comercmoble.com\/ca\/#\/schema\/logo\/image\/"}},{"@type":"Person","@id":"https:\/\/comercmoble.com\/ca\/#\/schema\/person\/f0c01e057f07075c1395caa44a77a09c","name":"Carolina","image":{"@type":"ImageObject","inLanguage":"va-VA","@id":"https:\/\/secure.gravatar.com\/avatar\/4c9e11ce6b5048d5ebc266c8d4992bae6b8174105290963e2df93b7a062fb7e4?s=96&d=mm&r=g","url":"https:\/\/secure.gravatar.com\/avatar\/4c9e11ce6b5048d5ebc266c8d4992bae6b8174105290963e2df93b7a062fb7e4?s=96&d=mm&r=g","contentUrl":"https:\/\/secure.gravatar.com\/avatar\/4c9e11ce6b5048d5ebc266c8d4992bae6b8174105290963e2df93b7a062fb7e4?s=96&d=mm&r=g","caption":"Carolina"},"url":"https:\/\/comercmoble.com\/ca\/author\/juliacomo\/"}]}},"_links":{"self":[{"href":"https:\/\/comercmoble.com\/ca\/wp-json\/wp\/v2\/posts\/4627","targetHints":{"allow":["GET"]}}],"collection":[{"href":"https:\/\/comercmoble.com\/ca\/wp-json\/wp\/v2\/posts"}],"about":[{"href":"https:\/\/comercmoble.com\/ca\/wp-json\/wp\/v2\/types\/post"}],"author":[{"embeddable":true,"href":"https:\/\/comercmoble.com\/ca\/wp-json\/wp\/v2\/users\/230"}],"replies":[{"embeddable":true,"href":"https:\/\/comercmoble.com\/ca\/wp-json\/wp\/v2\/comments?post=4627"}],"version-history":[{"count":1,"href":"https:\/\/comercmoble.com\/ca\/wp-json\/wp\/v2\/posts\/4627\/revisions"}],"predecessor-version":[{"id":4629,"href":"https:\/\/comercmoble.com\/ca\/wp-json\/wp\/v2\/posts\/4627\/revisions\/4629"}],"wp:featuredmedia":[{"embeddable":true,"href":"https:\/\/comercmoble.com\/ca\/wp-json\/wp\/v2\/media\/3940"}],"wp:attachment":[{"href":"https:\/\/comercmoble.com\/ca\/wp-json\/wp\/v2\/media?parent=4627"}],"wp:term":[{"taxonomy":"category","embeddable":true,"href":"https:\/\/comercmoble.com\/ca\/wp-json\/wp\/v2\/categories?post=4627"},{"taxonomy":"post_tag","embeddable":true,"href":"https:\/\/comercmoble.com\/ca\/wp-json\/wp\/v2\/tags?post=4627"}],"curies":[{"name":"wp","href":"https:\/\/api.w.org\/{rel}","templated":true}]}}