{"id":4624,"date":"2019-10-16T20:27:37","date_gmt":"2019-10-16T18:27:37","guid":{"rendered":"https:\/\/comercmoble.com\/taller-23-de-octubre-tiendas-de-muebles-el-reto-de-seguir-compitiendo"},"modified":"2021-06-07T09:52:10","modified_gmt":"2021-06-07T07:52:10","slug":"taller-23-de-octubre-tiendas-de-muebles-el-reto-de-seguir-compitiendo","status":"publish","type":"post","link":"https:\/\/comercmoble.com\/ca\/taller-23-de-octubre-tiendas-de-muebles-el-reto-de-seguir-compitiendo\/","title":{"rendered":"Taller 23 de Octubre &#8211; Tiendas de muebles, el reto de seguir compitiendo."},"content":{"rendered":"<p><img loading=\"lazy\" decoding=\"async\" class=\"alignnone wp-image-1930\" src=\"https:\/\/comercmoble.com\/wp-content\/uploads\/2019\/10\/RETODESEGURI-164x300.jpg\" alt=\"\" width=\"632\" height=\"1156\" srcset=\"https:\/\/comercmoble.com\/wp-content\/uploads\/2019\/10\/RETODESEGURI-164x300.jpg 164w, https:\/\/comercmoble.com\/wp-content\/uploads\/2019\/10\/RETODESEGURI-400x733.jpg 400w\" sizes=\"(max-width: 632px) 100vw, 632px\" \/><\/p>\n","protected":false},"excerpt":{"rendered":"<p><img loading=\"lazy\" decoding=\"async\" class=\"alignnone size-medium wp-image-1930\" src=\"https:\/\/comercmoble.com\/wp-content\/uploads\/2019\/10\/RETODESEGURI-164x300.jpg\" alt=\"\" width=\"164\" height=\"300\" srcset=\"https:\/\/comercmoble.com\/wp-content\/uploads\/2019\/10\/RETODESEGURI-164x300.jpg 164w, https:\/\/comercmoble.com\/wp-content\/uploads\/2019\/10\/RETODESEGURI-559x1024.jpg 559w, https:\/\/comercmoble.com\/wp-content\/uploads\/2019\/10\/RETODESEGURI-400x733.jpg 400w, https:\/\/comercmoble.com\/wp-content\/uploads\/2019\/10\/RETODESEGURI.jpg 600w\" sizes=\"(max-width: 164px) 100vw, 164px\" \/>&#8230;<\/p>\n","protected":false},"author":230,"featured_media":3943,"comment_status":"closed","ping_status":"closed","sticky":false,"template":"","format":"standard","meta":{"_et_pb_use_builder":"","_et_pb_old_content":"","_et_gb_content_width":"","footnotes":""},"categories":[256],"tags":[],"class_list":["post-4624","post","type-post","status-publish","format-standard","has-post-thumbnail","hentry","category-sense-categoria"],"yoast_head":"<!-- This site is optimized with the Yoast SEO plugin v27.4 - https:\/\/yoast.com\/product\/yoast-seo-wordpress\/ -->\n<title>Taller 23 de Octubre - Tiendas de muebles, el reto de seguir compitiendo. - Comer\u00e7 Moble<\/title>\n<meta name=\"robots\" content=\"index, follow, max-snippet:-1, max-image-preview:large, max-video-preview:-1\" \/>\n<link rel=\"canonical\" href=\"https:\/\/comercmoble.com\/ca\/taller-23-de-octubre-tiendas-de-muebles-el-reto-de-seguir-compitiendo\/\" \/>\n<meta property=\"og:locale\" content=\"en_US\" \/>\n<meta property=\"og:type\" content=\"article\" \/>\n<meta property=\"og:title\" content=\"Taller 23 de Octubre - Tiendas de muebles, el reto de seguir compitiendo. - Comer\u00e7 Moble\" \/>\n<meta property=\"og:description\" content=\"...\" \/>\n<meta property=\"og:url\" content=\"https:\/\/comercmoble.com\/ca\/taller-23-de-octubre-tiendas-de-muebles-el-reto-de-seguir-compitiendo\/\" \/>\n<meta property=\"og:site_name\" content=\"Comer\u00e7 Moble\" \/>\n<meta property=\"article:published_time\" content=\"2019-10-16T18:27:37+00:00\" \/>\n<meta property=\"article:modified_time\" content=\"2021-06-07T07:52:10+00:00\" \/>\n<meta property=\"og:image\" content=\"https:\/\/comercmoble.com\/wp-content\/uploads\/2019\/10\/RETODESEGURI2.jpg\" \/>\n\t<meta property=\"og:image:width\" content=\"600\" \/>\n\t<meta property=\"og:image:height\" content=\"381\" \/>\n\t<meta property=\"og:image:type\" content=\"image\/jpeg\" \/>\n<meta name=\"author\" content=\"Carolina\" \/>\n<meta name=\"twitter:card\" content=\"summary_large_image\" \/>\n<meta name=\"twitter:label1\" content=\"Written by\" \/>\n\t<meta name=\"twitter:data1\" content=\"Carolina\" \/>\n<script type=\"application\/ld+json\" class=\"yoast-schema-graph\">{\"@context\":\"https:\\\/\\\/schema.org\",\"@graph\":[{\"@type\":\"Article\",\"@id\":\"https:\\\/\\\/comercmoble.com\\\/ca\\\/taller-23-de-octubre-tiendas-de-muebles-el-reto-de-seguir-compitiendo\\\/#article\",\"isPartOf\":{\"@id\":\"https:\\\/\\\/comercmoble.com\\\/ca\\\/taller-23-de-octubre-tiendas-de-muebles-el-reto-de-seguir-compitiendo\\\/\"},\"author\":{\"name\":\"Carolina\",\"@id\":\"https:\\\/\\\/comercmoble.com\\\/ca\\\/#\\\/schema\\\/person\\\/f0c01e057f07075c1395caa44a77a09c\"},\"headline\":\"Taller 23 de Octubre &#8211; Tiendas de muebles, el reto de seguir compitiendo.\",\"datePublished\":\"2019-10-16T18:27:37+00:00\",\"dateModified\":\"2021-06-07T07:52:10+00:00\",\"mainEntityOfPage\":{\"@id\":\"https:\\\/\\\/comercmoble.com\\\/ca\\\/taller-23-de-octubre-tiendas-de-muebles-el-reto-de-seguir-compitiendo\\\/\"},\"wordCount\":12,\"publisher\":{\"@id\":\"https:\\\/\\\/comercmoble.com\\\/ca\\\/#organization\"},\"image\":{\"@id\":\"https:\\\/\\\/comercmoble.com\\\/ca\\\/taller-23-de-octubre-tiendas-de-muebles-el-reto-de-seguir-compitiendo\\\/#primaryimage\"},\"thumbnailUrl\":\"https:\\\/\\\/comercmoble.com\\\/wp-content\\\/uploads\\\/2019\\\/10\\\/RETODESEGURI2.jpg\",\"articleSection\":[\"Sense categoria\"],\"inLanguage\":\"va-VA\"},{\"@type\":\"WebPage\",\"@id\":\"https:\\\/\\\/comercmoble.com\\\/ca\\\/taller-23-de-octubre-tiendas-de-muebles-el-reto-de-seguir-compitiendo\\\/\",\"url\":\"https:\\\/\\\/comercmoble.com\\\/ca\\\/taller-23-de-octubre-tiendas-de-muebles-el-reto-de-seguir-compitiendo\\\/\",\"name\":\"Taller 23 de Octubre - Tiendas de muebles, el reto de seguir compitiendo. - Comer\u00e7 Moble\",\"isPartOf\":{\"@id\":\"https:\\\/\\\/comercmoble.com\\\/ca\\\/#website\"},\"primaryImageOfPage\":{\"@id\":\"https:\\\/\\\/comercmoble.com\\\/ca\\\/taller-23-de-octubre-tiendas-de-muebles-el-reto-de-seguir-compitiendo\\\/#primaryimage\"},\"image\":{\"@id\":\"https:\\\/\\\/comercmoble.com\\\/ca\\\/taller-23-de-octubre-tiendas-de-muebles-el-reto-de-seguir-compitiendo\\\/#primaryimage\"},\"thumbnailUrl\":\"https:\\\/\\\/comercmoble.com\\\/wp-content\\\/uploads\\\/2019\\\/10\\\/RETODESEGURI2.jpg\",\"datePublished\":\"2019-10-16T18:27:37+00:00\",\"dateModified\":\"2021-06-07T07:52:10+00:00\",\"breadcrumb\":{\"@id\":\"https:\\\/\\\/comercmoble.com\\\/ca\\\/taller-23-de-octubre-tiendas-de-muebles-el-reto-de-seguir-compitiendo\\\/#breadcrumb\"},\"inLanguage\":\"va-VA\",\"potentialAction\":[{\"@type\":\"ReadAction\",\"target\":[\"https:\\\/\\\/comercmoble.com\\\/ca\\\/taller-23-de-octubre-tiendas-de-muebles-el-reto-de-seguir-compitiendo\\\/\"]}]},{\"@type\":\"ImageObject\",\"inLanguage\":\"va-VA\",\"@id\":\"https:\\\/\\\/comercmoble.com\\\/ca\\\/taller-23-de-octubre-tiendas-de-muebles-el-reto-de-seguir-compitiendo\\\/#primaryimage\",\"url\":\"https:\\\/\\\/comercmoble.com\\\/wp-content\\\/uploads\\\/2019\\\/10\\\/RETODESEGURI2.jpg\",\"contentUrl\":\"https:\\\/\\\/comercmoble.com\\\/wp-content\\\/uploads\\\/2019\\\/10\\\/RETODESEGURI2.jpg\",\"width\":600,\"height\":381},{\"@type\":\"BreadcrumbList\",\"@id\":\"https:\\\/\\\/comercmoble.com\\\/ca\\\/taller-23-de-octubre-tiendas-de-muebles-el-reto-de-seguir-compitiendo\\\/#breadcrumb\",\"itemListElement\":[{\"@type\":\"ListItem\",\"position\":1,\"name\":\"Inicio\",\"item\":\"https:\\\/\\\/comercmoble.com\\\/\"},{\"@type\":\"ListItem\",\"position\":2,\"name\":\"Sense categoria\",\"item\":\"https:\\\/\\\/comercmoble.com\\\/ca\\\/category\\\/sense-categoria\\\/\"},{\"@type\":\"ListItem\",\"position\":3,\"name\":\"Taller 23 de Octubre &#8211; Tiendas de muebles, el reto de seguir compitiendo.\"}]},{\"@type\":\"WebSite\",\"@id\":\"https:\\\/\\\/comercmoble.com\\\/ca\\\/#website\",\"url\":\"https:\\\/\\\/comercmoble.com\\\/ca\\\/\",\"name\":\"Comer\u00e7 Moble\",\"description\":\"Asociaci\u00f3n de Comercios del Muebles de la Comunidad Valencia\",\"publisher\":{\"@id\":\"https:\\\/\\\/comercmoble.com\\\/ca\\\/#organization\"},\"potentialAction\":[{\"@type\":\"SearchAction\",\"target\":{\"@type\":\"EntryPoint\",\"urlTemplate\":\"https:\\\/\\\/comercmoble.com\\\/ca\\\/?s={search_term_string}\"},\"query-input\":{\"@type\":\"PropertyValueSpecification\",\"valueRequired\":true,\"valueName\":\"search_term_string\"}}],\"inLanguage\":\"va-VA\"},{\"@type\":\"Organization\",\"@id\":\"https:\\\/\\\/comercmoble.com\\\/ca\\\/#organization\",\"name\":\"ASOCIACI\u00d3N PARA LA DISTRIBUCI\u00d3N Y COMERCIO DEL H\u00c1BITAT DE LA COMUNIDAD VALENCIANA\",\"url\":\"https:\\\/\\\/comercmoble.com\\\/ca\\\/\",\"logo\":{\"@type\":\"ImageObject\",\"inLanguage\":\"va-VA\",\"@id\":\"https:\\\/\\\/comercmoble.com\\\/ca\\\/#\\\/schema\\\/logo\\\/image\\\/\",\"url\":\"https:\\\/\\\/comercmoble.com\\\/wp-content\\\/uploads\\\/2018\\\/11\\\/logo.png\",\"contentUrl\":\"https:\\\/\\\/comercmoble.com\\\/wp-content\\\/uploads\\\/2018\\\/11\\\/logo.png\",\"width\":213,\"height\":67,\"caption\":\"ASOCIACI\u00d3N PARA LA DISTRIBUCI\u00d3N Y COMERCIO DEL H\u00c1BITAT DE LA COMUNIDAD VALENCIANA\"},\"image\":{\"@id\":\"https:\\\/\\\/comercmoble.com\\\/ca\\\/#\\\/schema\\\/logo\\\/image\\\/\"}},{\"@type\":\"Person\",\"@id\":\"https:\\\/\\\/comercmoble.com\\\/ca\\\/#\\\/schema\\\/person\\\/f0c01e057f07075c1395caa44a77a09c\",\"name\":\"Carolina\",\"image\":{\"@type\":\"ImageObject\",\"inLanguage\":\"va-VA\",\"@id\":\"https:\\\/\\\/secure.gravatar.com\\\/avatar\\\/4c9e11ce6b5048d5ebc266c8d4992bae6b8174105290963e2df93b7a062fb7e4?s=96&d=mm&r=g\",\"url\":\"https:\\\/\\\/secure.gravatar.com\\\/avatar\\\/4c9e11ce6b5048d5ebc266c8d4992bae6b8174105290963e2df93b7a062fb7e4?s=96&d=mm&r=g\",\"contentUrl\":\"https:\\\/\\\/secure.gravatar.com\\\/avatar\\\/4c9e11ce6b5048d5ebc266c8d4992bae6b8174105290963e2df93b7a062fb7e4?s=96&d=mm&r=g\",\"caption\":\"Carolina\"},\"url\":\"https:\\\/\\\/comercmoble.com\\\/ca\\\/author\\\/juliacomo\\\/\"}]}<\/script>\n<!-- \/ Yoast SEO plugin. -->","yoast_head_json":{"title":"Taller 23 de Octubre - Tiendas de muebles, el reto de seguir compitiendo. - Comer\u00e7 Moble","robots":{"index":"index","follow":"follow","max-snippet":"max-snippet:-1","max-image-preview":"max-image-preview:large","max-video-preview":"max-video-preview:-1"},"canonical":"https:\/\/comercmoble.com\/ca\/taller-23-de-octubre-tiendas-de-muebles-el-reto-de-seguir-compitiendo\/","og_locale":"en_US","og_type":"article","og_title":"Taller 23 de Octubre - Tiendas de muebles, el reto de seguir compitiendo. - Comer\u00e7 Moble","og_description":"...","og_url":"https:\/\/comercmoble.com\/ca\/taller-23-de-octubre-tiendas-de-muebles-el-reto-de-seguir-compitiendo\/","og_site_name":"Comer\u00e7 Moble","article_published_time":"2019-10-16T18:27:37+00:00","article_modified_time":"2021-06-07T07:52:10+00:00","og_image":[{"width":600,"height":381,"url":"https:\/\/comercmoble.com\/wp-content\/uploads\/2019\/10\/RETODESEGURI2.jpg","type":"image\/jpeg"}],"author":"Carolina","twitter_card":"summary_large_image","twitter_misc":{"Written by":"Carolina"},"schema":{"@context":"https:\/\/schema.org","@graph":[{"@type":"Article","@id":"https:\/\/comercmoble.com\/ca\/taller-23-de-octubre-tiendas-de-muebles-el-reto-de-seguir-compitiendo\/#article","isPartOf":{"@id":"https:\/\/comercmoble.com\/ca\/taller-23-de-octubre-tiendas-de-muebles-el-reto-de-seguir-compitiendo\/"},"author":{"name":"Carolina","@id":"https:\/\/comercmoble.com\/ca\/#\/schema\/person\/f0c01e057f07075c1395caa44a77a09c"},"headline":"Taller 23 de Octubre &#8211; Tiendas de muebles, el reto de seguir compitiendo.","datePublished":"2019-10-16T18:27:37+00:00","dateModified":"2021-06-07T07:52:10+00:00","mainEntityOfPage":{"@id":"https:\/\/comercmoble.com\/ca\/taller-23-de-octubre-tiendas-de-muebles-el-reto-de-seguir-compitiendo\/"},"wordCount":12,"publisher":{"@id":"https:\/\/comercmoble.com\/ca\/#organization"},"image":{"@id":"https:\/\/comercmoble.com\/ca\/taller-23-de-octubre-tiendas-de-muebles-el-reto-de-seguir-compitiendo\/#primaryimage"},"thumbnailUrl":"https:\/\/comercmoble.com\/wp-content\/uploads\/2019\/10\/RETODESEGURI2.jpg","articleSection":["Sense categoria"],"inLanguage":"va-VA"},{"@type":"WebPage","@id":"https:\/\/comercmoble.com\/ca\/taller-23-de-octubre-tiendas-de-muebles-el-reto-de-seguir-compitiendo\/","url":"https:\/\/comercmoble.com\/ca\/taller-23-de-octubre-tiendas-de-muebles-el-reto-de-seguir-compitiendo\/","name":"Taller 23 de Octubre - Tiendas de muebles, el reto de seguir compitiendo. - Comer\u00e7 Moble","isPartOf":{"@id":"https:\/\/comercmoble.com\/ca\/#website"},"primaryImageOfPage":{"@id":"https:\/\/comercmoble.com\/ca\/taller-23-de-octubre-tiendas-de-muebles-el-reto-de-seguir-compitiendo\/#primaryimage"},"image":{"@id":"https:\/\/comercmoble.com\/ca\/taller-23-de-octubre-tiendas-de-muebles-el-reto-de-seguir-compitiendo\/#primaryimage"},"thumbnailUrl":"https:\/\/comercmoble.com\/wp-content\/uploads\/2019\/10\/RETODESEGURI2.jpg","datePublished":"2019-10-16T18:27:37+00:00","dateModified":"2021-06-07T07:52:10+00:00","breadcrumb":{"@id":"https:\/\/comercmoble.com\/ca\/taller-23-de-octubre-tiendas-de-muebles-el-reto-de-seguir-compitiendo\/#breadcrumb"},"inLanguage":"va-VA","potentialAction":[{"@type":"ReadAction","target":["https:\/\/comercmoble.com\/ca\/taller-23-de-octubre-tiendas-de-muebles-el-reto-de-seguir-compitiendo\/"]}]},{"@type":"ImageObject","inLanguage":"va-VA","@id":"https:\/\/comercmoble.com\/ca\/taller-23-de-octubre-tiendas-de-muebles-el-reto-de-seguir-compitiendo\/#primaryimage","url":"https:\/\/comercmoble.com\/wp-content\/uploads\/2019\/10\/RETODESEGURI2.jpg","contentUrl":"https:\/\/comercmoble.com\/wp-content\/uploads\/2019\/10\/RETODESEGURI2.jpg","width":600,"height":381},{"@type":"BreadcrumbList","@id":"https:\/\/comercmoble.com\/ca\/taller-23-de-octubre-tiendas-de-muebles-el-reto-de-seguir-compitiendo\/#breadcrumb","itemListElement":[{"@type":"ListItem","position":1,"name":"Inicio","item":"https:\/\/comercmoble.com\/"},{"@type":"ListItem","position":2,"name":"Sense categoria","item":"https:\/\/comercmoble.com\/ca\/category\/sense-categoria\/"},{"@type":"ListItem","position":3,"name":"Taller 23 de Octubre &#8211; Tiendas de muebles, el reto de seguir compitiendo."}]},{"@type":"WebSite","@id":"https:\/\/comercmoble.com\/ca\/#website","url":"https:\/\/comercmoble.com\/ca\/","name":"Comer\u00e7 Moble","description":"Asociaci\u00f3n de Comercios del Muebles de la Comunidad Valencia","publisher":{"@id":"https:\/\/comercmoble.com\/ca\/#organization"},"potentialAction":[{"@type":"SearchAction","target":{"@type":"EntryPoint","urlTemplate":"https:\/\/comercmoble.com\/ca\/?s={search_term_string}"},"query-input":{"@type":"PropertyValueSpecification","valueRequired":true,"valueName":"search_term_string"}}],"inLanguage":"va-VA"},{"@type":"Organization","@id":"https:\/\/comercmoble.com\/ca\/#organization","name":"ASOCIACI\u00d3N PARA LA DISTRIBUCI\u00d3N Y COMERCIO DEL H\u00c1BITAT DE LA COMUNIDAD VALENCIANA","url":"https:\/\/comercmoble.com\/ca\/","logo":{"@type":"ImageObject","inLanguage":"va-VA","@id":"https:\/\/comercmoble.com\/ca\/#\/schema\/logo\/image\/","url":"https:\/\/comercmoble.com\/wp-content\/uploads\/2018\/11\/logo.png","contentUrl":"https:\/\/comercmoble.com\/wp-content\/uploads\/2018\/11\/logo.png","width":213,"height":67,"caption":"ASOCIACI\u00d3N PARA LA DISTRIBUCI\u00d3N Y COMERCIO DEL H\u00c1BITAT DE LA COMUNIDAD VALENCIANA"},"image":{"@id":"https:\/\/comercmoble.com\/ca\/#\/schema\/logo\/image\/"}},{"@type":"Person","@id":"https:\/\/comercmoble.com\/ca\/#\/schema\/person\/f0c01e057f07075c1395caa44a77a09c","name":"Carolina","image":{"@type":"ImageObject","inLanguage":"va-VA","@id":"https:\/\/secure.gravatar.com\/avatar\/4c9e11ce6b5048d5ebc266c8d4992bae6b8174105290963e2df93b7a062fb7e4?s=96&d=mm&r=g","url":"https:\/\/secure.gravatar.com\/avatar\/4c9e11ce6b5048d5ebc266c8d4992bae6b8174105290963e2df93b7a062fb7e4?s=96&d=mm&r=g","contentUrl":"https:\/\/secure.gravatar.com\/avatar\/4c9e11ce6b5048d5ebc266c8d4992bae6b8174105290963e2df93b7a062fb7e4?s=96&d=mm&r=g","caption":"Carolina"},"url":"https:\/\/comercmoble.com\/ca\/author\/juliacomo\/"}]}},"_links":{"self":[{"href":"https:\/\/comercmoble.com\/ca\/wp-json\/wp\/v2\/posts\/4624","targetHints":{"allow":["GET"]}}],"collection":[{"href":"https:\/\/comercmoble.com\/ca\/wp-json\/wp\/v2\/posts"}],"about":[{"href":"https:\/\/comercmoble.com\/ca\/wp-json\/wp\/v2\/types\/post"}],"author":[{"embeddable":true,"href":"https:\/\/comercmoble.com\/ca\/wp-json\/wp\/v2\/users\/230"}],"replies":[{"embeddable":true,"href":"https:\/\/comercmoble.com\/ca\/wp-json\/wp\/v2\/comments?post=4624"}],"version-history":[{"count":1,"href":"https:\/\/comercmoble.com\/ca\/wp-json\/wp\/v2\/posts\/4624\/revisions"}],"predecessor-version":[{"id":4626,"href":"https:\/\/comercmoble.com\/ca\/wp-json\/wp\/v2\/posts\/4624\/revisions\/4626"}],"wp:featuredmedia":[{"embeddable":true,"href":"https:\/\/comercmoble.com\/ca\/wp-json\/wp\/v2\/media\/3943"}],"wp:attachment":[{"href":"https:\/\/comercmoble.com\/ca\/wp-json\/wp\/v2\/media?parent=4624"}],"wp:term":[{"taxonomy":"category","embeddable":true,"href":"https:\/\/comercmoble.com\/ca\/wp-json\/wp\/v2\/categories?post=4624"},{"taxonomy":"post_tag","embeddable":true,"href":"https:\/\/comercmoble.com\/ca\/wp-json\/wp\/v2\/tags?post=4624"}],"curies":[{"name":"wp","href":"https:\/\/api.w.org\/{rel}","templated":true}]}}