{"id":4621,"date":"2019-10-24T19:16:31","date_gmt":"2019-10-24T17:16:31","guid":{"rendered":"https:\/\/comercmoble.com\/retail-future-consolida-su-propuesta-de-foro-interactivo-para-el-pequeno-comercio-y-la-artesania"},"modified":"2021-06-07T09:52:00","modified_gmt":"2021-06-07T07:52:00","slug":"retail-future-consolida-su-propuesta-de-foro-interactivo-para-el-pequeno-comercio-y-la-artesania","status":"publish","type":"post","link":"https:\/\/comercmoble.com\/ca\/retail-future-consolida-su-propuesta-de-foro-interactivo-para-el-pequeno-comercio-y-la-artesania\/","title":{"rendered":"RETAIL future consolida su propuesta de foro interactivo para el peque\u00f1o comercio y la artesan\u00eda."},"content":{"rendered":"<p>En estos tres d\u00edas, <strong>RETAIL future<\/strong> ha contado con m\u00e1s de 75 ponentes entre el f\u00f3rum y las charlas r\u00e1pidas y 30 expositores, entre empresas y start ups.<br \/>\n<strong>Comer\u00e7moble<\/strong> a trav\u00e9s de Confecomer\u00e7 ha estado presente en el certamen representando como siempre a las tiendas premium de muebles de la Comunitat Valenciana. Hemos podido tener reuniones con Agust\u00edn rovira de la Oficina Pateco, Con Josep Eustaquio ponente en jornada de trabajo que celebraremos pr\u00f3ximamente, hemos recibido y compartido con ellos la visita de Juan Luis y de C\u00e9sar de la Junta de Comer\u00e7moble.<\/p>\n<p>Saludando a Natxo Costa Secretario auton\u00f3mico y a otros representantes pol\u00edticos de nuestra autonom\u00eda.<\/p>\n<p>Aprovechamos para recordar que tenemos a vustra disposici\u00f3n nuestro departamento de gesti\u00f3n de subvenciones para que nos llames y podamos comentar lo que teneis que tener previsto para poder acceder a ellas.<\/p>\n<p><img loading=\"lazy\" decoding=\"async\" class=\"alignnone wp-image-1939\" src=\"https:\/\/comercmoble.com\/wp-content\/uploads\/2019\/10\/995430bf-f522-4479-90ec-ab15cbfedfc4-300x225.jpg\" alt=\"\" width=\"865\" height=\"649\" srcset=\"https:\/\/comercmoble.com\/wp-content\/uploads\/2019\/10\/995430bf-f522-4479-90ec-ab15cbfedfc4-300x225.jpg 300w, https:\/\/comercmoble.com\/wp-content\/uploads\/2019\/10\/995430bf-f522-4479-90ec-ab15cbfedfc4-768x576.jpg 768w, https:\/\/comercmoble.com\/wp-content\/uploads\/2019\/10\/995430bf-f522-4479-90ec-ab15cbfedfc4-1024x768.jpg 1024w, https:\/\/comercmoble.com\/wp-content\/uploads\/2019\/10\/995430bf-f522-4479-90ec-ab15cbfedfc4-400x300.jpg 400w, https:\/\/comercmoble.com\/wp-content\/uploads\/2019\/10\/995430bf-f522-4479-90ec-ab15cbfedfc4-600x450.jpg 600w, https:\/\/comercmoble.com\/wp-content\/uploads\/2019\/10\/995430bf-f522-4479-90ec-ab15cbfedfc4.jpg 1600w\" sizes=\"(max-width: 865px) 100vw, 865px\" \/><\/p>\n","protected":false},"excerpt":{"rendered":"<p>En estos tres d\u00edas, RETAIL future ha contado con m\u00e1s de 75 ponentes entre el f\u00f3rum y las charlas r\u00e1pidas y 30 expositores, entre empresas y start ups. Comer\u00e7moble a trav\u00e9s de Confecomer\u00e7 ha estado presente en el certamen representando como siempre a las tiendas premium de muebles de la Comunitat Valenciana. Hemos podido tener [&hellip;]<\/p>\n","protected":false},"author":230,"featured_media":3945,"comment_status":"closed","ping_status":"closed","sticky":false,"template":"","format":"standard","meta":{"_et_pb_use_builder":"","_et_pb_old_content":"","_et_gb_content_width":"","footnotes":""},"categories":[256],"tags":[],"class_list":["post-4621","post","type-post","status-publish","format-standard","has-post-thumbnail","hentry","category-sense-categoria"],"yoast_head":"<!-- This site is optimized with the Yoast SEO plugin v27.4 - https:\/\/yoast.com\/product\/yoast-seo-wordpress\/ -->\n<title>RETAIL future consolida su propuesta de foro interactivo para el peque\u00f1o comercio y la artesan\u00eda. - Comer\u00e7 Moble<\/title>\n<meta name=\"robots\" content=\"index, follow, max-snippet:-1, max-image-preview:large, max-video-preview:-1\" \/>\n<link rel=\"canonical\" href=\"https:\/\/comercmoble.com\/ca\/retail-future-consolida-su-propuesta-de-foro-interactivo-para-el-pequeno-comercio-y-la-artesania\/\" \/>\n<meta property=\"og:locale\" content=\"en_US\" \/>\n<meta property=\"og:type\" content=\"article\" \/>\n<meta property=\"og:title\" content=\"RETAIL future consolida su propuesta de foro interactivo para el peque\u00f1o comercio y la artesan\u00eda. - Comer\u00e7 Moble\" \/>\n<meta property=\"og:description\" content=\"En estos tres d\u00edas, RETAIL future ha contado con m\u00e1s de 75 ponentes entre el f\u00f3rum y las charlas r\u00e1pidas y 30 expositores, entre empresas y start ups. Comer\u00e7moble a trav\u00e9s de Confecomer\u00e7 ha estado presente en el certamen representando como siempre a las tiendas premium de muebles de la Comunitat Valenciana. Hemos podido tener [&hellip;]\" \/>\n<meta property=\"og:url\" content=\"https:\/\/comercmoble.com\/ca\/retail-future-consolida-su-propuesta-de-foro-interactivo-para-el-pequeno-comercio-y-la-artesania\/\" \/>\n<meta property=\"og:site_name\" content=\"Comer\u00e7 Moble\" \/>\n<meta property=\"article:published_time\" content=\"2019-10-24T17:16:31+00:00\" \/>\n<meta property=\"article:modified_time\" content=\"2021-06-07T07:52:00+00:00\" \/>\n<meta property=\"og:image\" content=\"https:\/\/comercmoble.com\/wp-content\/uploads\/2019\/10\/IMG_8747.jpg\" \/>\n\t<meta property=\"og:image:width\" content=\"3264\" \/>\n\t<meta property=\"og:image:height\" content=\"2448\" \/>\n\t<meta property=\"og:image:type\" content=\"image\/jpeg\" \/>\n<meta name=\"author\" content=\"Carolina\" \/>\n<meta name=\"twitter:card\" content=\"summary_large_image\" \/>\n<meta name=\"twitter:label1\" content=\"Written by\" \/>\n\t<meta name=\"twitter:data1\" content=\"Carolina\" \/>\n\t<meta name=\"twitter:label2\" content=\"Est. reading time\" \/>\n\t<meta name=\"twitter:data2\" content=\"1 minute\" \/>\n<script type=\"application\/ld+json\" class=\"yoast-schema-graph\">{\"@context\":\"https:\\\/\\\/schema.org\",\"@graph\":[{\"@type\":\"Article\",\"@id\":\"https:\\\/\\\/comercmoble.com\\\/ca\\\/retail-future-consolida-su-propuesta-de-foro-interactivo-para-el-pequeno-comercio-y-la-artesania\\\/#article\",\"isPartOf\":{\"@id\":\"https:\\\/\\\/comercmoble.com\\\/ca\\\/retail-future-consolida-su-propuesta-de-foro-interactivo-para-el-pequeno-comercio-y-la-artesania\\\/\"},\"author\":{\"name\":\"Carolina\",\"@id\":\"https:\\\/\\\/comercmoble.com\\\/ca\\\/#\\\/schema\\\/person\\\/f0c01e057f07075c1395caa44a77a09c\"},\"headline\":\"RETAIL future consolida su propuesta de foro interactivo para el peque\u00f1o comercio y la artesan\u00eda.\",\"datePublished\":\"2019-10-24T17:16:31+00:00\",\"dateModified\":\"2021-06-07T07:52:00+00:00\",\"mainEntityOfPage\":{\"@id\":\"https:\\\/\\\/comercmoble.com\\\/ca\\\/retail-future-consolida-su-propuesta-de-foro-interactivo-para-el-pequeno-comercio-y-la-artesania\\\/\"},\"wordCount\":169,\"publisher\":{\"@id\":\"https:\\\/\\\/comercmoble.com\\\/ca\\\/#organization\"},\"image\":{\"@id\":\"https:\\\/\\\/comercmoble.com\\\/ca\\\/retail-future-consolida-su-propuesta-de-foro-interactivo-para-el-pequeno-comercio-y-la-artesania\\\/#primaryimage\"},\"thumbnailUrl\":\"https:\\\/\\\/comercmoble.com\\\/wp-content\\\/uploads\\\/2019\\\/10\\\/IMG_8747.jpg\",\"articleSection\":[\"Sense categoria\"],\"inLanguage\":\"va-VA\"},{\"@type\":\"WebPage\",\"@id\":\"https:\\\/\\\/comercmoble.com\\\/ca\\\/retail-future-consolida-su-propuesta-de-foro-interactivo-para-el-pequeno-comercio-y-la-artesania\\\/\",\"url\":\"https:\\\/\\\/comercmoble.com\\\/ca\\\/retail-future-consolida-su-propuesta-de-foro-interactivo-para-el-pequeno-comercio-y-la-artesania\\\/\",\"name\":\"RETAIL future consolida su propuesta de foro interactivo para el peque\u00f1o comercio y la artesan\u00eda. - Comer\u00e7 Moble\",\"isPartOf\":{\"@id\":\"https:\\\/\\\/comercmoble.com\\\/ca\\\/#website\"},\"primaryImageOfPage\":{\"@id\":\"https:\\\/\\\/comercmoble.com\\\/ca\\\/retail-future-consolida-su-propuesta-de-foro-interactivo-para-el-pequeno-comercio-y-la-artesania\\\/#primaryimage\"},\"image\":{\"@id\":\"https:\\\/\\\/comercmoble.com\\\/ca\\\/retail-future-consolida-su-propuesta-de-foro-interactivo-para-el-pequeno-comercio-y-la-artesania\\\/#primaryimage\"},\"thumbnailUrl\":\"https:\\\/\\\/comercmoble.com\\\/wp-content\\\/uploads\\\/2019\\\/10\\\/IMG_8747.jpg\",\"datePublished\":\"2019-10-24T17:16:31+00:00\",\"dateModified\":\"2021-06-07T07:52:00+00:00\",\"breadcrumb\":{\"@id\":\"https:\\\/\\\/comercmoble.com\\\/ca\\\/retail-future-consolida-su-propuesta-de-foro-interactivo-para-el-pequeno-comercio-y-la-artesania\\\/#breadcrumb\"},\"inLanguage\":\"va-VA\",\"potentialAction\":[{\"@type\":\"ReadAction\",\"target\":[\"https:\\\/\\\/comercmoble.com\\\/ca\\\/retail-future-consolida-su-propuesta-de-foro-interactivo-para-el-pequeno-comercio-y-la-artesania\\\/\"]}]},{\"@type\":\"ImageObject\",\"inLanguage\":\"va-VA\",\"@id\":\"https:\\\/\\\/comercmoble.com\\\/ca\\\/retail-future-consolida-su-propuesta-de-foro-interactivo-para-el-pequeno-comercio-y-la-artesania\\\/#primaryimage\",\"url\":\"https:\\\/\\\/comercmoble.com\\\/wp-content\\\/uploads\\\/2019\\\/10\\\/IMG_8747.jpg\",\"contentUrl\":\"https:\\\/\\\/comercmoble.com\\\/wp-content\\\/uploads\\\/2019\\\/10\\\/IMG_8747.jpg\",\"width\":3264,\"height\":2448},{\"@type\":\"BreadcrumbList\",\"@id\":\"https:\\\/\\\/comercmoble.com\\\/ca\\\/retail-future-consolida-su-propuesta-de-foro-interactivo-para-el-pequeno-comercio-y-la-artesania\\\/#breadcrumb\",\"itemListElement\":[{\"@type\":\"ListItem\",\"position\":1,\"name\":\"Inicio\",\"item\":\"https:\\\/\\\/comercmoble.com\\\/\"},{\"@type\":\"ListItem\",\"position\":2,\"name\":\"Sense categoria\",\"item\":\"https:\\\/\\\/comercmoble.com\\\/ca\\\/category\\\/sense-categoria\\\/\"},{\"@type\":\"ListItem\",\"position\":3,\"name\":\"RETAIL future consolida su propuesta de foro interactivo para el peque\u00f1o comercio y la artesan\u00eda.\"}]},{\"@type\":\"WebSite\",\"@id\":\"https:\\\/\\\/comercmoble.com\\\/ca\\\/#website\",\"url\":\"https:\\\/\\\/comercmoble.com\\\/ca\\\/\",\"name\":\"Comer\u00e7 Moble\",\"description\":\"Asociaci\u00f3n de Comercios del Muebles de la Comunidad Valencia\",\"publisher\":{\"@id\":\"https:\\\/\\\/comercmoble.com\\\/ca\\\/#organization\"},\"potentialAction\":[{\"@type\":\"SearchAction\",\"target\":{\"@type\":\"EntryPoint\",\"urlTemplate\":\"https:\\\/\\\/comercmoble.com\\\/ca\\\/?s={search_term_string}\"},\"query-input\":{\"@type\":\"PropertyValueSpecification\",\"valueRequired\":true,\"valueName\":\"search_term_string\"}}],\"inLanguage\":\"va-VA\"},{\"@type\":\"Organization\",\"@id\":\"https:\\\/\\\/comercmoble.com\\\/ca\\\/#organization\",\"name\":\"ASOCIACI\u00d3N PARA LA DISTRIBUCI\u00d3N Y COMERCIO DEL H\u00c1BITAT DE LA COMUNIDAD VALENCIANA\",\"url\":\"https:\\\/\\\/comercmoble.com\\\/ca\\\/\",\"logo\":{\"@type\":\"ImageObject\",\"inLanguage\":\"va-VA\",\"@id\":\"https:\\\/\\\/comercmoble.com\\\/ca\\\/#\\\/schema\\\/logo\\\/image\\\/\",\"url\":\"https:\\\/\\\/comercmoble.com\\\/wp-content\\\/uploads\\\/2018\\\/11\\\/logo.png\",\"contentUrl\":\"https:\\\/\\\/comercmoble.com\\\/wp-content\\\/uploads\\\/2018\\\/11\\\/logo.png\",\"width\":213,\"height\":67,\"caption\":\"ASOCIACI\u00d3N PARA LA DISTRIBUCI\u00d3N Y COMERCIO DEL H\u00c1BITAT DE LA COMUNIDAD VALENCIANA\"},\"image\":{\"@id\":\"https:\\\/\\\/comercmoble.com\\\/ca\\\/#\\\/schema\\\/logo\\\/image\\\/\"}},{\"@type\":\"Person\",\"@id\":\"https:\\\/\\\/comercmoble.com\\\/ca\\\/#\\\/schema\\\/person\\\/f0c01e057f07075c1395caa44a77a09c\",\"name\":\"Carolina\",\"image\":{\"@type\":\"ImageObject\",\"inLanguage\":\"va-VA\",\"@id\":\"https:\\\/\\\/secure.gravatar.com\\\/avatar\\\/4c9e11ce6b5048d5ebc266c8d4992bae6b8174105290963e2df93b7a062fb7e4?s=96&d=mm&r=g\",\"url\":\"https:\\\/\\\/secure.gravatar.com\\\/avatar\\\/4c9e11ce6b5048d5ebc266c8d4992bae6b8174105290963e2df93b7a062fb7e4?s=96&d=mm&r=g\",\"contentUrl\":\"https:\\\/\\\/secure.gravatar.com\\\/avatar\\\/4c9e11ce6b5048d5ebc266c8d4992bae6b8174105290963e2df93b7a062fb7e4?s=96&d=mm&r=g\",\"caption\":\"Carolina\"},\"url\":\"https:\\\/\\\/comercmoble.com\\\/ca\\\/author\\\/juliacomo\\\/\"}]}<\/script>\n<!-- \/ Yoast SEO plugin. -->","yoast_head_json":{"title":"RETAIL future consolida su propuesta de foro interactivo para el peque\u00f1o comercio y la artesan\u00eda. - Comer\u00e7 Moble","robots":{"index":"index","follow":"follow","max-snippet":"max-snippet:-1","max-image-preview":"max-image-preview:large","max-video-preview":"max-video-preview:-1"},"canonical":"https:\/\/comercmoble.com\/ca\/retail-future-consolida-su-propuesta-de-foro-interactivo-para-el-pequeno-comercio-y-la-artesania\/","og_locale":"en_US","og_type":"article","og_title":"RETAIL future consolida su propuesta de foro interactivo para el peque\u00f1o comercio y la artesan\u00eda. - Comer\u00e7 Moble","og_description":"En estos tres d\u00edas, RETAIL future ha contado con m\u00e1s de 75 ponentes entre el f\u00f3rum y las charlas r\u00e1pidas y 30 expositores, entre empresas y start ups. Comer\u00e7moble a trav\u00e9s de Confecomer\u00e7 ha estado presente en el certamen representando como siempre a las tiendas premium de muebles de la Comunitat Valenciana. Hemos podido tener [&hellip;]","og_url":"https:\/\/comercmoble.com\/ca\/retail-future-consolida-su-propuesta-de-foro-interactivo-para-el-pequeno-comercio-y-la-artesania\/","og_site_name":"Comer\u00e7 Moble","article_published_time":"2019-10-24T17:16:31+00:00","article_modified_time":"2021-06-07T07:52:00+00:00","og_image":[{"width":3264,"height":2448,"url":"https:\/\/comercmoble.com\/wp-content\/uploads\/2019\/10\/IMG_8747.jpg","type":"image\/jpeg"}],"author":"Carolina","twitter_card":"summary_large_image","twitter_misc":{"Written by":"Carolina","Est. reading time":"1 minute"},"schema":{"@context":"https:\/\/schema.org","@graph":[{"@type":"Article","@id":"https:\/\/comercmoble.com\/ca\/retail-future-consolida-su-propuesta-de-foro-interactivo-para-el-pequeno-comercio-y-la-artesania\/#article","isPartOf":{"@id":"https:\/\/comercmoble.com\/ca\/retail-future-consolida-su-propuesta-de-foro-interactivo-para-el-pequeno-comercio-y-la-artesania\/"},"author":{"name":"Carolina","@id":"https:\/\/comercmoble.com\/ca\/#\/schema\/person\/f0c01e057f07075c1395caa44a77a09c"},"headline":"RETAIL future consolida su propuesta de foro interactivo para el peque\u00f1o comercio y la artesan\u00eda.","datePublished":"2019-10-24T17:16:31+00:00","dateModified":"2021-06-07T07:52:00+00:00","mainEntityOfPage":{"@id":"https:\/\/comercmoble.com\/ca\/retail-future-consolida-su-propuesta-de-foro-interactivo-para-el-pequeno-comercio-y-la-artesania\/"},"wordCount":169,"publisher":{"@id":"https:\/\/comercmoble.com\/ca\/#organization"},"image":{"@id":"https:\/\/comercmoble.com\/ca\/retail-future-consolida-su-propuesta-de-foro-interactivo-para-el-pequeno-comercio-y-la-artesania\/#primaryimage"},"thumbnailUrl":"https:\/\/comercmoble.com\/wp-content\/uploads\/2019\/10\/IMG_8747.jpg","articleSection":["Sense categoria"],"inLanguage":"va-VA"},{"@type":"WebPage","@id":"https:\/\/comercmoble.com\/ca\/retail-future-consolida-su-propuesta-de-foro-interactivo-para-el-pequeno-comercio-y-la-artesania\/","url":"https:\/\/comercmoble.com\/ca\/retail-future-consolida-su-propuesta-de-foro-interactivo-para-el-pequeno-comercio-y-la-artesania\/","name":"RETAIL future consolida su propuesta de foro interactivo para el peque\u00f1o comercio y la artesan\u00eda. - Comer\u00e7 Moble","isPartOf":{"@id":"https:\/\/comercmoble.com\/ca\/#website"},"primaryImageOfPage":{"@id":"https:\/\/comercmoble.com\/ca\/retail-future-consolida-su-propuesta-de-foro-interactivo-para-el-pequeno-comercio-y-la-artesania\/#primaryimage"},"image":{"@id":"https:\/\/comercmoble.com\/ca\/retail-future-consolida-su-propuesta-de-foro-interactivo-para-el-pequeno-comercio-y-la-artesania\/#primaryimage"},"thumbnailUrl":"https:\/\/comercmoble.com\/wp-content\/uploads\/2019\/10\/IMG_8747.jpg","datePublished":"2019-10-24T17:16:31+00:00","dateModified":"2021-06-07T07:52:00+00:00","breadcrumb":{"@id":"https:\/\/comercmoble.com\/ca\/retail-future-consolida-su-propuesta-de-foro-interactivo-para-el-pequeno-comercio-y-la-artesania\/#breadcrumb"},"inLanguage":"va-VA","potentialAction":[{"@type":"ReadAction","target":["https:\/\/comercmoble.com\/ca\/retail-future-consolida-su-propuesta-de-foro-interactivo-para-el-pequeno-comercio-y-la-artesania\/"]}]},{"@type":"ImageObject","inLanguage":"va-VA","@id":"https:\/\/comercmoble.com\/ca\/retail-future-consolida-su-propuesta-de-foro-interactivo-para-el-pequeno-comercio-y-la-artesania\/#primaryimage","url":"https:\/\/comercmoble.com\/wp-content\/uploads\/2019\/10\/IMG_8747.jpg","contentUrl":"https:\/\/comercmoble.com\/wp-content\/uploads\/2019\/10\/IMG_8747.jpg","width":3264,"height":2448},{"@type":"BreadcrumbList","@id":"https:\/\/comercmoble.com\/ca\/retail-future-consolida-su-propuesta-de-foro-interactivo-para-el-pequeno-comercio-y-la-artesania\/#breadcrumb","itemListElement":[{"@type":"ListItem","position":1,"name":"Inicio","item":"https:\/\/comercmoble.com\/"},{"@type":"ListItem","position":2,"name":"Sense categoria","item":"https:\/\/comercmoble.com\/ca\/category\/sense-categoria\/"},{"@type":"ListItem","position":3,"name":"RETAIL future consolida su propuesta de foro interactivo para el peque\u00f1o comercio y la artesan\u00eda."}]},{"@type":"WebSite","@id":"https:\/\/comercmoble.com\/ca\/#website","url":"https:\/\/comercmoble.com\/ca\/","name":"Comer\u00e7 Moble","description":"Asociaci\u00f3n de Comercios del Muebles de la Comunidad Valencia","publisher":{"@id":"https:\/\/comercmoble.com\/ca\/#organization"},"potentialAction":[{"@type":"SearchAction","target":{"@type":"EntryPoint","urlTemplate":"https:\/\/comercmoble.com\/ca\/?s={search_term_string}"},"query-input":{"@type":"PropertyValueSpecification","valueRequired":true,"valueName":"search_term_string"}}],"inLanguage":"va-VA"},{"@type":"Organization","@id":"https:\/\/comercmoble.com\/ca\/#organization","name":"ASOCIACI\u00d3N PARA LA DISTRIBUCI\u00d3N Y COMERCIO DEL H\u00c1BITAT DE LA COMUNIDAD VALENCIANA","url":"https:\/\/comercmoble.com\/ca\/","logo":{"@type":"ImageObject","inLanguage":"va-VA","@id":"https:\/\/comercmoble.com\/ca\/#\/schema\/logo\/image\/","url":"https:\/\/comercmoble.com\/wp-content\/uploads\/2018\/11\/logo.png","contentUrl":"https:\/\/comercmoble.com\/wp-content\/uploads\/2018\/11\/logo.png","width":213,"height":67,"caption":"ASOCIACI\u00d3N PARA LA DISTRIBUCI\u00d3N Y COMERCIO DEL H\u00c1BITAT DE LA COMUNIDAD VALENCIANA"},"image":{"@id":"https:\/\/comercmoble.com\/ca\/#\/schema\/logo\/image\/"}},{"@type":"Person","@id":"https:\/\/comercmoble.com\/ca\/#\/schema\/person\/f0c01e057f07075c1395caa44a77a09c","name":"Carolina","image":{"@type":"ImageObject","inLanguage":"va-VA","@id":"https:\/\/secure.gravatar.com\/avatar\/4c9e11ce6b5048d5ebc266c8d4992bae6b8174105290963e2df93b7a062fb7e4?s=96&d=mm&r=g","url":"https:\/\/secure.gravatar.com\/avatar\/4c9e11ce6b5048d5ebc266c8d4992bae6b8174105290963e2df93b7a062fb7e4?s=96&d=mm&r=g","contentUrl":"https:\/\/secure.gravatar.com\/avatar\/4c9e11ce6b5048d5ebc266c8d4992bae6b8174105290963e2df93b7a062fb7e4?s=96&d=mm&r=g","caption":"Carolina"},"url":"https:\/\/comercmoble.com\/ca\/author\/juliacomo\/"}]}},"_links":{"self":[{"href":"https:\/\/comercmoble.com\/ca\/wp-json\/wp\/v2\/posts\/4621","targetHints":{"allow":["GET"]}}],"collection":[{"href":"https:\/\/comercmoble.com\/ca\/wp-json\/wp\/v2\/posts"}],"about":[{"href":"https:\/\/comercmoble.com\/ca\/wp-json\/wp\/v2\/types\/post"}],"author":[{"embeddable":true,"href":"https:\/\/comercmoble.com\/ca\/wp-json\/wp\/v2\/users\/230"}],"replies":[{"embeddable":true,"href":"https:\/\/comercmoble.com\/ca\/wp-json\/wp\/v2\/comments?post=4621"}],"version-history":[{"count":1,"href":"https:\/\/comercmoble.com\/ca\/wp-json\/wp\/v2\/posts\/4621\/revisions"}],"predecessor-version":[{"id":4623,"href":"https:\/\/comercmoble.com\/ca\/wp-json\/wp\/v2\/posts\/4621\/revisions\/4623"}],"wp:featuredmedia":[{"embeddable":true,"href":"https:\/\/comercmoble.com\/ca\/wp-json\/wp\/v2\/media\/3945"}],"wp:attachment":[{"href":"https:\/\/comercmoble.com\/ca\/wp-json\/wp\/v2\/media?parent=4621"}],"wp:term":[{"taxonomy":"category","embeddable":true,"href":"https:\/\/comercmoble.com\/ca\/wp-json\/wp\/v2\/categories?post=4621"},{"taxonomy":"post_tag","embeddable":true,"href":"https:\/\/comercmoble.com\/ca\/wp-json\/wp\/v2\/tags?post=4621"}],"curies":[{"name":"wp","href":"https:\/\/api.w.org\/{rel}","templated":true}]}}