{"id":4615,"date":"2019-11-12T21:30:17","date_gmt":"2019-11-12T20:30:17","guid":{"rendered":"https:\/\/comercmoble.com\/el-proximo-18-de-noviembre-en-comercmoble-a-las-1400-tecnicas-sencillas-para-vender-muebles-de-verdad-hoy"},"modified":"2021-06-07T09:51:15","modified_gmt":"2021-06-07T07:51:15","slug":"el-proximo-18-de-noviembre-en-comercmoble-a-las-1400-tecnicas-sencillas-para-vender-muebles-de-verdad-hoy","status":"publish","type":"post","link":"https:\/\/comercmoble.com\/ca\/el-proximo-18-de-noviembre-en-comercmoble-a-las-1400-tecnicas-sencillas-para-vender-muebles-de-verdad-hoy\/","title":{"rendered":"El Pr\u00f3ximo 18 de Noviembre en Comercmoble a las 14:00: T\u00e9cnicas sencillas para vender muebles de verdad hoy!!"},"content":{"rendered":"<h1>Vender m\u00e1s muebles no es f\u00e1cil.<\/h1>\n<p><strong>&#8220;Vender muebles de verdad te ayudar\u00e1 a conseguirlo&#8221;<\/strong><\/p>\n<div>\n<div>\n<div>Ense\u00f1ar al comerciante del sector del mueble los diferentes recursos e instrumentos que tiene a su disposici\u00f3n para utilizar en su estrategia de marketing de cara a captar potenciales clientes y fidelizar a los actuales. Es una taller pr\u00e1ctico, con ejercicios, donde ense\u00f1aremos a crear contenidos propios (v\u00eddeos, publicaciones para redes sociales, art\u00edculos para la web, promociones, carteler\u00eda, etiquetas, etc.) y a utilizar los que ofrece Comer\u00e7 Moble.<\/div>\n<\/div>\n<div>\n<div><strong>Programa:<\/strong><\/div>\n<div>\n<ol>\n<li>La importancia de tener una marca reconocida.<\/li>\n<li>Contenidos online y merchadising (carteler\u00eda, etiquetas, escaparate, etc.): \u00bfC\u00f3mo hacerlos internamente? y \u00bfC\u00f3mo aprovechar los que desarrolla Comer\u00e7 Moble?<\/li>\n<li>Base de datos y programa de fidelizaci\u00f3n.<\/li>\n<li>Publicidad buena, bonita y barata.<\/li>\n<li>\u00bfDe qu\u00e9 presupuesto dispongo? \u00bfC\u00f3mo lo distribuyo?<\/li>\n<li>Programaci\u00f3n: \u00bfC\u00f3mo me organizo?<\/li>\n<\/ol>\n<\/div>\n<\/div>\n<\/div>\n<div><strong>Lugar de celebraci\u00f3n:<\/strong><\/div>\n<div>Comer\u00e7 Moble, Av del Cid, 2 &#8211; 4C<\/div>\n<div>46002 &#8211; Valencia<\/div>\n<div>Gratu\u00edto.<\/div>\n<div>Horario de 14:00 a 17:30<\/div>\n<div>Profesorado: D\u00aa M\u00aa. Jos\u00e9 Machado<\/div>\n","protected":false},"excerpt":{"rendered":"<p>Vender m\u00e1s muebles no es f\u00e1cil. &#8220;Vender muebles de verdad te ayudar\u00e1 a conseguirlo&#8221; Ense\u00f1ar al comerciante del sector del mueble los diferentes recursos e instrumentos que tiene a su disposici\u00f3n para utilizar en su estrategia de marketing de cara a captar potenciales clientes y fidelizar a los actuales. Es una taller pr\u00e1ctico, con ejercicios, [&hellip;]<\/p>\n","protected":false},"author":230,"featured_media":3952,"comment_status":"closed","ping_status":"closed","sticky":false,"template":"","format":"standard","meta":{"_et_pb_use_builder":"","_et_pb_old_content":"","_et_gb_content_width":"","footnotes":""},"categories":[256],"tags":[],"class_list":["post-4615","post","type-post","status-publish","format-standard","has-post-thumbnail","hentry","category-sense-categoria"],"yoast_head":"<!-- This site is optimized with the Yoast SEO plugin v27.4 - https:\/\/yoast.com\/product\/yoast-seo-wordpress\/ -->\n<title>El Pr\u00f3ximo 18 de Noviembre en Comercmoble a las 14:00: T\u00e9cnicas sencillas para vender muebles de verdad hoy!! - Comer\u00e7 Moble<\/title>\n<meta name=\"robots\" content=\"index, follow, max-snippet:-1, max-image-preview:large, max-video-preview:-1\" \/>\n<link rel=\"canonical\" href=\"https:\/\/comercmoble.com\/ca\/el-proximo-18-de-noviembre-en-comercmoble-a-las-1400-tecnicas-sencillas-para-vender-muebles-de-verdad-hoy\/\" \/>\n<meta property=\"og:locale\" content=\"en_US\" \/>\n<meta property=\"og:type\" content=\"article\" \/>\n<meta property=\"og:title\" content=\"El Pr\u00f3ximo 18 de Noviembre en Comercmoble a las 14:00: T\u00e9cnicas sencillas para vender muebles de verdad hoy!! - Comer\u00e7 Moble\" \/>\n<meta property=\"og:description\" content=\"Vender m\u00e1s muebles no es f\u00e1cil. &#8220;Vender muebles de verdad te ayudar\u00e1 a conseguirlo&#8221; Ense\u00f1ar al comerciante del sector del mueble los diferentes recursos e instrumentos que tiene a su disposici\u00f3n para utilizar en su estrategia de marketing de cara a captar potenciales clientes y fidelizar a los actuales. Es una taller pr\u00e1ctico, con ejercicios, [&hellip;]\" \/>\n<meta property=\"og:url\" content=\"https:\/\/comercmoble.com\/ca\/el-proximo-18-de-noviembre-en-comercmoble-a-las-1400-tecnicas-sencillas-para-vender-muebles-de-verdad-hoy\/\" \/>\n<meta property=\"og:site_name\" content=\"Comer\u00e7 Moble\" \/>\n<meta property=\"article:published_time\" content=\"2019-11-12T20:30:17+00:00\" \/>\n<meta property=\"article:modified_time\" content=\"2021-06-07T07:51:15+00:00\" \/>\n<meta property=\"og:image\" content=\"https:\/\/comercmoble.com\/wp-content\/uploads\/2019\/11\/cabecera18OK.jpg\" \/>\n\t<meta property=\"og:image:width\" content=\"600\" \/>\n\t<meta property=\"og:image:height\" content=\"400\" \/>\n\t<meta property=\"og:image:type\" content=\"image\/jpeg\" \/>\n<meta name=\"author\" content=\"Carolina\" \/>\n<meta name=\"twitter:card\" content=\"summary_large_image\" \/>\n<meta name=\"twitter:label1\" content=\"Written by\" \/>\n\t<meta name=\"twitter:data1\" content=\"Carolina\" \/>\n\t<meta name=\"twitter:label2\" content=\"Est. reading time\" \/>\n\t<meta name=\"twitter:data2\" content=\"1 minute\" \/>\n<script type=\"application\/ld+json\" class=\"yoast-schema-graph\">{\"@context\":\"https:\\\/\\\/schema.org\",\"@graph\":[{\"@type\":\"Article\",\"@id\":\"https:\\\/\\\/comercmoble.com\\\/ca\\\/el-proximo-18-de-noviembre-en-comercmoble-a-las-1400-tecnicas-sencillas-para-vender-muebles-de-verdad-hoy\\\/#article\",\"isPartOf\":{\"@id\":\"https:\\\/\\\/comercmoble.com\\\/ca\\\/el-proximo-18-de-noviembre-en-comercmoble-a-las-1400-tecnicas-sencillas-para-vender-muebles-de-verdad-hoy\\\/\"},\"author\":{\"name\":\"Carolina\",\"@id\":\"https:\\\/\\\/comercmoble.com\\\/ca\\\/#\\\/schema\\\/person\\\/f0c01e057f07075c1395caa44a77a09c\"},\"headline\":\"El Pr\u00f3ximo 18 de Noviembre en Comercmoble a las 14:00: T\u00e9cnicas sencillas para vender muebles de verdad hoy!!\",\"datePublished\":\"2019-11-12T20:30:17+00:00\",\"dateModified\":\"2021-06-07T07:51:15+00:00\",\"mainEntityOfPage\":{\"@id\":\"https:\\\/\\\/comercmoble.com\\\/ca\\\/el-proximo-18-de-noviembre-en-comercmoble-a-las-1400-tecnicas-sencillas-para-vender-muebles-de-verdad-hoy\\\/\"},\"wordCount\":189,\"publisher\":{\"@id\":\"https:\\\/\\\/comercmoble.com\\\/ca\\\/#organization\"},\"image\":{\"@id\":\"https:\\\/\\\/comercmoble.com\\\/ca\\\/el-proximo-18-de-noviembre-en-comercmoble-a-las-1400-tecnicas-sencillas-para-vender-muebles-de-verdad-hoy\\\/#primaryimage\"},\"thumbnailUrl\":\"https:\\\/\\\/comercmoble.com\\\/wp-content\\\/uploads\\\/2019\\\/11\\\/cabecera18OK.jpg\",\"articleSection\":[\"Sense categoria\"],\"inLanguage\":\"va-VA\"},{\"@type\":\"WebPage\",\"@id\":\"https:\\\/\\\/comercmoble.com\\\/ca\\\/el-proximo-18-de-noviembre-en-comercmoble-a-las-1400-tecnicas-sencillas-para-vender-muebles-de-verdad-hoy\\\/\",\"url\":\"https:\\\/\\\/comercmoble.com\\\/ca\\\/el-proximo-18-de-noviembre-en-comercmoble-a-las-1400-tecnicas-sencillas-para-vender-muebles-de-verdad-hoy\\\/\",\"name\":\"El Pr\u00f3ximo 18 de Noviembre en Comercmoble a las 14:00: T\u00e9cnicas sencillas para vender muebles de verdad hoy!! - Comer\u00e7 Moble\",\"isPartOf\":{\"@id\":\"https:\\\/\\\/comercmoble.com\\\/ca\\\/#website\"},\"primaryImageOfPage\":{\"@id\":\"https:\\\/\\\/comercmoble.com\\\/ca\\\/el-proximo-18-de-noviembre-en-comercmoble-a-las-1400-tecnicas-sencillas-para-vender-muebles-de-verdad-hoy\\\/#primaryimage\"},\"image\":{\"@id\":\"https:\\\/\\\/comercmoble.com\\\/ca\\\/el-proximo-18-de-noviembre-en-comercmoble-a-las-1400-tecnicas-sencillas-para-vender-muebles-de-verdad-hoy\\\/#primaryimage\"},\"thumbnailUrl\":\"https:\\\/\\\/comercmoble.com\\\/wp-content\\\/uploads\\\/2019\\\/11\\\/cabecera18OK.jpg\",\"datePublished\":\"2019-11-12T20:30:17+00:00\",\"dateModified\":\"2021-06-07T07:51:15+00:00\",\"breadcrumb\":{\"@id\":\"https:\\\/\\\/comercmoble.com\\\/ca\\\/el-proximo-18-de-noviembre-en-comercmoble-a-las-1400-tecnicas-sencillas-para-vender-muebles-de-verdad-hoy\\\/#breadcrumb\"},\"inLanguage\":\"va-VA\",\"potentialAction\":[{\"@type\":\"ReadAction\",\"target\":[\"https:\\\/\\\/comercmoble.com\\\/ca\\\/el-proximo-18-de-noviembre-en-comercmoble-a-las-1400-tecnicas-sencillas-para-vender-muebles-de-verdad-hoy\\\/\"]}]},{\"@type\":\"ImageObject\",\"inLanguage\":\"va-VA\",\"@id\":\"https:\\\/\\\/comercmoble.com\\\/ca\\\/el-proximo-18-de-noviembre-en-comercmoble-a-las-1400-tecnicas-sencillas-para-vender-muebles-de-verdad-hoy\\\/#primaryimage\",\"url\":\"https:\\\/\\\/comercmoble.com\\\/wp-content\\\/uploads\\\/2019\\\/11\\\/cabecera18OK.jpg\",\"contentUrl\":\"https:\\\/\\\/comercmoble.com\\\/wp-content\\\/uploads\\\/2019\\\/11\\\/cabecera18OK.jpg\",\"width\":600,\"height\":400},{\"@type\":\"BreadcrumbList\",\"@id\":\"https:\\\/\\\/comercmoble.com\\\/ca\\\/el-proximo-18-de-noviembre-en-comercmoble-a-las-1400-tecnicas-sencillas-para-vender-muebles-de-verdad-hoy\\\/#breadcrumb\",\"itemListElement\":[{\"@type\":\"ListItem\",\"position\":1,\"name\":\"Inicio\",\"item\":\"https:\\\/\\\/comercmoble.com\\\/\"},{\"@type\":\"ListItem\",\"position\":2,\"name\":\"Sense categoria\",\"item\":\"https:\\\/\\\/comercmoble.com\\\/ca\\\/category\\\/sense-categoria\\\/\"},{\"@type\":\"ListItem\",\"position\":3,\"name\":\"El Pr\u00f3ximo 18 de Noviembre en Comercmoble a las 14:00: T\u00e9cnicas sencillas para vender muebles de verdad hoy!!\"}]},{\"@type\":\"WebSite\",\"@id\":\"https:\\\/\\\/comercmoble.com\\\/ca\\\/#website\",\"url\":\"https:\\\/\\\/comercmoble.com\\\/ca\\\/\",\"name\":\"Comer\u00e7 Moble\",\"description\":\"Asociaci\u00f3n de Comercios del Muebles de la Comunidad Valencia\",\"publisher\":{\"@id\":\"https:\\\/\\\/comercmoble.com\\\/ca\\\/#organization\"},\"potentialAction\":[{\"@type\":\"SearchAction\",\"target\":{\"@type\":\"EntryPoint\",\"urlTemplate\":\"https:\\\/\\\/comercmoble.com\\\/ca\\\/?s={search_term_string}\"},\"query-input\":{\"@type\":\"PropertyValueSpecification\",\"valueRequired\":true,\"valueName\":\"search_term_string\"}}],\"inLanguage\":\"va-VA\"},{\"@type\":\"Organization\",\"@id\":\"https:\\\/\\\/comercmoble.com\\\/ca\\\/#organization\",\"name\":\"ASOCIACI\u00d3N PARA LA DISTRIBUCI\u00d3N Y COMERCIO DEL H\u00c1BITAT DE LA COMUNIDAD VALENCIANA\",\"url\":\"https:\\\/\\\/comercmoble.com\\\/ca\\\/\",\"logo\":{\"@type\":\"ImageObject\",\"inLanguage\":\"va-VA\",\"@id\":\"https:\\\/\\\/comercmoble.com\\\/ca\\\/#\\\/schema\\\/logo\\\/image\\\/\",\"url\":\"https:\\\/\\\/comercmoble.com\\\/wp-content\\\/uploads\\\/2018\\\/11\\\/logo.png\",\"contentUrl\":\"https:\\\/\\\/comercmoble.com\\\/wp-content\\\/uploads\\\/2018\\\/11\\\/logo.png\",\"width\":213,\"height\":67,\"caption\":\"ASOCIACI\u00d3N PARA LA DISTRIBUCI\u00d3N Y COMERCIO DEL H\u00c1BITAT DE LA COMUNIDAD VALENCIANA\"},\"image\":{\"@id\":\"https:\\\/\\\/comercmoble.com\\\/ca\\\/#\\\/schema\\\/logo\\\/image\\\/\"}},{\"@type\":\"Person\",\"@id\":\"https:\\\/\\\/comercmoble.com\\\/ca\\\/#\\\/schema\\\/person\\\/f0c01e057f07075c1395caa44a77a09c\",\"name\":\"Carolina\",\"image\":{\"@type\":\"ImageObject\",\"inLanguage\":\"va-VA\",\"@id\":\"https:\\\/\\\/secure.gravatar.com\\\/avatar\\\/4c9e11ce6b5048d5ebc266c8d4992bae6b8174105290963e2df93b7a062fb7e4?s=96&d=mm&r=g\",\"url\":\"https:\\\/\\\/secure.gravatar.com\\\/avatar\\\/4c9e11ce6b5048d5ebc266c8d4992bae6b8174105290963e2df93b7a062fb7e4?s=96&d=mm&r=g\",\"contentUrl\":\"https:\\\/\\\/secure.gravatar.com\\\/avatar\\\/4c9e11ce6b5048d5ebc266c8d4992bae6b8174105290963e2df93b7a062fb7e4?s=96&d=mm&r=g\",\"caption\":\"Carolina\"},\"url\":\"https:\\\/\\\/comercmoble.com\\\/ca\\\/author\\\/juliacomo\\\/\"}]}<\/script>\n<!-- \/ Yoast SEO plugin. -->","yoast_head_json":{"title":"El Pr\u00f3ximo 18 de Noviembre en Comercmoble a las 14:00: T\u00e9cnicas sencillas para vender muebles de verdad hoy!! - Comer\u00e7 Moble","robots":{"index":"index","follow":"follow","max-snippet":"max-snippet:-1","max-image-preview":"max-image-preview:large","max-video-preview":"max-video-preview:-1"},"canonical":"https:\/\/comercmoble.com\/ca\/el-proximo-18-de-noviembre-en-comercmoble-a-las-1400-tecnicas-sencillas-para-vender-muebles-de-verdad-hoy\/","og_locale":"en_US","og_type":"article","og_title":"El Pr\u00f3ximo 18 de Noviembre en Comercmoble a las 14:00: T\u00e9cnicas sencillas para vender muebles de verdad hoy!! - Comer\u00e7 Moble","og_description":"Vender m\u00e1s muebles no es f\u00e1cil. &#8220;Vender muebles de verdad te ayudar\u00e1 a conseguirlo&#8221; Ense\u00f1ar al comerciante del sector del mueble los diferentes recursos e instrumentos que tiene a su disposici\u00f3n para utilizar en su estrategia de marketing de cara a captar potenciales clientes y fidelizar a los actuales. Es una taller pr\u00e1ctico, con ejercicios, [&hellip;]","og_url":"https:\/\/comercmoble.com\/ca\/el-proximo-18-de-noviembre-en-comercmoble-a-las-1400-tecnicas-sencillas-para-vender-muebles-de-verdad-hoy\/","og_site_name":"Comer\u00e7 Moble","article_published_time":"2019-11-12T20:30:17+00:00","article_modified_time":"2021-06-07T07:51:15+00:00","og_image":[{"width":600,"height":400,"url":"https:\/\/comercmoble.com\/wp-content\/uploads\/2019\/11\/cabecera18OK.jpg","type":"image\/jpeg"}],"author":"Carolina","twitter_card":"summary_large_image","twitter_misc":{"Written by":"Carolina","Est. reading time":"1 minute"},"schema":{"@context":"https:\/\/schema.org","@graph":[{"@type":"Article","@id":"https:\/\/comercmoble.com\/ca\/el-proximo-18-de-noviembre-en-comercmoble-a-las-1400-tecnicas-sencillas-para-vender-muebles-de-verdad-hoy\/#article","isPartOf":{"@id":"https:\/\/comercmoble.com\/ca\/el-proximo-18-de-noviembre-en-comercmoble-a-las-1400-tecnicas-sencillas-para-vender-muebles-de-verdad-hoy\/"},"author":{"name":"Carolina","@id":"https:\/\/comercmoble.com\/ca\/#\/schema\/person\/f0c01e057f07075c1395caa44a77a09c"},"headline":"El Pr\u00f3ximo 18 de Noviembre en Comercmoble a las 14:00: T\u00e9cnicas sencillas para vender muebles de verdad hoy!!","datePublished":"2019-11-12T20:30:17+00:00","dateModified":"2021-06-07T07:51:15+00:00","mainEntityOfPage":{"@id":"https:\/\/comercmoble.com\/ca\/el-proximo-18-de-noviembre-en-comercmoble-a-las-1400-tecnicas-sencillas-para-vender-muebles-de-verdad-hoy\/"},"wordCount":189,"publisher":{"@id":"https:\/\/comercmoble.com\/ca\/#organization"},"image":{"@id":"https:\/\/comercmoble.com\/ca\/el-proximo-18-de-noviembre-en-comercmoble-a-las-1400-tecnicas-sencillas-para-vender-muebles-de-verdad-hoy\/#primaryimage"},"thumbnailUrl":"https:\/\/comercmoble.com\/wp-content\/uploads\/2019\/11\/cabecera18OK.jpg","articleSection":["Sense categoria"],"inLanguage":"va-VA"},{"@type":"WebPage","@id":"https:\/\/comercmoble.com\/ca\/el-proximo-18-de-noviembre-en-comercmoble-a-las-1400-tecnicas-sencillas-para-vender-muebles-de-verdad-hoy\/","url":"https:\/\/comercmoble.com\/ca\/el-proximo-18-de-noviembre-en-comercmoble-a-las-1400-tecnicas-sencillas-para-vender-muebles-de-verdad-hoy\/","name":"El Pr\u00f3ximo 18 de Noviembre en Comercmoble a las 14:00: T\u00e9cnicas sencillas para vender muebles de verdad hoy!! - Comer\u00e7 Moble","isPartOf":{"@id":"https:\/\/comercmoble.com\/ca\/#website"},"primaryImageOfPage":{"@id":"https:\/\/comercmoble.com\/ca\/el-proximo-18-de-noviembre-en-comercmoble-a-las-1400-tecnicas-sencillas-para-vender-muebles-de-verdad-hoy\/#primaryimage"},"image":{"@id":"https:\/\/comercmoble.com\/ca\/el-proximo-18-de-noviembre-en-comercmoble-a-las-1400-tecnicas-sencillas-para-vender-muebles-de-verdad-hoy\/#primaryimage"},"thumbnailUrl":"https:\/\/comercmoble.com\/wp-content\/uploads\/2019\/11\/cabecera18OK.jpg","datePublished":"2019-11-12T20:30:17+00:00","dateModified":"2021-06-07T07:51:15+00:00","breadcrumb":{"@id":"https:\/\/comercmoble.com\/ca\/el-proximo-18-de-noviembre-en-comercmoble-a-las-1400-tecnicas-sencillas-para-vender-muebles-de-verdad-hoy\/#breadcrumb"},"inLanguage":"va-VA","potentialAction":[{"@type":"ReadAction","target":["https:\/\/comercmoble.com\/ca\/el-proximo-18-de-noviembre-en-comercmoble-a-las-1400-tecnicas-sencillas-para-vender-muebles-de-verdad-hoy\/"]}]},{"@type":"ImageObject","inLanguage":"va-VA","@id":"https:\/\/comercmoble.com\/ca\/el-proximo-18-de-noviembre-en-comercmoble-a-las-1400-tecnicas-sencillas-para-vender-muebles-de-verdad-hoy\/#primaryimage","url":"https:\/\/comercmoble.com\/wp-content\/uploads\/2019\/11\/cabecera18OK.jpg","contentUrl":"https:\/\/comercmoble.com\/wp-content\/uploads\/2019\/11\/cabecera18OK.jpg","width":600,"height":400},{"@type":"BreadcrumbList","@id":"https:\/\/comercmoble.com\/ca\/el-proximo-18-de-noviembre-en-comercmoble-a-las-1400-tecnicas-sencillas-para-vender-muebles-de-verdad-hoy\/#breadcrumb","itemListElement":[{"@type":"ListItem","position":1,"name":"Inicio","item":"https:\/\/comercmoble.com\/"},{"@type":"ListItem","position":2,"name":"Sense categoria","item":"https:\/\/comercmoble.com\/ca\/category\/sense-categoria\/"},{"@type":"ListItem","position":3,"name":"El Pr\u00f3ximo 18 de Noviembre en Comercmoble a las 14:00: T\u00e9cnicas sencillas para vender muebles de verdad hoy!!"}]},{"@type":"WebSite","@id":"https:\/\/comercmoble.com\/ca\/#website","url":"https:\/\/comercmoble.com\/ca\/","name":"Comer\u00e7 Moble","description":"Asociaci\u00f3n de Comercios del Muebles de la Comunidad Valencia","publisher":{"@id":"https:\/\/comercmoble.com\/ca\/#organization"},"potentialAction":[{"@type":"SearchAction","target":{"@type":"EntryPoint","urlTemplate":"https:\/\/comercmoble.com\/ca\/?s={search_term_string}"},"query-input":{"@type":"PropertyValueSpecification","valueRequired":true,"valueName":"search_term_string"}}],"inLanguage":"va-VA"},{"@type":"Organization","@id":"https:\/\/comercmoble.com\/ca\/#organization","name":"ASOCIACI\u00d3N PARA LA DISTRIBUCI\u00d3N Y COMERCIO DEL H\u00c1BITAT DE LA COMUNIDAD VALENCIANA","url":"https:\/\/comercmoble.com\/ca\/","logo":{"@type":"ImageObject","inLanguage":"va-VA","@id":"https:\/\/comercmoble.com\/ca\/#\/schema\/logo\/image\/","url":"https:\/\/comercmoble.com\/wp-content\/uploads\/2018\/11\/logo.png","contentUrl":"https:\/\/comercmoble.com\/wp-content\/uploads\/2018\/11\/logo.png","width":213,"height":67,"caption":"ASOCIACI\u00d3N PARA LA DISTRIBUCI\u00d3N Y COMERCIO DEL H\u00c1BITAT DE LA COMUNIDAD VALENCIANA"},"image":{"@id":"https:\/\/comercmoble.com\/ca\/#\/schema\/logo\/image\/"}},{"@type":"Person","@id":"https:\/\/comercmoble.com\/ca\/#\/schema\/person\/f0c01e057f07075c1395caa44a77a09c","name":"Carolina","image":{"@type":"ImageObject","inLanguage":"va-VA","@id":"https:\/\/secure.gravatar.com\/avatar\/4c9e11ce6b5048d5ebc266c8d4992bae6b8174105290963e2df93b7a062fb7e4?s=96&d=mm&r=g","url":"https:\/\/secure.gravatar.com\/avatar\/4c9e11ce6b5048d5ebc266c8d4992bae6b8174105290963e2df93b7a062fb7e4?s=96&d=mm&r=g","contentUrl":"https:\/\/secure.gravatar.com\/avatar\/4c9e11ce6b5048d5ebc266c8d4992bae6b8174105290963e2df93b7a062fb7e4?s=96&d=mm&r=g","caption":"Carolina"},"url":"https:\/\/comercmoble.com\/ca\/author\/juliacomo\/"}]}},"_links":{"self":[{"href":"https:\/\/comercmoble.com\/ca\/wp-json\/wp\/v2\/posts\/4615","targetHints":{"allow":["GET"]}}],"collection":[{"href":"https:\/\/comercmoble.com\/ca\/wp-json\/wp\/v2\/posts"}],"about":[{"href":"https:\/\/comercmoble.com\/ca\/wp-json\/wp\/v2\/types\/post"}],"author":[{"embeddable":true,"href":"https:\/\/comercmoble.com\/ca\/wp-json\/wp\/v2\/users\/230"}],"replies":[{"embeddable":true,"href":"https:\/\/comercmoble.com\/ca\/wp-json\/wp\/v2\/comments?post=4615"}],"version-history":[{"count":1,"href":"https:\/\/comercmoble.com\/ca\/wp-json\/wp\/v2\/posts\/4615\/revisions"}],"predecessor-version":[{"id":4617,"href":"https:\/\/comercmoble.com\/ca\/wp-json\/wp\/v2\/posts\/4615\/revisions\/4617"}],"wp:featuredmedia":[{"embeddable":true,"href":"https:\/\/comercmoble.com\/ca\/wp-json\/wp\/v2\/media\/3952"}],"wp:attachment":[{"href":"https:\/\/comercmoble.com\/ca\/wp-json\/wp\/v2\/media?parent=4615"}],"wp:term":[{"taxonomy":"category","embeddable":true,"href":"https:\/\/comercmoble.com\/ca\/wp-json\/wp\/v2\/categories?post=4615"},{"taxonomy":"post_tag","embeddable":true,"href":"https:\/\/comercmoble.com\/ca\/wp-json\/wp\/v2\/tags?post=4615"}],"curies":[{"name":"wp","href":"https:\/\/api.w.org\/{rel}","templated":true}]}}