{"id":4612,"date":"2019-11-21T19:25:32","date_gmt":"2019-11-21T18:25:32","guid":{"rendered":"https:\/\/comercmoble.com\/quieres-tener-mas-clientes-marketing-digital-3-0-especial-tiendas-muebles-comerc-moble"},"modified":"2021-06-07T09:50:58","modified_gmt":"2021-06-07T07:50:58","slug":"quieres-tener-mas-clientes-marketing-digital-3-0-especial-tiendas-muebles-comerc-moble","status":"publish","type":"post","link":"https:\/\/comercmoble.com\/ca\/quieres-tener-mas-clientes-marketing-digital-3-0-especial-tiendas-muebles-comerc-moble\/","title":{"rendered":"\u00bfQuieres tener m\u00e1s clientes? Marketing digital 3.0. Especial tiendas  muebles. COMER\u00c7 MOBLE."},"content":{"rendered":"<p>El PAsado Lunes 18 de Noviembre con asistencia de numerosos asociados se celebr\u00f3 el <strong>&#8220;Taller como vender m\u00e1s muebles &#8221; <\/strong>dirigido \u00a0por Maria Jose Machado, en la sede de <strong>Comer\u00e7moble.\u00a0<\/strong><\/p>\n<div class=\"\">Una interesante exposici\u00f3n sobre como podemos vender mas apoy\u00e1ndonos en un concepto de marca \u201cParaguas\u201d como es <strong>Muebles de Verdad,<\/strong> aprovechando las sinergias de contenidos, y con f\u00f3rmulas muy sencillas para llegar a mas p\u00fablico.<\/div>\n<div class=\"\">El taller tuvo un contenido muy abundante, de hecho quedando en organizar alguno m\u00e1s en el\u00a0 futuro para ampliar el concepto y al que puedan asistir mas asociados.<\/div>\n<div class=\"\">Desde <strong>C<\/strong><strong>om<\/strong><strong>er\u00e7moble<\/strong> queremos apoyar al comercio P<strong>remium de muebles<\/strong> haciendo m\u00e1s f\u00e1cil y eficaz la comunicaci\u00f3n con nuestros clientes.<\/div>\n<div><img loading=\"lazy\" decoding=\"async\" class=\"alignnone wp-image-1957\" src=\"https:\/\/comercmoble.com\/wp-content\/uploads\/2019\/11\/IMG_20191118_142735-300x169.jpg\" alt=\"\" width=\"1015\" height=\"572\" srcset=\"https:\/\/comercmoble.com\/wp-content\/uploads\/2019\/11\/IMG_20191118_142735-300x169.jpg 300w, https:\/\/comercmoble.com\/wp-content\/uploads\/2019\/11\/IMG_20191118_142735-768x432.jpg 768w, https:\/\/comercmoble.com\/wp-content\/uploads\/2019\/11\/IMG_20191118_142735-1024x576.jpg 1024w, https:\/\/comercmoble.com\/wp-content\/uploads\/2019\/11\/IMG_20191118_142735-400x225.jpg 400w, https:\/\/comercmoble.com\/wp-content\/uploads\/2019\/11\/IMG_20191118_142735-600x338.jpg 600w\" sizes=\"(max-width: 1015px) 100vw, 1015px\" \/><\/div>\n<div class=\"\">Os adelantamos de la importancia de tener una base de datos de clientes clara y f\u00e1cil para poder comunicar y la importancia de trabajar las redes de la manera adecuada para obtener rendimiento. Estar en las redes no es solamente colgar fotos, no es que tu familia de un like, no es que a ti personalmente te guste, todo esto es importante, pero lo mas importante es que seas capaz de transmitir un concepto de marca, diferenciada y con contenido de marca. Eso es lo que hoy en d\u00eda vende, y <strong>vende de verdad.<\/strong><\/div>\n<div><img loading=\"lazy\" decoding=\"async\" class=\"alignnone wp-image-1958\" src=\"https:\/\/comercmoble.com\/wp-content\/uploads\/2019\/11\/IMG_20191118_172723-300x169.jpg\" alt=\"\" width=\"1014\" height=\"571\" srcset=\"https:\/\/comercmoble.com\/wp-content\/uploads\/2019\/11\/IMG_20191118_172723-300x169.jpg 300w, https:\/\/comercmoble.com\/wp-content\/uploads\/2019\/11\/IMG_20191118_172723-768x432.jpg 768w, https:\/\/comercmoble.com\/wp-content\/uploads\/2019\/11\/IMG_20191118_172723-1024x576.jpg 1024w, https:\/\/comercmoble.com\/wp-content\/uploads\/2019\/11\/IMG_20191118_172723-400x225.jpg 400w, https:\/\/comercmoble.com\/wp-content\/uploads\/2019\/11\/IMG_20191118_172723-600x338.jpg 600w\" sizes=\"(max-width: 1014px) 100vw, 1014px\" \/><\/div>\n<div><\/div>\n<div class=\"\">Marca no es producto, marca no es servicio es algo m\u00e1s. Si quieres vender mas y conocer los secretos b\u00e1sicos de la comunicaci\u00f3n, contacta con nosotros. <strong>Comer\u00e7moble es la asociaci\u00f3n \u00a0de comercios premium muebles de la Comunidad Valenciana<\/strong>, la que los representa en instituciones, la que les aporta las armas de la eficacia y la \u00a0eficiencia.<\/div>\n","protected":false},"excerpt":{"rendered":"<p>El PAsado Lunes 18 de Noviembre con asistencia de numerosos asociados se celebr\u00f3 el &#8220;Taller como vender m\u00e1s muebles &#8221; dirigido \u00a0por Maria Jose Machado, en la sede de Comer\u00e7moble.\u00a0 Una interesante exposici\u00f3n sobre como podemos vender mas apoy\u00e1ndonos en un concepto de marca \u201cParaguas\u201d como es Muebles de Verdad, aprovechando las sinergias de contenidos, [&hellip;]<\/p>\n","protected":false},"author":230,"featured_media":3953,"comment_status":"closed","ping_status":"closed","sticky":false,"template":"","format":"standard","meta":{"_et_pb_use_builder":"","_et_pb_old_content":"","_et_gb_content_width":"","footnotes":""},"categories":[256],"tags":[],"class_list":["post-4612","post","type-post","status-publish","format-standard","has-post-thumbnail","hentry","category-sense-categoria"],"yoast_head":"<!-- This site is optimized with the Yoast SEO plugin v27.4 - https:\/\/yoast.com\/product\/yoast-seo-wordpress\/ -->\n<title>\u00bfQuieres tener m\u00e1s clientes? Marketing digital 3.0. Especial tiendas muebles. COMER\u00c7 MOBLE. - Comer\u00e7 Moble<\/title>\n<meta name=\"robots\" content=\"index, follow, max-snippet:-1, max-image-preview:large, max-video-preview:-1\" \/>\n<link rel=\"canonical\" href=\"https:\/\/comercmoble.com\/ca\/quieres-tener-mas-clientes-marketing-digital-3-0-especial-tiendas-muebles-comerc-moble\/\" \/>\n<meta property=\"og:locale\" content=\"en_US\" \/>\n<meta property=\"og:type\" content=\"article\" \/>\n<meta property=\"og:title\" content=\"\u00bfQuieres tener m\u00e1s clientes? Marketing digital 3.0. Especial tiendas muebles. COMER\u00c7 MOBLE. - Comer\u00e7 Moble\" \/>\n<meta property=\"og:description\" content=\"El PAsado Lunes 18 de Noviembre con asistencia de numerosos asociados se celebr\u00f3 el &#8220;Taller como vender m\u00e1s muebles &#8221; dirigido \u00a0por Maria Jose Machado, en la sede de Comer\u00e7moble.\u00a0 Una interesante exposici\u00f3n sobre como podemos vender mas apoy\u00e1ndonos en un concepto de marca \u201cParaguas\u201d como es Muebles de Verdad, aprovechando las sinergias de contenidos, [&hellip;]\" \/>\n<meta property=\"og:url\" content=\"https:\/\/comercmoble.com\/ca\/quieres-tener-mas-clientes-marketing-digital-3-0-especial-tiendas-muebles-comerc-moble\/\" \/>\n<meta property=\"og:site_name\" content=\"Comer\u00e7 Moble\" \/>\n<meta property=\"article:published_time\" content=\"2019-11-21T18:25:32+00:00\" \/>\n<meta property=\"article:modified_time\" content=\"2021-06-07T07:50:58+00:00\" \/>\n<meta property=\"og:image\" content=\"https:\/\/comercmoble.com\/wp-content\/uploads\/2019\/11\/IMG_9471.jpg\" \/>\n\t<meta property=\"og:image:width\" content=\"3264\" \/>\n\t<meta property=\"og:image:height\" content=\"2448\" \/>\n\t<meta property=\"og:image:type\" content=\"image\/jpeg\" \/>\n<meta name=\"author\" content=\"Carolina\" \/>\n<meta name=\"twitter:card\" content=\"summary_large_image\" \/>\n<meta name=\"twitter:label1\" content=\"Written by\" \/>\n\t<meta name=\"twitter:data1\" content=\"Carolina\" \/>\n\t<meta name=\"twitter:label2\" content=\"Est. reading time\" \/>\n\t<meta name=\"twitter:data2\" content=\"1 minute\" \/>\n<script type=\"application\/ld+json\" class=\"yoast-schema-graph\">{\"@context\":\"https:\\\/\\\/schema.org\",\"@graph\":[{\"@type\":\"Article\",\"@id\":\"https:\\\/\\\/comercmoble.com\\\/ca\\\/quieres-tener-mas-clientes-marketing-digital-3-0-especial-tiendas-muebles-comerc-moble\\\/#article\",\"isPartOf\":{\"@id\":\"https:\\\/\\\/comercmoble.com\\\/ca\\\/quieres-tener-mas-clientes-marketing-digital-3-0-especial-tiendas-muebles-comerc-moble\\\/\"},\"author\":{\"name\":\"Carolina\",\"@id\":\"https:\\\/\\\/comercmoble.com\\\/ca\\\/#\\\/schema\\\/person\\\/f0c01e057f07075c1395caa44a77a09c\"},\"headline\":\"\u00bfQuieres tener m\u00e1s clientes? Marketing digital 3.0. Especial tiendas muebles. COMER\u00c7 MOBLE.\",\"datePublished\":\"2019-11-21T18:25:32+00:00\",\"dateModified\":\"2021-06-07T07:50:58+00:00\",\"mainEntityOfPage\":{\"@id\":\"https:\\\/\\\/comercmoble.com\\\/ca\\\/quieres-tener-mas-clientes-marketing-digital-3-0-especial-tiendas-muebles-comerc-moble\\\/\"},\"wordCount\":292,\"publisher\":{\"@id\":\"https:\\\/\\\/comercmoble.com\\\/ca\\\/#organization\"},\"image\":{\"@id\":\"https:\\\/\\\/comercmoble.com\\\/ca\\\/quieres-tener-mas-clientes-marketing-digital-3-0-especial-tiendas-muebles-comerc-moble\\\/#primaryimage\"},\"thumbnailUrl\":\"https:\\\/\\\/comercmoble.com\\\/wp-content\\\/uploads\\\/2019\\\/11\\\/IMG_9471.jpg\",\"articleSection\":[\"Sense categoria\"],\"inLanguage\":\"va-VA\"},{\"@type\":\"WebPage\",\"@id\":\"https:\\\/\\\/comercmoble.com\\\/ca\\\/quieres-tener-mas-clientes-marketing-digital-3-0-especial-tiendas-muebles-comerc-moble\\\/\",\"url\":\"https:\\\/\\\/comercmoble.com\\\/ca\\\/quieres-tener-mas-clientes-marketing-digital-3-0-especial-tiendas-muebles-comerc-moble\\\/\",\"name\":\"\u00bfQuieres tener m\u00e1s clientes? Marketing digital 3.0. Especial tiendas muebles. COMER\u00c7 MOBLE. - Comer\u00e7 Moble\",\"isPartOf\":{\"@id\":\"https:\\\/\\\/comercmoble.com\\\/ca\\\/#website\"},\"primaryImageOfPage\":{\"@id\":\"https:\\\/\\\/comercmoble.com\\\/ca\\\/quieres-tener-mas-clientes-marketing-digital-3-0-especial-tiendas-muebles-comerc-moble\\\/#primaryimage\"},\"image\":{\"@id\":\"https:\\\/\\\/comercmoble.com\\\/ca\\\/quieres-tener-mas-clientes-marketing-digital-3-0-especial-tiendas-muebles-comerc-moble\\\/#primaryimage\"},\"thumbnailUrl\":\"https:\\\/\\\/comercmoble.com\\\/wp-content\\\/uploads\\\/2019\\\/11\\\/IMG_9471.jpg\",\"datePublished\":\"2019-11-21T18:25:32+00:00\",\"dateModified\":\"2021-06-07T07:50:58+00:00\",\"breadcrumb\":{\"@id\":\"https:\\\/\\\/comercmoble.com\\\/ca\\\/quieres-tener-mas-clientes-marketing-digital-3-0-especial-tiendas-muebles-comerc-moble\\\/#breadcrumb\"},\"inLanguage\":\"va-VA\",\"potentialAction\":[{\"@type\":\"ReadAction\",\"target\":[\"https:\\\/\\\/comercmoble.com\\\/ca\\\/quieres-tener-mas-clientes-marketing-digital-3-0-especial-tiendas-muebles-comerc-moble\\\/\"]}]},{\"@type\":\"ImageObject\",\"inLanguage\":\"va-VA\",\"@id\":\"https:\\\/\\\/comercmoble.com\\\/ca\\\/quieres-tener-mas-clientes-marketing-digital-3-0-especial-tiendas-muebles-comerc-moble\\\/#primaryimage\",\"url\":\"https:\\\/\\\/comercmoble.com\\\/wp-content\\\/uploads\\\/2019\\\/11\\\/IMG_9471.jpg\",\"contentUrl\":\"https:\\\/\\\/comercmoble.com\\\/wp-content\\\/uploads\\\/2019\\\/11\\\/IMG_9471.jpg\",\"width\":3264,\"height\":2448},{\"@type\":\"BreadcrumbList\",\"@id\":\"https:\\\/\\\/comercmoble.com\\\/ca\\\/quieres-tener-mas-clientes-marketing-digital-3-0-especial-tiendas-muebles-comerc-moble\\\/#breadcrumb\",\"itemListElement\":[{\"@type\":\"ListItem\",\"position\":1,\"name\":\"Inicio\",\"item\":\"https:\\\/\\\/comercmoble.com\\\/\"},{\"@type\":\"ListItem\",\"position\":2,\"name\":\"Sense categoria\",\"item\":\"https:\\\/\\\/comercmoble.com\\\/ca\\\/category\\\/sense-categoria\\\/\"},{\"@type\":\"ListItem\",\"position\":3,\"name\":\"\u00bfQuieres tener m\u00e1s clientes? Marketing digital 3.0. Especial tiendas muebles. COMER\u00c7 MOBLE.\"}]},{\"@type\":\"WebSite\",\"@id\":\"https:\\\/\\\/comercmoble.com\\\/ca\\\/#website\",\"url\":\"https:\\\/\\\/comercmoble.com\\\/ca\\\/\",\"name\":\"Comer\u00e7 Moble\",\"description\":\"Asociaci\u00f3n de Comercios del Muebles de la Comunidad Valencia\",\"publisher\":{\"@id\":\"https:\\\/\\\/comercmoble.com\\\/ca\\\/#organization\"},\"potentialAction\":[{\"@type\":\"SearchAction\",\"target\":{\"@type\":\"EntryPoint\",\"urlTemplate\":\"https:\\\/\\\/comercmoble.com\\\/ca\\\/?s={search_term_string}\"},\"query-input\":{\"@type\":\"PropertyValueSpecification\",\"valueRequired\":true,\"valueName\":\"search_term_string\"}}],\"inLanguage\":\"va-VA\"},{\"@type\":\"Organization\",\"@id\":\"https:\\\/\\\/comercmoble.com\\\/ca\\\/#organization\",\"name\":\"ASOCIACI\u00d3N PARA LA DISTRIBUCI\u00d3N Y COMERCIO DEL H\u00c1BITAT DE LA COMUNIDAD VALENCIANA\",\"url\":\"https:\\\/\\\/comercmoble.com\\\/ca\\\/\",\"logo\":{\"@type\":\"ImageObject\",\"inLanguage\":\"va-VA\",\"@id\":\"https:\\\/\\\/comercmoble.com\\\/ca\\\/#\\\/schema\\\/logo\\\/image\\\/\",\"url\":\"https:\\\/\\\/comercmoble.com\\\/wp-content\\\/uploads\\\/2018\\\/11\\\/logo.png\",\"contentUrl\":\"https:\\\/\\\/comercmoble.com\\\/wp-content\\\/uploads\\\/2018\\\/11\\\/logo.png\",\"width\":213,\"height\":67,\"caption\":\"ASOCIACI\u00d3N PARA LA DISTRIBUCI\u00d3N Y COMERCIO DEL H\u00c1BITAT DE LA COMUNIDAD VALENCIANA\"},\"image\":{\"@id\":\"https:\\\/\\\/comercmoble.com\\\/ca\\\/#\\\/schema\\\/logo\\\/image\\\/\"}},{\"@type\":\"Person\",\"@id\":\"https:\\\/\\\/comercmoble.com\\\/ca\\\/#\\\/schema\\\/person\\\/f0c01e057f07075c1395caa44a77a09c\",\"name\":\"Carolina\",\"image\":{\"@type\":\"ImageObject\",\"inLanguage\":\"va-VA\",\"@id\":\"https:\\\/\\\/secure.gravatar.com\\\/avatar\\\/4c9e11ce6b5048d5ebc266c8d4992bae6b8174105290963e2df93b7a062fb7e4?s=96&d=mm&r=g\",\"url\":\"https:\\\/\\\/secure.gravatar.com\\\/avatar\\\/4c9e11ce6b5048d5ebc266c8d4992bae6b8174105290963e2df93b7a062fb7e4?s=96&d=mm&r=g\",\"contentUrl\":\"https:\\\/\\\/secure.gravatar.com\\\/avatar\\\/4c9e11ce6b5048d5ebc266c8d4992bae6b8174105290963e2df93b7a062fb7e4?s=96&d=mm&r=g\",\"caption\":\"Carolina\"},\"url\":\"https:\\\/\\\/comercmoble.com\\\/ca\\\/author\\\/juliacomo\\\/\"}]}<\/script>\n<!-- \/ Yoast SEO plugin. -->","yoast_head_json":{"title":"\u00bfQuieres tener m\u00e1s clientes? Marketing digital 3.0. Especial tiendas muebles. COMER\u00c7 MOBLE. - Comer\u00e7 Moble","robots":{"index":"index","follow":"follow","max-snippet":"max-snippet:-1","max-image-preview":"max-image-preview:large","max-video-preview":"max-video-preview:-1"},"canonical":"https:\/\/comercmoble.com\/ca\/quieres-tener-mas-clientes-marketing-digital-3-0-especial-tiendas-muebles-comerc-moble\/","og_locale":"en_US","og_type":"article","og_title":"\u00bfQuieres tener m\u00e1s clientes? Marketing digital 3.0. Especial tiendas muebles. COMER\u00c7 MOBLE. - Comer\u00e7 Moble","og_description":"El PAsado Lunes 18 de Noviembre con asistencia de numerosos asociados se celebr\u00f3 el &#8220;Taller como vender m\u00e1s muebles &#8221; dirigido \u00a0por Maria Jose Machado, en la sede de Comer\u00e7moble.\u00a0 Una interesante exposici\u00f3n sobre como podemos vender mas apoy\u00e1ndonos en un concepto de marca \u201cParaguas\u201d como es Muebles de Verdad, aprovechando las sinergias de contenidos, [&hellip;]","og_url":"https:\/\/comercmoble.com\/ca\/quieres-tener-mas-clientes-marketing-digital-3-0-especial-tiendas-muebles-comerc-moble\/","og_site_name":"Comer\u00e7 Moble","article_published_time":"2019-11-21T18:25:32+00:00","article_modified_time":"2021-06-07T07:50:58+00:00","og_image":[{"width":3264,"height":2448,"url":"https:\/\/comercmoble.com\/wp-content\/uploads\/2019\/11\/IMG_9471.jpg","type":"image\/jpeg"}],"author":"Carolina","twitter_card":"summary_large_image","twitter_misc":{"Written by":"Carolina","Est. reading time":"1 minute"},"schema":{"@context":"https:\/\/schema.org","@graph":[{"@type":"Article","@id":"https:\/\/comercmoble.com\/ca\/quieres-tener-mas-clientes-marketing-digital-3-0-especial-tiendas-muebles-comerc-moble\/#article","isPartOf":{"@id":"https:\/\/comercmoble.com\/ca\/quieres-tener-mas-clientes-marketing-digital-3-0-especial-tiendas-muebles-comerc-moble\/"},"author":{"name":"Carolina","@id":"https:\/\/comercmoble.com\/ca\/#\/schema\/person\/f0c01e057f07075c1395caa44a77a09c"},"headline":"\u00bfQuieres tener m\u00e1s clientes? Marketing digital 3.0. Especial tiendas muebles. COMER\u00c7 MOBLE.","datePublished":"2019-11-21T18:25:32+00:00","dateModified":"2021-06-07T07:50:58+00:00","mainEntityOfPage":{"@id":"https:\/\/comercmoble.com\/ca\/quieres-tener-mas-clientes-marketing-digital-3-0-especial-tiendas-muebles-comerc-moble\/"},"wordCount":292,"publisher":{"@id":"https:\/\/comercmoble.com\/ca\/#organization"},"image":{"@id":"https:\/\/comercmoble.com\/ca\/quieres-tener-mas-clientes-marketing-digital-3-0-especial-tiendas-muebles-comerc-moble\/#primaryimage"},"thumbnailUrl":"https:\/\/comercmoble.com\/wp-content\/uploads\/2019\/11\/IMG_9471.jpg","articleSection":["Sense categoria"],"inLanguage":"va-VA"},{"@type":"WebPage","@id":"https:\/\/comercmoble.com\/ca\/quieres-tener-mas-clientes-marketing-digital-3-0-especial-tiendas-muebles-comerc-moble\/","url":"https:\/\/comercmoble.com\/ca\/quieres-tener-mas-clientes-marketing-digital-3-0-especial-tiendas-muebles-comerc-moble\/","name":"\u00bfQuieres tener m\u00e1s clientes? Marketing digital 3.0. Especial tiendas muebles. COMER\u00c7 MOBLE. - Comer\u00e7 Moble","isPartOf":{"@id":"https:\/\/comercmoble.com\/ca\/#website"},"primaryImageOfPage":{"@id":"https:\/\/comercmoble.com\/ca\/quieres-tener-mas-clientes-marketing-digital-3-0-especial-tiendas-muebles-comerc-moble\/#primaryimage"},"image":{"@id":"https:\/\/comercmoble.com\/ca\/quieres-tener-mas-clientes-marketing-digital-3-0-especial-tiendas-muebles-comerc-moble\/#primaryimage"},"thumbnailUrl":"https:\/\/comercmoble.com\/wp-content\/uploads\/2019\/11\/IMG_9471.jpg","datePublished":"2019-11-21T18:25:32+00:00","dateModified":"2021-06-07T07:50:58+00:00","breadcrumb":{"@id":"https:\/\/comercmoble.com\/ca\/quieres-tener-mas-clientes-marketing-digital-3-0-especial-tiendas-muebles-comerc-moble\/#breadcrumb"},"inLanguage":"va-VA","potentialAction":[{"@type":"ReadAction","target":["https:\/\/comercmoble.com\/ca\/quieres-tener-mas-clientes-marketing-digital-3-0-especial-tiendas-muebles-comerc-moble\/"]}]},{"@type":"ImageObject","inLanguage":"va-VA","@id":"https:\/\/comercmoble.com\/ca\/quieres-tener-mas-clientes-marketing-digital-3-0-especial-tiendas-muebles-comerc-moble\/#primaryimage","url":"https:\/\/comercmoble.com\/wp-content\/uploads\/2019\/11\/IMG_9471.jpg","contentUrl":"https:\/\/comercmoble.com\/wp-content\/uploads\/2019\/11\/IMG_9471.jpg","width":3264,"height":2448},{"@type":"BreadcrumbList","@id":"https:\/\/comercmoble.com\/ca\/quieres-tener-mas-clientes-marketing-digital-3-0-especial-tiendas-muebles-comerc-moble\/#breadcrumb","itemListElement":[{"@type":"ListItem","position":1,"name":"Inicio","item":"https:\/\/comercmoble.com\/"},{"@type":"ListItem","position":2,"name":"Sense categoria","item":"https:\/\/comercmoble.com\/ca\/category\/sense-categoria\/"},{"@type":"ListItem","position":3,"name":"\u00bfQuieres tener m\u00e1s clientes? Marketing digital 3.0. Especial tiendas muebles. COMER\u00c7 MOBLE."}]},{"@type":"WebSite","@id":"https:\/\/comercmoble.com\/ca\/#website","url":"https:\/\/comercmoble.com\/ca\/","name":"Comer\u00e7 Moble","description":"Asociaci\u00f3n de Comercios del Muebles de la Comunidad Valencia","publisher":{"@id":"https:\/\/comercmoble.com\/ca\/#organization"},"potentialAction":[{"@type":"SearchAction","target":{"@type":"EntryPoint","urlTemplate":"https:\/\/comercmoble.com\/ca\/?s={search_term_string}"},"query-input":{"@type":"PropertyValueSpecification","valueRequired":true,"valueName":"search_term_string"}}],"inLanguage":"va-VA"},{"@type":"Organization","@id":"https:\/\/comercmoble.com\/ca\/#organization","name":"ASOCIACI\u00d3N PARA LA DISTRIBUCI\u00d3N Y COMERCIO DEL H\u00c1BITAT DE LA COMUNIDAD VALENCIANA","url":"https:\/\/comercmoble.com\/ca\/","logo":{"@type":"ImageObject","inLanguage":"va-VA","@id":"https:\/\/comercmoble.com\/ca\/#\/schema\/logo\/image\/","url":"https:\/\/comercmoble.com\/wp-content\/uploads\/2018\/11\/logo.png","contentUrl":"https:\/\/comercmoble.com\/wp-content\/uploads\/2018\/11\/logo.png","width":213,"height":67,"caption":"ASOCIACI\u00d3N PARA LA DISTRIBUCI\u00d3N Y COMERCIO DEL H\u00c1BITAT DE LA COMUNIDAD VALENCIANA"},"image":{"@id":"https:\/\/comercmoble.com\/ca\/#\/schema\/logo\/image\/"}},{"@type":"Person","@id":"https:\/\/comercmoble.com\/ca\/#\/schema\/person\/f0c01e057f07075c1395caa44a77a09c","name":"Carolina","image":{"@type":"ImageObject","inLanguage":"va-VA","@id":"https:\/\/secure.gravatar.com\/avatar\/4c9e11ce6b5048d5ebc266c8d4992bae6b8174105290963e2df93b7a062fb7e4?s=96&d=mm&r=g","url":"https:\/\/secure.gravatar.com\/avatar\/4c9e11ce6b5048d5ebc266c8d4992bae6b8174105290963e2df93b7a062fb7e4?s=96&d=mm&r=g","contentUrl":"https:\/\/secure.gravatar.com\/avatar\/4c9e11ce6b5048d5ebc266c8d4992bae6b8174105290963e2df93b7a062fb7e4?s=96&d=mm&r=g","caption":"Carolina"},"url":"https:\/\/comercmoble.com\/ca\/author\/juliacomo\/"}]}},"_links":{"self":[{"href":"https:\/\/comercmoble.com\/ca\/wp-json\/wp\/v2\/posts\/4612","targetHints":{"allow":["GET"]}}],"collection":[{"href":"https:\/\/comercmoble.com\/ca\/wp-json\/wp\/v2\/posts"}],"about":[{"href":"https:\/\/comercmoble.com\/ca\/wp-json\/wp\/v2\/types\/post"}],"author":[{"embeddable":true,"href":"https:\/\/comercmoble.com\/ca\/wp-json\/wp\/v2\/users\/230"}],"replies":[{"embeddable":true,"href":"https:\/\/comercmoble.com\/ca\/wp-json\/wp\/v2\/comments?post=4612"}],"version-history":[{"count":1,"href":"https:\/\/comercmoble.com\/ca\/wp-json\/wp\/v2\/posts\/4612\/revisions"}],"predecessor-version":[{"id":4614,"href":"https:\/\/comercmoble.com\/ca\/wp-json\/wp\/v2\/posts\/4612\/revisions\/4614"}],"wp:featuredmedia":[{"embeddable":true,"href":"https:\/\/comercmoble.com\/ca\/wp-json\/wp\/v2\/media\/3953"}],"wp:attachment":[{"href":"https:\/\/comercmoble.com\/ca\/wp-json\/wp\/v2\/media?parent=4612"}],"wp:term":[{"taxonomy":"category","embeddable":true,"href":"https:\/\/comercmoble.com\/ca\/wp-json\/wp\/v2\/categories?post=4612"},{"taxonomy":"post_tag","embeddable":true,"href":"https:\/\/comercmoble.com\/ca\/wp-json\/wp\/v2\/tags?post=4612"}],"curies":[{"name":"wp","href":"https:\/\/api.w.org\/{rel}","templated":true}]}}