{"id":4610,"date":"2020-12-18T12:47:30","date_gmt":"2020-12-18T11:47:30","guid":{"rendered":"https:\/\/comercmoble.com\/ayudas-direccion-general-de-comercio-2021"},"modified":"2021-06-07T09:49:58","modified_gmt":"2021-06-07T07:49:58","slug":"ayudas-direccion-general-de-comercio-2021","status":"publish","type":"post","link":"https:\/\/comercmoble.com\/ca\/ayudas-direccion-general-de-comercio-2021\/","title":{"rendered":"Ayudas direcci\u00f3n General de Comercio 2021"},"content":{"rendered":"<p>Como cada a\u00f1o desde\u00a0<strong>\u00a0COMER\u00c7 MOBLE\u00a0<\/strong>\u00a0nos encargamos de tramitar la ayudas a nuestros asociados, garantizando una supervisi\u00f3n sobre la solicitud y facilitando todo el proceso.<\/p>\n<p>Si tienes previsto hacer alguna inversi\u00f3n en la tienda, relativa a mejoras en el establecimiento, mejoras en p\u00e1gina web destinadas a la venta,..etc ponte en contacto con nosotros.<\/p>\n<p>Tel\u00e9fono 665 903 221-679 48 80 64\u00a0 correo : <a href=\"mailto:comercioshabitatcv@gmail.com\">comercioshabitatcv@gmail.com<\/a>\u00a0 El plazo finaliza el 01 de febrero del a\u00f1o pr\u00f3ximo.<\/p>\n<p>El Diari Oficial de la Generalitat Valenciana, public\u00f3 el 11-12-2020 la resoluci\u00f3n por la que se convocan las ayudas en materia de Comercio para el ejercicio 2021. Cuyo resumen es:<\/p>\n<p>&nbsp;<\/p>\n<table>\n<tbody>\n<tr>\n<td width=\"407\"><strong>INVERSI\u00d3N APOYABLE<\/strong><\/td>\n<td colspan=\"2\" width=\"85\"><strong>INVERSI\u00d3N<\/strong><\/p>\n<p><strong>M\u00cdNIMA<\/strong><\/td>\n<td width=\"104\"><strong>SUBVENCI\u00d3N<\/strong><\/p>\n<p><strong>M\u00c1XIMA<\/strong><\/td>\n<\/tr>\n<tr>\n<td colspan=\"2\" width=\"417\"><strong><u>EMPRENEM COMER\u00c7<\/u><\/strong><\/p>\n<p>Destinadas a financiar los gastos de mantenimiento de un comercio con un nuevo titular o de la implantaci\u00f3n de una actividad comercial en un local en el que con anterioridad, se haya desarrollado actividad econ\u00f3mica. El establecimiento deber\u00e1 abrirse al p\u00fablico entre el 1 de febrero y el 30 de septiembre de 2021. Gastos apoyables: a) Estudios de viabilidad, factibilidad comercial, distribuci\u00f3n, iluminaci\u00f3n, ahorro energ\u00e9tico b) Gastos de gestor\u00eda, notar\u00eda y registros para la constituci\u00f3n de la empresa o para el inicio de la actividad y adem\u00e1s, en su caso, online. c) Gastos de alquiler del local devengados desde el 1 de febrero hasta el 30 de<\/p>\n<p>septiembre de 2021.<\/td>\n<td width=\"75\">&nbsp;<\/p>\n<p>&nbsp;<\/p>\n<p>&nbsp;<\/p>\n<p>&nbsp;<\/p>\n<p>&nbsp;<\/p>\n<p>&#8212;-<\/td>\n<td width=\"104\">&nbsp;<\/p>\n<p>&nbsp;<\/p>\n<p>&nbsp;<\/p>\n<p>&nbsp;<\/p>\n<p>Hasta el 50%<\/p>\n<p>L\u00edmite 10.000 \u20ac (alquiler m\u00e1x.<\/p>\n<p>5.000 \u20ac )<\/td>\n<\/tr>\n<tr>\n<td colspan=\"2\" width=\"417\"><strong>AVALEM COMER\u00c7<\/strong><strong> *<\/strong><\/p>\n<p>Ayudas destinadas a financiar las inversiones en equipamiento para el establecimiento comercial y la implantaci\u00f3n de la vta. online segura o su integraci\u00f3n en plataforma de comercio electr\u00f3nico. En estos casos, se considerar\u00e1n apoyables las aplicaciones inform\u00e1ticas y los gastos derivados de la creaci\u00f3n de una p\u00e1gina\u00a0web, siempre que est\u00e9 vinculada al establecimiento.<\/td>\n<td width=\"75\">&nbsp;<\/p>\n<p>&nbsp;<\/p>\n<p>&nbsp;<\/p>\n<p>3.000<\/td>\n<td width=\"104\">Hasta el 50%<\/p>\n<p>L\u00edmite 20.000 \u20ac en cada establecimiento y en un periodo de 3 a\u00f1os<\/td>\n<\/tr>\n<tr>\n<td colspan=\"2\" width=\"417\"><\/td>\n<td width=\"75\"><\/td>\n<td width=\"104\"><\/td>\n<\/tr>\n<tr>\n<td width=\"407\"><\/td>\n<td width=\"9\"><\/td>\n<td width=\"133\"><\/td>\n<td width=\"175\"><\/td>\n<\/tr>\n<\/tbody>\n<\/table>\n<p>&nbsp;<\/p>\n<p>Actividades incluidas:<\/p>\n<p>Actividades del Impuesto de Actividades Econ\u00f3micas subvencionadas: Grupo comercio al por MENOR de la agrupaci\u00f3n 64 (excepto: 646 y 647.5 ).<\/p>\n<p>Grupo comercio al por MENOR de la agrupaci\u00f3n 65 (excepto: 654, 655 y 652.1).<\/p>\n<p>Grupo comercio al por MENOR del grupo 663 .<\/p>\n<p>En ning\u00fan caso ser\u00e1n apoyadas las actividades de reparaci\u00f3n y mantenimiento.<\/p>\n<p>&nbsp;<\/p>\n<p><strong><u>PROCEDIMIENTO DE CONCESI\u00d3N DE LAS SUBVENCIONES<\/u><\/strong>: se tramitar\u00e1n en r\u00e9gimen de concurrencia competitiva, mediante comparaci\u00f3n de las solicitudes presentadas, en caso de empate tendr\u00e1n preferencia aquellas empresas que acrediten contar con mayor porcentaje de trabajadores discapacitados o se comprometan a su contrataci\u00f3n. Con el objetivo de establecer una prelaci\u00f3n\u00a0 entre las mismas, de acuerdo con los criterios de valoraci\u00f3n siguientes:<\/p>\n<ol>\n<li>a) Estar ubicado en un municipio de hasta 1.000 habitantes: 15 puntos, de hasta 10.000 habitantes: 10 puntos, de hasta 40.000 habitantes: 5<\/li>\n<li>b) Realizar actuaciones en valenciano (rotulaci\u00f3n, promoci\u00f3n, cat\u00e1logos, web): 5 puntos<\/li>\n<li>c) Ser microempresa: 15 puntos; peque\u00f1a empresa: 10 puntos y mediana empresa: 5<\/li>\n<li>d) Comercio electr\u00f3nico: hasta 10 puntos (geolocalizaci\u00f3n 2\u20195, redes sociales 2\u20195, web 2\u20195 y tienda online 2\u20195).<\/li>\n<li>e) Estar asociado a una agrupaci\u00f3n de comerciantes o artesanos: 10 puntos, estar integrada: 5 puntos y ubicada en un mercado municipal: 5<\/li>\n<li>f) Adhesi\u00f3n al sistema arbitral de consumo de la Comunidad Valenciana: 5<\/li>\n<li>g) Porcentaje de ejecuci\u00f3n de la solicitante en el tipo de actuaci\u00f3n en las 3 \u00faltimas convocatorias: hasta 10<\/li>\n<li>h) En el supuesto de que el solicitante sea persona f\u00edsica menor de 30 a\u00f1os: 5<\/li>\n<li>i) Acreditar la promoci\u00f3n de la igualdad efectiva de oportunidades entre hombres y mujeres: hasta 10 puntos (Plan de Igualdad 5 puntos, Certificado de Igualdad 5 puntos).<\/li>\n<\/ol>\n<p><strong><u>PLAZO DE PRESENTACI\u00d3N DE SOLICITUDES DE SUBVENCI\u00d3N:<\/u><\/strong><\/p>\n<p>Del 11 de enero hasta el 01 de febrero de 2021, ambos inclusive.<\/p>\n<p><strong><u>PLAZO DE REALIZACI\u00d3N DE LAS ACCIONES:<\/u><\/strong><\/p>\n<p>Hasta el 31 de octubre de 2021 para AVALEM COMER\u00c7,\u00a0 Hasta el 30 de septiembre de 2021 para EMPRENEM COMER\u00c7.<\/p>\n<p><strong><u>PLAZO DE JUSTIFICACI\u00d3N DE LAS AYUDAS<\/u><\/strong><\/p>\n<p>Hasta el 9 de noviembre de 2021 para AVALEM COMER\u00c7, Hasta el 13 de octubre de 2021 para EMPRENEM COMER\u00c7.<\/p>\n<p><strong>-ESTAR ASOCIADO\u00a0SUMA hasta 10 PUNTOS (os haremos el certificado de asociado, previa solicitud).<\/strong><\/p>\n<p><strong>-ADHERIDO AL SISTEMA ARBITRAL DE CONSUMO DE LA COMUNIDAD VALENCIANA<\/strong><\/p>\n<p><strong>SUMA 5 PUNTOS. Os pongo el enlace por si quer\u00e9is adheriros.<\/strong><\/p>\n<p>&nbsp;<\/p>\n<p><a href=\"http:\/\/www.gva.es\/es\/inicio\/procedimientos\/pro_documentos?id_proc=2291&amp;amp;id_page&amp;amp;id_site&amp;amp;id_caso=docs\">http:\/\/www.gva.es\/es\/inicio\/procedimientos\/pro_documentos?id_proc=2291&amp;id_page=&amp;id_site=&amp;id_ca<\/a> <a href=\"http:\/\/www.gva.es\/es\/inicio\/procedimientos\/pro_documentos?id_proc=2291&amp;amp;id_page&amp;amp;id_site&amp;amp;id_caso=docs\">so=docs<\/a><\/p>\n<p>&nbsp;<\/p>\n<p><strong>En COMER\u00c7 MOBLE podemos ayudarte con la tramitaci\u00f3n de las subvenciones en cuanto a consultas que quieras realizarnos v\u00eda e-mail o tel\u00e9fono.<\/strong><\/p>\n<p><strong>Adem\u00e1s de las consultas citadas y en aras de dar un mejor servicio, te damos otra opci\u00f3n, que es la de gestionar directamente desde COMER\u00c7 MOBLE, la solicitud y tramitaci\u00f3n de estas subvenciones a la Conselleria de Comercio.<\/strong><\/p>\n","protected":false},"excerpt":{"rendered":"<p>Como cada a\u00f1o desde\u00a0\u00a0COMER\u00c7 MOBLE\u00a0\u00a0nos encargamos de tramitar la ayudas a nuestros asociados, garantizando una supervisi\u00f3n sobre la solicitud y facilitando todo el proceso. Si tienes previsto hacer alguna inversi\u00f3n en la tienda, relativa a mejoras en el establecimiento, mejoras en p\u00e1gina web destinadas a la venta,..etc ponte en contacto con nosotros. Tel\u00e9fono 665 903 [&hellip;]<\/p>\n","protected":false},"author":2,"featured_media":4002,"comment_status":"closed","ping_status":"closed","sticky":false,"template":"","format":"standard","meta":{"_et_pb_use_builder":"","_et_pb_old_content":"","_et_gb_content_width":"","footnotes":""},"categories":[256],"tags":[343],"class_list":["post-4610","post","type-post","status-publish","format-standard","has-post-thumbnail","hentry","category-sense-categoria","tag-ayudas-direccion-general-de-comercio-2021-ca"],"yoast_head":"<!-- This site is optimized with the Yoast SEO plugin v27.4 - https:\/\/yoast.com\/product\/yoast-seo-wordpress\/ -->\n<title>Ayudas direcci\u00f3n General de Comercio 2021 - Comer\u00e7 Moble<\/title>\n<meta name=\"description\" content=\"Como cada a\u00f1o desde\u00a0\u00a0COMER\u00c7 MOBLE\u00a0\u00a0nos encargamos de tramitar la ayudas a nuestros asociados, garantizando una supervisi\u00f3n sobre la solicitud y facilitando todo el proceso.\" \/>\n<meta name=\"robots\" content=\"index, follow, max-snippet:-1, max-image-preview:large, max-video-preview:-1\" \/>\n<link rel=\"canonical\" href=\"https:\/\/comercmoble.com\/ca\/ayudas-direccion-general-de-comercio-2021\/\" \/>\n<meta property=\"og:locale\" content=\"en_US\" \/>\n<meta property=\"og:type\" content=\"article\" \/>\n<meta property=\"og:title\" content=\"Ayudas direcci\u00f3n General de Comercio 2021 - Comer\u00e7 Moble\" \/>\n<meta property=\"og:description\" content=\"Como cada a\u00f1o desde\u00a0\u00a0COMER\u00c7 MOBLE\u00a0\u00a0nos encargamos de tramitar la ayudas a nuestros asociados, garantizando una supervisi\u00f3n sobre la solicitud y facilitando todo el proceso.\" \/>\n<meta property=\"og:url\" content=\"https:\/\/comercmoble.com\/ca\/ayudas-direccion-general-de-comercio-2021\/\" \/>\n<meta property=\"og:site_name\" content=\"Comer\u00e7 Moble\" \/>\n<meta property=\"article:published_time\" content=\"2020-12-18T11:47:30+00:00\" \/>\n<meta property=\"article:modified_time\" content=\"2021-06-07T07:49:58+00:00\" \/>\n<meta property=\"og:image\" content=\"https:\/\/comercmoble.com\/wp-content\/uploads\/2021\/01\/ayudas-conselleria-comercio-2021.jpg\" \/>\n\t<meta property=\"og:image:width\" content=\"2000\" \/>\n\t<meta property=\"og:image:height\" content=\"1200\" \/>\n\t<meta property=\"og:image:type\" content=\"image\/jpeg\" \/>\n<meta name=\"author\" content=\"Comer\u00e7 Moble\" \/>\n<meta name=\"twitter:card\" content=\"summary_large_image\" \/>\n<meta name=\"twitter:label1\" content=\"Written by\" \/>\n\t<meta name=\"twitter:data1\" content=\"Comer\u00e7 Moble\" \/>\n\t<meta name=\"twitter:label2\" content=\"Est. reading time\" \/>\n\t<meta name=\"twitter:data2\" content=\"4 minutes\" \/>\n<script type=\"application\/ld+json\" class=\"yoast-schema-graph\">{\"@context\":\"https:\\\/\\\/schema.org\",\"@graph\":[{\"@type\":\"Article\",\"@id\":\"https:\\\/\\\/comercmoble.com\\\/ca\\\/ayudas-direccion-general-de-comercio-2021\\\/#article\",\"isPartOf\":{\"@id\":\"https:\\\/\\\/comercmoble.com\\\/ca\\\/ayudas-direccion-general-de-comercio-2021\\\/\"},\"author\":{\"name\":\"Comer\u00e7 Moble\",\"@id\":\"https:\\\/\\\/comercmoble.com\\\/ca\\\/#\\\/schema\\\/person\\\/42166a9f0f577bfa390efd898082a506\"},\"headline\":\"Ayudas direcci\u00f3n General de Comercio 2021\",\"datePublished\":\"2020-12-18T11:47:30+00:00\",\"dateModified\":\"2021-06-07T07:49:58+00:00\",\"mainEntityOfPage\":{\"@id\":\"https:\\\/\\\/comercmoble.com\\\/ca\\\/ayudas-direccion-general-de-comercio-2021\\\/\"},\"wordCount\":799,\"publisher\":{\"@id\":\"https:\\\/\\\/comercmoble.com\\\/ca\\\/#organization\"},\"image\":{\"@id\":\"https:\\\/\\\/comercmoble.com\\\/ca\\\/ayudas-direccion-general-de-comercio-2021\\\/#primaryimage\"},\"thumbnailUrl\":\"https:\\\/\\\/comercmoble.com\\\/wp-content\\\/uploads\\\/2021\\\/01\\\/ayudas-conselleria-comercio-2021.jpg\",\"keywords\":[\"Ayudas direcci\u00f3n General de Comercio 2021\"],\"articleSection\":[\"Sense categoria\"],\"inLanguage\":\"va-VA\"},{\"@type\":\"WebPage\",\"@id\":\"https:\\\/\\\/comercmoble.com\\\/ca\\\/ayudas-direccion-general-de-comercio-2021\\\/\",\"url\":\"https:\\\/\\\/comercmoble.com\\\/ca\\\/ayudas-direccion-general-de-comercio-2021\\\/\",\"name\":\"Ayudas direcci\u00f3n General de Comercio 2021 - Comer\u00e7 Moble\",\"isPartOf\":{\"@id\":\"https:\\\/\\\/comercmoble.com\\\/ca\\\/#website\"},\"primaryImageOfPage\":{\"@id\":\"https:\\\/\\\/comercmoble.com\\\/ca\\\/ayudas-direccion-general-de-comercio-2021\\\/#primaryimage\"},\"image\":{\"@id\":\"https:\\\/\\\/comercmoble.com\\\/ca\\\/ayudas-direccion-general-de-comercio-2021\\\/#primaryimage\"},\"thumbnailUrl\":\"https:\\\/\\\/comercmoble.com\\\/wp-content\\\/uploads\\\/2021\\\/01\\\/ayudas-conselleria-comercio-2021.jpg\",\"datePublished\":\"2020-12-18T11:47:30+00:00\",\"dateModified\":\"2021-06-07T07:49:58+00:00\",\"description\":\"Como cada a\u00f1o desde\u00a0\u00a0COMER\u00c7 MOBLE\u00a0\u00a0nos encargamos de tramitar la ayudas a nuestros asociados, garantizando una supervisi\u00f3n sobre la solicitud y facilitando todo el proceso.\",\"breadcrumb\":{\"@id\":\"https:\\\/\\\/comercmoble.com\\\/ca\\\/ayudas-direccion-general-de-comercio-2021\\\/#breadcrumb\"},\"inLanguage\":\"va-VA\",\"potentialAction\":[{\"@type\":\"ReadAction\",\"target\":[\"https:\\\/\\\/comercmoble.com\\\/ca\\\/ayudas-direccion-general-de-comercio-2021\\\/\"]}]},{\"@type\":\"ImageObject\",\"inLanguage\":\"va-VA\",\"@id\":\"https:\\\/\\\/comercmoble.com\\\/ca\\\/ayudas-direccion-general-de-comercio-2021\\\/#primaryimage\",\"url\":\"https:\\\/\\\/comercmoble.com\\\/wp-content\\\/uploads\\\/2021\\\/01\\\/ayudas-conselleria-comercio-2021.jpg\",\"contentUrl\":\"https:\\\/\\\/comercmoble.com\\\/wp-content\\\/uploads\\\/2021\\\/01\\\/ayudas-conselleria-comercio-2021.jpg\",\"width\":2000,\"height\":1200},{\"@type\":\"BreadcrumbList\",\"@id\":\"https:\\\/\\\/comercmoble.com\\\/ca\\\/ayudas-direccion-general-de-comercio-2021\\\/#breadcrumb\",\"itemListElement\":[{\"@type\":\"ListItem\",\"position\":1,\"name\":\"Inicio\",\"item\":\"https:\\\/\\\/comercmoble.com\\\/\"},{\"@type\":\"ListItem\",\"position\":2,\"name\":\"Sin categorizar\",\"item\":\"https:\\\/\\\/comercmoble.com\\\/category\\\/sin-categorizar\\\/\"},{\"@type\":\"ListItem\",\"position\":3,\"name\":\"Ayudas direcci\u00f3n General de Comercio 2021\"}]},{\"@type\":\"WebSite\",\"@id\":\"https:\\\/\\\/comercmoble.com\\\/ca\\\/#website\",\"url\":\"https:\\\/\\\/comercmoble.com\\\/ca\\\/\",\"name\":\"Comer\u00e7 Moble\",\"description\":\"Asociaci\u00f3n de Comercios del Muebles de la Comunidad Valencia\",\"publisher\":{\"@id\":\"https:\\\/\\\/comercmoble.com\\\/ca\\\/#organization\"},\"potentialAction\":[{\"@type\":\"SearchAction\",\"target\":{\"@type\":\"EntryPoint\",\"urlTemplate\":\"https:\\\/\\\/comercmoble.com\\\/ca\\\/?s={search_term_string}\"},\"query-input\":{\"@type\":\"PropertyValueSpecification\",\"valueRequired\":true,\"valueName\":\"search_term_string\"}}],\"inLanguage\":\"va-VA\"},{\"@type\":\"Organization\",\"@id\":\"https:\\\/\\\/comercmoble.com\\\/ca\\\/#organization\",\"name\":\"ASOCIACI\u00d3N PARA LA DISTRIBUCI\u00d3N Y COMERCIO DEL H\u00c1BITAT DE LA COMUNIDAD VALENCIANA\",\"url\":\"https:\\\/\\\/comercmoble.com\\\/ca\\\/\",\"logo\":{\"@type\":\"ImageObject\",\"inLanguage\":\"va-VA\",\"@id\":\"https:\\\/\\\/comercmoble.com\\\/ca\\\/#\\\/schema\\\/logo\\\/image\\\/\",\"url\":\"https:\\\/\\\/comercmoble.com\\\/wp-content\\\/uploads\\\/2018\\\/11\\\/logo.png\",\"contentUrl\":\"https:\\\/\\\/comercmoble.com\\\/wp-content\\\/uploads\\\/2018\\\/11\\\/logo.png\",\"width\":213,\"height\":67,\"caption\":\"ASOCIACI\u00d3N PARA LA DISTRIBUCI\u00d3N Y COMERCIO DEL H\u00c1BITAT DE LA COMUNIDAD VALENCIANA\"},\"image\":{\"@id\":\"https:\\\/\\\/comercmoble.com\\\/ca\\\/#\\\/schema\\\/logo\\\/image\\\/\"}},{\"@type\":\"Person\",\"@id\":\"https:\\\/\\\/comercmoble.com\\\/ca\\\/#\\\/schema\\\/person\\\/42166a9f0f577bfa390efd898082a506\",\"name\":\"Comer\u00e7 Moble\",\"image\":{\"@type\":\"ImageObject\",\"inLanguage\":\"va-VA\",\"@id\":\"https:\\\/\\\/secure.gravatar.com\\\/avatar\\\/90ad19cb763e14b2dfd0aa43e309e93bb6e95477e668c2ae130552c4fa1c62b5?s=96&d=mm&r=g\",\"url\":\"https:\\\/\\\/secure.gravatar.com\\\/avatar\\\/90ad19cb763e14b2dfd0aa43e309e93bb6e95477e668c2ae130552c4fa1c62b5?s=96&d=mm&r=g\",\"contentUrl\":\"https:\\\/\\\/secure.gravatar.com\\\/avatar\\\/90ad19cb763e14b2dfd0aa43e309e93bb6e95477e668c2ae130552c4fa1c62b5?s=96&d=mm&r=g\",\"caption\":\"Comer\u00e7 Moble\"},\"url\":\"https:\\\/\\\/comercmoble.com\\\/ca\\\/author\\\/administrador\\\/\"}]}<\/script>\n<!-- \/ Yoast SEO plugin. -->","yoast_head_json":{"title":"Ayudas direcci\u00f3n General de Comercio 2021 - Comer\u00e7 Moble","description":"Como cada a\u00f1o desde\u00a0\u00a0COMER\u00c7 MOBLE\u00a0\u00a0nos encargamos de tramitar la ayudas a nuestros asociados, garantizando una supervisi\u00f3n sobre la solicitud y facilitando todo el proceso.","robots":{"index":"index","follow":"follow","max-snippet":"max-snippet:-1","max-image-preview":"max-image-preview:large","max-video-preview":"max-video-preview:-1"},"canonical":"https:\/\/comercmoble.com\/ca\/ayudas-direccion-general-de-comercio-2021\/","og_locale":"en_US","og_type":"article","og_title":"Ayudas direcci\u00f3n General de Comercio 2021 - Comer\u00e7 Moble","og_description":"Como cada a\u00f1o desde\u00a0\u00a0COMER\u00c7 MOBLE\u00a0\u00a0nos encargamos de tramitar la ayudas a nuestros asociados, garantizando una supervisi\u00f3n sobre la solicitud y facilitando todo el proceso.","og_url":"https:\/\/comercmoble.com\/ca\/ayudas-direccion-general-de-comercio-2021\/","og_site_name":"Comer\u00e7 Moble","article_published_time":"2020-12-18T11:47:30+00:00","article_modified_time":"2021-06-07T07:49:58+00:00","og_image":[{"width":2000,"height":1200,"url":"https:\/\/comercmoble.com\/wp-content\/uploads\/2021\/01\/ayudas-conselleria-comercio-2021.jpg","type":"image\/jpeg"}],"author":"Comer\u00e7 Moble","twitter_card":"summary_large_image","twitter_misc":{"Written by":"Comer\u00e7 Moble","Est. reading time":"4 minutes"},"schema":{"@context":"https:\/\/schema.org","@graph":[{"@type":"Article","@id":"https:\/\/comercmoble.com\/ca\/ayudas-direccion-general-de-comercio-2021\/#article","isPartOf":{"@id":"https:\/\/comercmoble.com\/ca\/ayudas-direccion-general-de-comercio-2021\/"},"author":{"name":"Comer\u00e7 Moble","@id":"https:\/\/comercmoble.com\/ca\/#\/schema\/person\/42166a9f0f577bfa390efd898082a506"},"headline":"Ayudas direcci\u00f3n General de Comercio 2021","datePublished":"2020-12-18T11:47:30+00:00","dateModified":"2021-06-07T07:49:58+00:00","mainEntityOfPage":{"@id":"https:\/\/comercmoble.com\/ca\/ayudas-direccion-general-de-comercio-2021\/"},"wordCount":799,"publisher":{"@id":"https:\/\/comercmoble.com\/ca\/#organization"},"image":{"@id":"https:\/\/comercmoble.com\/ca\/ayudas-direccion-general-de-comercio-2021\/#primaryimage"},"thumbnailUrl":"https:\/\/comercmoble.com\/wp-content\/uploads\/2021\/01\/ayudas-conselleria-comercio-2021.jpg","keywords":["Ayudas direcci\u00f3n General de Comercio 2021"],"articleSection":["Sense categoria"],"inLanguage":"va-VA"},{"@type":"WebPage","@id":"https:\/\/comercmoble.com\/ca\/ayudas-direccion-general-de-comercio-2021\/","url":"https:\/\/comercmoble.com\/ca\/ayudas-direccion-general-de-comercio-2021\/","name":"Ayudas direcci\u00f3n General de Comercio 2021 - Comer\u00e7 Moble","isPartOf":{"@id":"https:\/\/comercmoble.com\/ca\/#website"},"primaryImageOfPage":{"@id":"https:\/\/comercmoble.com\/ca\/ayudas-direccion-general-de-comercio-2021\/#primaryimage"},"image":{"@id":"https:\/\/comercmoble.com\/ca\/ayudas-direccion-general-de-comercio-2021\/#primaryimage"},"thumbnailUrl":"https:\/\/comercmoble.com\/wp-content\/uploads\/2021\/01\/ayudas-conselleria-comercio-2021.jpg","datePublished":"2020-12-18T11:47:30+00:00","dateModified":"2021-06-07T07:49:58+00:00","description":"Como cada a\u00f1o desde\u00a0\u00a0COMER\u00c7 MOBLE\u00a0\u00a0nos encargamos de tramitar la ayudas a nuestros asociados, garantizando una supervisi\u00f3n sobre la solicitud y facilitando todo el proceso.","breadcrumb":{"@id":"https:\/\/comercmoble.com\/ca\/ayudas-direccion-general-de-comercio-2021\/#breadcrumb"},"inLanguage":"va-VA","potentialAction":[{"@type":"ReadAction","target":["https:\/\/comercmoble.com\/ca\/ayudas-direccion-general-de-comercio-2021\/"]}]},{"@type":"ImageObject","inLanguage":"va-VA","@id":"https:\/\/comercmoble.com\/ca\/ayudas-direccion-general-de-comercio-2021\/#primaryimage","url":"https:\/\/comercmoble.com\/wp-content\/uploads\/2021\/01\/ayudas-conselleria-comercio-2021.jpg","contentUrl":"https:\/\/comercmoble.com\/wp-content\/uploads\/2021\/01\/ayudas-conselleria-comercio-2021.jpg","width":2000,"height":1200},{"@type":"BreadcrumbList","@id":"https:\/\/comercmoble.com\/ca\/ayudas-direccion-general-de-comercio-2021\/#breadcrumb","itemListElement":[{"@type":"ListItem","position":1,"name":"Inicio","item":"https:\/\/comercmoble.com\/"},{"@type":"ListItem","position":2,"name":"Sin categorizar","item":"https:\/\/comercmoble.com\/category\/sin-categorizar\/"},{"@type":"ListItem","position":3,"name":"Ayudas direcci\u00f3n General de Comercio 2021"}]},{"@type":"WebSite","@id":"https:\/\/comercmoble.com\/ca\/#website","url":"https:\/\/comercmoble.com\/ca\/","name":"Comer\u00e7 Moble","description":"Asociaci\u00f3n de Comercios del Muebles de la Comunidad Valencia","publisher":{"@id":"https:\/\/comercmoble.com\/ca\/#organization"},"potentialAction":[{"@type":"SearchAction","target":{"@type":"EntryPoint","urlTemplate":"https:\/\/comercmoble.com\/ca\/?s={search_term_string}"},"query-input":{"@type":"PropertyValueSpecification","valueRequired":true,"valueName":"search_term_string"}}],"inLanguage":"va-VA"},{"@type":"Organization","@id":"https:\/\/comercmoble.com\/ca\/#organization","name":"ASOCIACI\u00d3N PARA LA DISTRIBUCI\u00d3N Y COMERCIO DEL H\u00c1BITAT DE LA COMUNIDAD VALENCIANA","url":"https:\/\/comercmoble.com\/ca\/","logo":{"@type":"ImageObject","inLanguage":"va-VA","@id":"https:\/\/comercmoble.com\/ca\/#\/schema\/logo\/image\/","url":"https:\/\/comercmoble.com\/wp-content\/uploads\/2018\/11\/logo.png","contentUrl":"https:\/\/comercmoble.com\/wp-content\/uploads\/2018\/11\/logo.png","width":213,"height":67,"caption":"ASOCIACI\u00d3N PARA LA DISTRIBUCI\u00d3N Y COMERCIO DEL H\u00c1BITAT DE LA COMUNIDAD VALENCIANA"},"image":{"@id":"https:\/\/comercmoble.com\/ca\/#\/schema\/logo\/image\/"}},{"@type":"Person","@id":"https:\/\/comercmoble.com\/ca\/#\/schema\/person\/42166a9f0f577bfa390efd898082a506","name":"Comer\u00e7 Moble","image":{"@type":"ImageObject","inLanguage":"va-VA","@id":"https:\/\/secure.gravatar.com\/avatar\/90ad19cb763e14b2dfd0aa43e309e93bb6e95477e668c2ae130552c4fa1c62b5?s=96&d=mm&r=g","url":"https:\/\/secure.gravatar.com\/avatar\/90ad19cb763e14b2dfd0aa43e309e93bb6e95477e668c2ae130552c4fa1c62b5?s=96&d=mm&r=g","contentUrl":"https:\/\/secure.gravatar.com\/avatar\/90ad19cb763e14b2dfd0aa43e309e93bb6e95477e668c2ae130552c4fa1c62b5?s=96&d=mm&r=g","caption":"Comer\u00e7 Moble"},"url":"https:\/\/comercmoble.com\/ca\/author\/administrador\/"}]}},"_links":{"self":[{"href":"https:\/\/comercmoble.com\/ca\/wp-json\/wp\/v2\/posts\/4610","targetHints":{"allow":["GET"]}}],"collection":[{"href":"https:\/\/comercmoble.com\/ca\/wp-json\/wp\/v2\/posts"}],"about":[{"href":"https:\/\/comercmoble.com\/ca\/wp-json\/wp\/v2\/types\/post"}],"author":[{"embeddable":true,"href":"https:\/\/comercmoble.com\/ca\/wp-json\/wp\/v2\/users\/2"}],"replies":[{"embeddable":true,"href":"https:\/\/comercmoble.com\/ca\/wp-json\/wp\/v2\/comments?post=4610"}],"version-history":[{"count":1,"href":"https:\/\/comercmoble.com\/ca\/wp-json\/wp\/v2\/posts\/4610\/revisions"}],"predecessor-version":[{"id":4611,"href":"https:\/\/comercmoble.com\/ca\/wp-json\/wp\/v2\/posts\/4610\/revisions\/4611"}],"wp:featuredmedia":[{"embeddable":true,"href":"https:\/\/comercmoble.com\/ca\/wp-json\/wp\/v2\/media\/4002"}],"wp:attachment":[{"href":"https:\/\/comercmoble.com\/ca\/wp-json\/wp\/v2\/media?parent=4610"}],"wp:term":[{"taxonomy":"category","embeddable":true,"href":"https:\/\/comercmoble.com\/ca\/wp-json\/wp\/v2\/categories?post=4610"},{"taxonomy":"post_tag","embeddable":true,"href":"https:\/\/comercmoble.com\/ca\/wp-json\/wp\/v2\/tags?post=4610"}],"curies":[{"name":"wp","href":"https:\/\/api.w.org\/{rel}","templated":true}]}}