{"id":4607,"date":"2020-10-02T10:47:21","date_gmt":"2020-10-02T08:47:21","guid":{"rendered":"https:\/\/comercmoble.com\/asamblea-general-de-comerc-moble"},"modified":"2021-06-07T09:48:33","modified_gmt":"2021-06-07T07:48:33","slug":"asamblea-general-de-comerc-moble","status":"publish","type":"post","link":"https:\/\/comercmoble.com\/ca\/asamblea-general-de-comerc-moble\/","title":{"rendered":"ASAMBLEA GENERAL DE COMER\u00c7 MOBLE"},"content":{"rendered":"<p><strong>ASUNTO: ASAMBLEA GENERAL DE COMER\u00c7 MOBLE<\/strong><br \/>\n<strong>DIA:<\/strong> 07 de octubre 2020<br \/>\n<strong>HORA:<\/strong> 15.30 h en 1\u00aa convocatoria y 16.00 h en segunda convocatoria.<br \/>\n<strong>LUGAR:<\/strong> Avda. del Cid n\u00ba2-4C\/46018 Val\u00e8ncia<\/p>\n<p>Siguiendo instrucciones de nuestra presidente, por la presente te convoco a la Asamblea General que se celebrar\u00e1 el mi\u00e9rcoles 7 de octubre, con el siguiente orden del d\u00eda:<br \/>\n1. Lectura y aprobaci\u00f3n, si procede, del acta anterior (12-6-2019).<br \/>\n2. Bienvenida de la presidente.<br \/>\n3. Memoria de actividades y daci\u00f3n de cuentas del ejercicio 2019 y aprobaci\u00f3n<br \/>\nsi procede.<br \/>\n4. Proyectos y presupuestos del ejercicio 2020 y aprobaci\u00f3n si procede.<br \/>\n5. Ratificaci\u00f3n de los \u00faltimos acuerdos de la Junta Directiva.<br \/>\n6. Ruegos y preguntas.<br \/>\nSe ruega puntualidad y confirmaci\u00f3n de asistencia.<\/p>\n<p>Dada la actual situaci\u00f3n de pandemia, se podr\u00e1 asistir a esta Asamblea por videoconferencia.<\/p>\n<p>Tanto para CONFIRMAR ASISTENCIA como para EXCUSAR la misma, se puede hacer llamando por tel\u00e9fono al 963 522 977, 679 48 80 64 o por e-mail a comercioshabitatcv@gmail.com<\/p>\n","protected":false},"excerpt":{"rendered":"<p>ASUNTO: ASAMBLEA GENERAL DE COMER\u00c7 MOBLE DIA: 07 de octubre 2020 HORA: 15.30 h en 1\u00aa convocatoria y 16.00 h en segunda convocatoria. LUGAR: Avda. del Cid n\u00ba2-4C\/46018 Val\u00e8ncia Siguiendo instrucciones de nuestra presidente, por la presente te convoco a la Asamblea General que se celebrar\u00e1 el mi\u00e9rcoles 7 de octubre, con el siguiente orden [&hellip;]<\/p>\n","protected":false},"author":2,"featured_media":3867,"comment_status":"closed","ping_status":"closed","sticky":false,"template":"","format":"standard","meta":{"_et_pb_use_builder":"","_et_pb_old_content":"","_et_gb_content_width":"","footnotes":""},"categories":[256],"tags":[342],"class_list":["post-4607","post","type-post","status-publish","format-standard","has-post-thumbnail","hentry","category-sense-categoria","tag-asamblea-general-de-comerc-moble-ca"],"yoast_head":"<!-- This site is optimized with the Yoast SEO plugin v27.4 - https:\/\/yoast.com\/product\/yoast-seo-wordpress\/ -->\n<title>ASAMBLEA GENERAL DE COMER\u00c7 MOBLE - Comer\u00e7 Moble<\/title>\n<meta name=\"description\" content=\"ASUNTO: ASAMBLEA GENERAL DE COMER\u00c7 MOBLE convocada 07 de octubre 2020.\" \/>\n<meta name=\"robots\" content=\"index, follow, max-snippet:-1, max-image-preview:large, max-video-preview:-1\" \/>\n<link rel=\"canonical\" href=\"https:\/\/comercmoble.com\/ca\/asamblea-general-de-comerc-moble\/\" \/>\n<meta property=\"og:locale\" content=\"en_US\" \/>\n<meta property=\"og:type\" content=\"article\" \/>\n<meta property=\"og:title\" content=\"ASAMBLEA GENERAL DE COMER\u00c7 MOBLE - Comer\u00e7 Moble\" \/>\n<meta property=\"og:description\" content=\"ASUNTO: ASAMBLEA GENERAL DE COMER\u00c7 MOBLE convocada 07 de octubre 2020.\" \/>\n<meta property=\"og:url\" content=\"https:\/\/comercmoble.com\/ca\/asamblea-general-de-comerc-moble\/\" \/>\n<meta property=\"og:site_name\" content=\"Comer\u00e7 Moble\" \/>\n<meta property=\"article:published_time\" content=\"2020-10-02T08:47:21+00:00\" \/>\n<meta property=\"article:modified_time\" content=\"2021-06-07T07:48:33+00:00\" \/>\n<meta property=\"og:image\" content=\"https:\/\/comercmoble.com\/wp-content\/uploads\/2018\/11\/logo.png\" \/>\n\t<meta property=\"og:image:width\" content=\"213\" \/>\n\t<meta property=\"og:image:height\" content=\"67\" \/>\n\t<meta property=\"og:image:type\" content=\"image\/png\" \/>\n<meta name=\"author\" content=\"Comer\u00e7 Moble\" \/>\n<meta name=\"twitter:card\" content=\"summary_large_image\" \/>\n<meta name=\"twitter:label1\" content=\"Written by\" \/>\n\t<meta name=\"twitter:data1\" content=\"Comer\u00e7 Moble\" \/>\n\t<meta name=\"twitter:label2\" content=\"Est. reading time\" \/>\n\t<meta name=\"twitter:data2\" content=\"1 minute\" \/>\n<script type=\"application\/ld+json\" class=\"yoast-schema-graph\">{\"@context\":\"https:\\\/\\\/schema.org\",\"@graph\":[{\"@type\":\"Article\",\"@id\":\"https:\\\/\\\/comercmoble.com\\\/ca\\\/asamblea-general-de-comerc-moble\\\/#article\",\"isPartOf\":{\"@id\":\"https:\\\/\\\/comercmoble.com\\\/ca\\\/asamblea-general-de-comerc-moble\\\/\"},\"author\":{\"name\":\"Comer\u00e7 Moble\",\"@id\":\"https:\\\/\\\/comercmoble.com\\\/ca\\\/#\\\/schema\\\/person\\\/42166a9f0f577bfa390efd898082a506\"},\"headline\":\"ASAMBLEA GENERAL DE COMER\u00c7 MOBLE\",\"datePublished\":\"2020-10-02T08:47:21+00:00\",\"dateModified\":\"2021-06-07T07:48:33+00:00\",\"mainEntityOfPage\":{\"@id\":\"https:\\\/\\\/comercmoble.com\\\/ca\\\/asamblea-general-de-comerc-moble\\\/\"},\"wordCount\":161,\"publisher\":{\"@id\":\"https:\\\/\\\/comercmoble.com\\\/ca\\\/#organization\"},\"image\":{\"@id\":\"https:\\\/\\\/comercmoble.com\\\/ca\\\/asamblea-general-de-comerc-moble\\\/#primaryimage\"},\"thumbnailUrl\":\"https:\\\/\\\/comercmoble.com\\\/wp-content\\\/uploads\\\/2018\\\/11\\\/logo.png\",\"keywords\":[\"ASAMBLEA GENERAL DE COMER\u00c7 MOBLE\"],\"articleSection\":[\"Sense categoria\"],\"inLanguage\":\"va-VA\"},{\"@type\":\"WebPage\",\"@id\":\"https:\\\/\\\/comercmoble.com\\\/ca\\\/asamblea-general-de-comerc-moble\\\/\",\"url\":\"https:\\\/\\\/comercmoble.com\\\/ca\\\/asamblea-general-de-comerc-moble\\\/\",\"name\":\"ASAMBLEA GENERAL DE COMER\u00c7 MOBLE - Comer\u00e7 Moble\",\"isPartOf\":{\"@id\":\"https:\\\/\\\/comercmoble.com\\\/ca\\\/#website\"},\"primaryImageOfPage\":{\"@id\":\"https:\\\/\\\/comercmoble.com\\\/ca\\\/asamblea-general-de-comerc-moble\\\/#primaryimage\"},\"image\":{\"@id\":\"https:\\\/\\\/comercmoble.com\\\/ca\\\/asamblea-general-de-comerc-moble\\\/#primaryimage\"},\"thumbnailUrl\":\"https:\\\/\\\/comercmoble.com\\\/wp-content\\\/uploads\\\/2018\\\/11\\\/logo.png\",\"datePublished\":\"2020-10-02T08:47:21+00:00\",\"dateModified\":\"2021-06-07T07:48:33+00:00\",\"description\":\"ASUNTO: ASAMBLEA GENERAL DE COMER\u00c7 MOBLE convocada 07 de octubre 2020.\",\"breadcrumb\":{\"@id\":\"https:\\\/\\\/comercmoble.com\\\/ca\\\/asamblea-general-de-comerc-moble\\\/#breadcrumb\"},\"inLanguage\":\"va-VA\",\"potentialAction\":[{\"@type\":\"ReadAction\",\"target\":[\"https:\\\/\\\/comercmoble.com\\\/ca\\\/asamblea-general-de-comerc-moble\\\/\"]}]},{\"@type\":\"ImageObject\",\"inLanguage\":\"va-VA\",\"@id\":\"https:\\\/\\\/comercmoble.com\\\/ca\\\/asamblea-general-de-comerc-moble\\\/#primaryimage\",\"url\":\"https:\\\/\\\/comercmoble.com\\\/wp-content\\\/uploads\\\/2018\\\/11\\\/logo.png\",\"contentUrl\":\"https:\\\/\\\/comercmoble.com\\\/wp-content\\\/uploads\\\/2018\\\/11\\\/logo.png\",\"width\":213,\"height\":67},{\"@type\":\"BreadcrumbList\",\"@id\":\"https:\\\/\\\/comercmoble.com\\\/ca\\\/asamblea-general-de-comerc-moble\\\/#breadcrumb\",\"itemListElement\":[{\"@type\":\"ListItem\",\"position\":1,\"name\":\"Inicio\",\"item\":\"https:\\\/\\\/comercmoble.com\\\/\"},{\"@type\":\"ListItem\",\"position\":2,\"name\":\"Sin categorizar\",\"item\":\"https:\\\/\\\/comercmoble.com\\\/category\\\/sin-categorizar\\\/\"},{\"@type\":\"ListItem\",\"position\":3,\"name\":\"ASAMBLEA GENERAL DE COMER\u00c7 MOBLE\"}]},{\"@type\":\"WebSite\",\"@id\":\"https:\\\/\\\/comercmoble.com\\\/ca\\\/#website\",\"url\":\"https:\\\/\\\/comercmoble.com\\\/ca\\\/\",\"name\":\"Comer\u00e7 Moble\",\"description\":\"Asociaci\u00f3n de Comercios del Muebles de la Comunidad Valencia\",\"publisher\":{\"@id\":\"https:\\\/\\\/comercmoble.com\\\/ca\\\/#organization\"},\"potentialAction\":[{\"@type\":\"SearchAction\",\"target\":{\"@type\":\"EntryPoint\",\"urlTemplate\":\"https:\\\/\\\/comercmoble.com\\\/ca\\\/?s={search_term_string}\"},\"query-input\":{\"@type\":\"PropertyValueSpecification\",\"valueRequired\":true,\"valueName\":\"search_term_string\"}}],\"inLanguage\":\"va-VA\"},{\"@type\":\"Organization\",\"@id\":\"https:\\\/\\\/comercmoble.com\\\/ca\\\/#organization\",\"name\":\"ASOCIACI\u00d3N PARA LA DISTRIBUCI\u00d3N Y COMERCIO DEL H\u00c1BITAT DE LA COMUNIDAD VALENCIANA\",\"url\":\"https:\\\/\\\/comercmoble.com\\\/ca\\\/\",\"logo\":{\"@type\":\"ImageObject\",\"inLanguage\":\"va-VA\",\"@id\":\"https:\\\/\\\/comercmoble.com\\\/ca\\\/#\\\/schema\\\/logo\\\/image\\\/\",\"url\":\"https:\\\/\\\/comercmoble.com\\\/wp-content\\\/uploads\\\/2018\\\/11\\\/logo.png\",\"contentUrl\":\"https:\\\/\\\/comercmoble.com\\\/wp-content\\\/uploads\\\/2018\\\/11\\\/logo.png\",\"width\":213,\"height\":67,\"caption\":\"ASOCIACI\u00d3N PARA LA DISTRIBUCI\u00d3N Y COMERCIO DEL H\u00c1BITAT DE LA COMUNIDAD VALENCIANA\"},\"image\":{\"@id\":\"https:\\\/\\\/comercmoble.com\\\/ca\\\/#\\\/schema\\\/logo\\\/image\\\/\"}},{\"@type\":\"Person\",\"@id\":\"https:\\\/\\\/comercmoble.com\\\/ca\\\/#\\\/schema\\\/person\\\/42166a9f0f577bfa390efd898082a506\",\"name\":\"Comer\u00e7 Moble\",\"image\":{\"@type\":\"ImageObject\",\"inLanguage\":\"va-VA\",\"@id\":\"https:\\\/\\\/secure.gravatar.com\\\/avatar\\\/90ad19cb763e14b2dfd0aa43e309e93bb6e95477e668c2ae130552c4fa1c62b5?s=96&d=mm&r=g\",\"url\":\"https:\\\/\\\/secure.gravatar.com\\\/avatar\\\/90ad19cb763e14b2dfd0aa43e309e93bb6e95477e668c2ae130552c4fa1c62b5?s=96&d=mm&r=g\",\"contentUrl\":\"https:\\\/\\\/secure.gravatar.com\\\/avatar\\\/90ad19cb763e14b2dfd0aa43e309e93bb6e95477e668c2ae130552c4fa1c62b5?s=96&d=mm&r=g\",\"caption\":\"Comer\u00e7 Moble\"},\"url\":\"https:\\\/\\\/comercmoble.com\\\/ca\\\/author\\\/administrador\\\/\"}]}<\/script>\n<!-- \/ Yoast SEO plugin. -->","yoast_head_json":{"title":"ASAMBLEA GENERAL DE COMER\u00c7 MOBLE - Comer\u00e7 Moble","description":"ASUNTO: ASAMBLEA GENERAL DE COMER\u00c7 MOBLE convocada 07 de octubre 2020.","robots":{"index":"index","follow":"follow","max-snippet":"max-snippet:-1","max-image-preview":"max-image-preview:large","max-video-preview":"max-video-preview:-1"},"canonical":"https:\/\/comercmoble.com\/ca\/asamblea-general-de-comerc-moble\/","og_locale":"en_US","og_type":"article","og_title":"ASAMBLEA GENERAL DE COMER\u00c7 MOBLE - Comer\u00e7 Moble","og_description":"ASUNTO: ASAMBLEA GENERAL DE COMER\u00c7 MOBLE convocada 07 de octubre 2020.","og_url":"https:\/\/comercmoble.com\/ca\/asamblea-general-de-comerc-moble\/","og_site_name":"Comer\u00e7 Moble","article_published_time":"2020-10-02T08:47:21+00:00","article_modified_time":"2021-06-07T07:48:33+00:00","og_image":[{"width":213,"height":67,"url":"https:\/\/comercmoble.com\/wp-content\/uploads\/2018\/11\/logo.png","type":"image\/png"}],"author":"Comer\u00e7 Moble","twitter_card":"summary_large_image","twitter_misc":{"Written by":"Comer\u00e7 Moble","Est. reading time":"1 minute"},"schema":{"@context":"https:\/\/schema.org","@graph":[{"@type":"Article","@id":"https:\/\/comercmoble.com\/ca\/asamblea-general-de-comerc-moble\/#article","isPartOf":{"@id":"https:\/\/comercmoble.com\/ca\/asamblea-general-de-comerc-moble\/"},"author":{"name":"Comer\u00e7 Moble","@id":"https:\/\/comercmoble.com\/ca\/#\/schema\/person\/42166a9f0f577bfa390efd898082a506"},"headline":"ASAMBLEA GENERAL DE COMER\u00c7 MOBLE","datePublished":"2020-10-02T08:47:21+00:00","dateModified":"2021-06-07T07:48:33+00:00","mainEntityOfPage":{"@id":"https:\/\/comercmoble.com\/ca\/asamblea-general-de-comerc-moble\/"},"wordCount":161,"publisher":{"@id":"https:\/\/comercmoble.com\/ca\/#organization"},"image":{"@id":"https:\/\/comercmoble.com\/ca\/asamblea-general-de-comerc-moble\/#primaryimage"},"thumbnailUrl":"https:\/\/comercmoble.com\/wp-content\/uploads\/2018\/11\/logo.png","keywords":["ASAMBLEA GENERAL DE COMER\u00c7 MOBLE"],"articleSection":["Sense categoria"],"inLanguage":"va-VA"},{"@type":"WebPage","@id":"https:\/\/comercmoble.com\/ca\/asamblea-general-de-comerc-moble\/","url":"https:\/\/comercmoble.com\/ca\/asamblea-general-de-comerc-moble\/","name":"ASAMBLEA GENERAL DE COMER\u00c7 MOBLE - Comer\u00e7 Moble","isPartOf":{"@id":"https:\/\/comercmoble.com\/ca\/#website"},"primaryImageOfPage":{"@id":"https:\/\/comercmoble.com\/ca\/asamblea-general-de-comerc-moble\/#primaryimage"},"image":{"@id":"https:\/\/comercmoble.com\/ca\/asamblea-general-de-comerc-moble\/#primaryimage"},"thumbnailUrl":"https:\/\/comercmoble.com\/wp-content\/uploads\/2018\/11\/logo.png","datePublished":"2020-10-02T08:47:21+00:00","dateModified":"2021-06-07T07:48:33+00:00","description":"ASUNTO: ASAMBLEA GENERAL DE COMER\u00c7 MOBLE convocada 07 de octubre 2020.","breadcrumb":{"@id":"https:\/\/comercmoble.com\/ca\/asamblea-general-de-comerc-moble\/#breadcrumb"},"inLanguage":"va-VA","potentialAction":[{"@type":"ReadAction","target":["https:\/\/comercmoble.com\/ca\/asamblea-general-de-comerc-moble\/"]}]},{"@type":"ImageObject","inLanguage":"va-VA","@id":"https:\/\/comercmoble.com\/ca\/asamblea-general-de-comerc-moble\/#primaryimage","url":"https:\/\/comercmoble.com\/wp-content\/uploads\/2018\/11\/logo.png","contentUrl":"https:\/\/comercmoble.com\/wp-content\/uploads\/2018\/11\/logo.png","width":213,"height":67},{"@type":"BreadcrumbList","@id":"https:\/\/comercmoble.com\/ca\/asamblea-general-de-comerc-moble\/#breadcrumb","itemListElement":[{"@type":"ListItem","position":1,"name":"Inicio","item":"https:\/\/comercmoble.com\/"},{"@type":"ListItem","position":2,"name":"Sin categorizar","item":"https:\/\/comercmoble.com\/category\/sin-categorizar\/"},{"@type":"ListItem","position":3,"name":"ASAMBLEA GENERAL DE COMER\u00c7 MOBLE"}]},{"@type":"WebSite","@id":"https:\/\/comercmoble.com\/ca\/#website","url":"https:\/\/comercmoble.com\/ca\/","name":"Comer\u00e7 Moble","description":"Asociaci\u00f3n de Comercios del Muebles de la Comunidad Valencia","publisher":{"@id":"https:\/\/comercmoble.com\/ca\/#organization"},"potentialAction":[{"@type":"SearchAction","target":{"@type":"EntryPoint","urlTemplate":"https:\/\/comercmoble.com\/ca\/?s={search_term_string}"},"query-input":{"@type":"PropertyValueSpecification","valueRequired":true,"valueName":"search_term_string"}}],"inLanguage":"va-VA"},{"@type":"Organization","@id":"https:\/\/comercmoble.com\/ca\/#organization","name":"ASOCIACI\u00d3N PARA LA DISTRIBUCI\u00d3N Y COMERCIO DEL H\u00c1BITAT DE LA COMUNIDAD VALENCIANA","url":"https:\/\/comercmoble.com\/ca\/","logo":{"@type":"ImageObject","inLanguage":"va-VA","@id":"https:\/\/comercmoble.com\/ca\/#\/schema\/logo\/image\/","url":"https:\/\/comercmoble.com\/wp-content\/uploads\/2018\/11\/logo.png","contentUrl":"https:\/\/comercmoble.com\/wp-content\/uploads\/2018\/11\/logo.png","width":213,"height":67,"caption":"ASOCIACI\u00d3N PARA LA DISTRIBUCI\u00d3N Y COMERCIO DEL H\u00c1BITAT DE LA COMUNIDAD VALENCIANA"},"image":{"@id":"https:\/\/comercmoble.com\/ca\/#\/schema\/logo\/image\/"}},{"@type":"Person","@id":"https:\/\/comercmoble.com\/ca\/#\/schema\/person\/42166a9f0f577bfa390efd898082a506","name":"Comer\u00e7 Moble","image":{"@type":"ImageObject","inLanguage":"va-VA","@id":"https:\/\/secure.gravatar.com\/avatar\/90ad19cb763e14b2dfd0aa43e309e93bb6e95477e668c2ae130552c4fa1c62b5?s=96&d=mm&r=g","url":"https:\/\/secure.gravatar.com\/avatar\/90ad19cb763e14b2dfd0aa43e309e93bb6e95477e668c2ae130552c4fa1c62b5?s=96&d=mm&r=g","contentUrl":"https:\/\/secure.gravatar.com\/avatar\/90ad19cb763e14b2dfd0aa43e309e93bb6e95477e668c2ae130552c4fa1c62b5?s=96&d=mm&r=g","caption":"Comer\u00e7 Moble"},"url":"https:\/\/comercmoble.com\/ca\/author\/administrador\/"}]}},"_links":{"self":[{"href":"https:\/\/comercmoble.com\/ca\/wp-json\/wp\/v2\/posts\/4607","targetHints":{"allow":["GET"]}}],"collection":[{"href":"https:\/\/comercmoble.com\/ca\/wp-json\/wp\/v2\/posts"}],"about":[{"href":"https:\/\/comercmoble.com\/ca\/wp-json\/wp\/v2\/types\/post"}],"author":[{"embeddable":true,"href":"https:\/\/comercmoble.com\/ca\/wp-json\/wp\/v2\/users\/2"}],"replies":[{"embeddable":true,"href":"https:\/\/comercmoble.com\/ca\/wp-json\/wp\/v2\/comments?post=4607"}],"version-history":[{"count":1,"href":"https:\/\/comercmoble.com\/ca\/wp-json\/wp\/v2\/posts\/4607\/revisions"}],"predecessor-version":[{"id":4609,"href":"https:\/\/comercmoble.com\/ca\/wp-json\/wp\/v2\/posts\/4607\/revisions\/4609"}],"wp:featuredmedia":[{"embeddable":true,"href":"https:\/\/comercmoble.com\/ca\/wp-json\/wp\/v2\/media\/3867"}],"wp:attachment":[{"href":"https:\/\/comercmoble.com\/ca\/wp-json\/wp\/v2\/media?parent=4607"}],"wp:term":[{"taxonomy":"category","embeddable":true,"href":"https:\/\/comercmoble.com\/ca\/wp-json\/wp\/v2\/categories?post=4607"},{"taxonomy":"post_tag","embeddable":true,"href":"https:\/\/comercmoble.com\/ca\/wp-json\/wp\/v2\/tags?post=4607"}],"curies":[{"name":"wp","href":"https:\/\/api.w.org\/{rel}","templated":true}]}}