{"id":4604,"date":"2020-10-28T11:27:41","date_gmt":"2020-10-28T10:27:41","guid":{"rendered":"https:\/\/comercmoble.com\/comunicado-importante-retrasos-entregas-a-clientes"},"modified":"2021-06-07T09:48:23","modified_gmt":"2021-06-07T07:48:23","slug":"comunicado-importante-retrasos-entregas-a-clientes","status":"publish","type":"post","link":"https:\/\/comercmoble.com\/ca\/comunicado-importante-retrasos-entregas-a-clientes\/","title":{"rendered":"Comunicado importante : RETRASOS ENTREGAS A CLIENTES"},"content":{"rendered":"<p>Al estar en un mundo global, la econom\u00eda de nuestro pa\u00eds est\u00e1 vinculada a los cambios que en el mismo se produzcan. Despu\u00e9s del confinamiento de marzo, en el que las f\u00e1bricas de muebles dejaron de producir, se han tenido que entregar los pedidos a los clientes concentrando el trabajo de 8 meses, en 5, con los consiguientes retrasos.<\/p>\n<p>COMER\u00c7MOBLE quiere dejar constancia de que se est\u00e1n produciendo demoras en los pedidos que podemos resumir de la siguiente manera:<\/p>\n<p>-Espumaciones para el producto descanso: sof\u00e1s, sillones, sillas, colchones canap\u00e9s. Subidas muy importantes de los precios de <strong><u>espuma de poliuretano<\/u><\/strong> y retrasos.<\/p>\n<p>-Sistemas de <strong><u>deslizantes de los sof\u00e1s<\/u><\/strong>. Rotura de stock de los mecanismos importados.<\/p>\n<p>&#8211;<strong><u>Telas para tapicer\u00eda<\/u><\/strong> de los elementos tapizados. Roturas de stocks en algunos fabricantes y demoras en sus suministros.<\/p>\n<p>&#8211;<strong><u>Tableros melaminados<\/u><\/strong>. En aquellos fabricantes que importan el tablero, retrasos en las entregas para la fabricaci\u00f3n de muebles.<\/p>\n<p>&#8211;<strong><u>Tejido TNT<\/u><\/strong>. La producci\u00f3n de este tejido (para mueble tapizado y colchones) en su mayor parte se est\u00e1 utilizando para EPI\u2019S y mascarillas, y hay retrasos en su producci\u00f3n para la industria del mueble.<\/p>\n<p>Esto es un resumen de los problemas que est\u00e1n incidiendo directamente en la demora en las fechas de entrega de los pedidos por parte de los fabricantes. Como consecuencia de este hecho, tambi\u00e9n las fechas de servicio a los clientes, sufren demoras no imputables directamente al servicio de los comercios. Se est\u00e1n informando de las fechas actuales de servicio, para que no haya falta de informaci\u00f3n. Las entregas de colchones pueden oscilar entre 1 y tres semanas, si no son medidas especiales. En cuanto a muebles, desde 3 semanas, hasta tres meses.<\/p>\n<p><strong><u>Mediante este comunicado, COMER\u00c7MOBLE, como representante del sector del mueble en la Comunitat Valenciana, quiere responder y avalar el buen servicio que desde las tiendas de muebles se quiere seguir dando a los clientes.<\/u><\/strong>\u00a0 Aconsejamos que tengas una previsi\u00f3n de stocks en aquellos productos que sabes que vas a necesitar y que concentres\u00a0 tus ventas en aquellos proveedores que no te van a fallar, esperemos sea una situaci\u00f3n transitoria y pronto todo se vaya normalizando, los datos aconsejan extremar el control y la prudencia.<\/p>\n","protected":false},"excerpt":{"rendered":"<p>Al estar en un mundo global, la econom\u00eda de nuestro pa\u00eds est\u00e1 vinculada a los cambios que en el mismo se produzcan. Despu\u00e9s del confinamiento de marzo, en el que las f\u00e1bricas de muebles dejaron de producir, se han tenido que entregar los pedidos a los clientes concentrando el trabajo de 8 meses, en 5, [&hellip;]<\/p>\n","protected":false},"author":2,"featured_media":3998,"comment_status":"closed","ping_status":"closed","sticky":false,"template":"","format":"standard","meta":{"_et_pb_use_builder":"","_et_pb_old_content":"","_et_gb_content_width":"","footnotes":""},"categories":[256],"tags":[329,340,341],"class_list":["post-4604","post","type-post","status-publish","format-standard","has-post-thumbnail","hentry","category-sense-categoria","tag-comercmoble-ca","tag-retraso-entrega-clientes-ca","tag-retraso-fabricas-de-muebles-ca"],"yoast_head":"<!-- This site is optimized with the Yoast SEO plugin v27.4 - https:\/\/yoast.com\/product\/yoast-seo-wordpress\/ -->\n<title>Comunicado importante : RETRASOS ENTREGAS A CLIENTES<\/title>\n<meta name=\"description\" content=\"RETRASOS ENTREGAS A CLIENTES: Mediante este comunicado, COMER\u00c7MOBLE, como representante del sector del mueble en la Comunitat Valenciana, quiere responder y avalar el buen servicio que desde las tiendas de muebles se quiere seguir dando a los clientes.\" \/>\n<meta name=\"robots\" content=\"index, follow, max-snippet:-1, max-image-preview:large, max-video-preview:-1\" \/>\n<link rel=\"canonical\" href=\"https:\/\/comercmoble.com\/ca\/comunicado-importante-retrasos-entregas-a-clientes\/\" \/>\n<meta property=\"og:locale\" content=\"en_US\" \/>\n<meta property=\"og:type\" content=\"article\" \/>\n<meta property=\"og:title\" content=\"Comunicado importante : RETRASOS ENTREGAS A CLIENTES\" \/>\n<meta property=\"og:description\" content=\"RETRASOS ENTREGAS A CLIENTES: Mediante este comunicado, COMER\u00c7MOBLE, como representante del sector del mueble en la Comunitat Valenciana, quiere responder y avalar el buen servicio que desde las tiendas de muebles se quiere seguir dando a los clientes.\" \/>\n<meta property=\"og:url\" content=\"https:\/\/comercmoble.com\/ca\/comunicado-importante-retrasos-entregas-a-clientes\/\" \/>\n<meta property=\"og:site_name\" content=\"Comer\u00e7 Moble\" \/>\n<meta property=\"article:published_time\" content=\"2020-10-28T10:27:41+00:00\" \/>\n<meta property=\"article:modified_time\" content=\"2021-06-07T07:48:23+00:00\" \/>\n<meta property=\"og:image\" content=\"https:\/\/comercmoble.com\/wp-content\/uploads\/2020\/10\/comunicado_-retraso-entrega-clientes.png\" \/>\n\t<meta property=\"og:image:width\" content=\"1080\" \/>\n\t<meta property=\"og:image:height\" content=\"1080\" \/>\n\t<meta property=\"og:image:type\" content=\"image\/png\" \/>\n<meta name=\"author\" content=\"Comer\u00e7 Moble\" \/>\n<meta name=\"twitter:card\" content=\"summary_large_image\" \/>\n<meta name=\"twitter:label1\" content=\"Written by\" \/>\n\t<meta name=\"twitter:data1\" content=\"Comer\u00e7 Moble\" \/>\n\t<meta name=\"twitter:label2\" content=\"Est. reading time\" \/>\n\t<meta name=\"twitter:data2\" content=\"2 minutes\" \/>\n<script type=\"application\/ld+json\" class=\"yoast-schema-graph\">{\"@context\":\"https:\\\/\\\/schema.org\",\"@graph\":[{\"@type\":\"Article\",\"@id\":\"https:\\\/\\\/comercmoble.com\\\/ca\\\/comunicado-importante-retrasos-entregas-a-clientes\\\/#article\",\"isPartOf\":{\"@id\":\"https:\\\/\\\/comercmoble.com\\\/ca\\\/comunicado-importante-retrasos-entregas-a-clientes\\\/\"},\"author\":{\"name\":\"Comer\u00e7 Moble\",\"@id\":\"https:\\\/\\\/comercmoble.com\\\/ca\\\/#\\\/schema\\\/person\\\/42166a9f0f577bfa390efd898082a506\"},\"headline\":\"Comunicado importante : RETRASOS ENTREGAS A CLIENTES\",\"datePublished\":\"2020-10-28T10:27:41+00:00\",\"dateModified\":\"2021-06-07T07:48:23+00:00\",\"mainEntityOfPage\":{\"@id\":\"https:\\\/\\\/comercmoble.com\\\/ca\\\/comunicado-importante-retrasos-entregas-a-clientes\\\/\"},\"wordCount\":386,\"publisher\":{\"@id\":\"https:\\\/\\\/comercmoble.com\\\/ca\\\/#organization\"},\"image\":{\"@id\":\"https:\\\/\\\/comercmoble.com\\\/ca\\\/comunicado-importante-retrasos-entregas-a-clientes\\\/#primaryimage\"},\"thumbnailUrl\":\"https:\\\/\\\/comercmoble.com\\\/wp-content\\\/uploads\\\/2020\\\/10\\\/comunicado_-retraso-entrega-clientes.png\",\"keywords\":[\"comer\u00e7moble\",\"retraso entrega clientes\",\"retraso fabricas de muebles\"],\"articleSection\":[\"Sense categoria\"],\"inLanguage\":\"va-VA\"},{\"@type\":\"WebPage\",\"@id\":\"https:\\\/\\\/comercmoble.com\\\/ca\\\/comunicado-importante-retrasos-entregas-a-clientes\\\/\",\"url\":\"https:\\\/\\\/comercmoble.com\\\/ca\\\/comunicado-importante-retrasos-entregas-a-clientes\\\/\",\"name\":\"Comunicado importante : RETRASOS ENTREGAS A CLIENTES\",\"isPartOf\":{\"@id\":\"https:\\\/\\\/comercmoble.com\\\/ca\\\/#website\"},\"primaryImageOfPage\":{\"@id\":\"https:\\\/\\\/comercmoble.com\\\/ca\\\/comunicado-importante-retrasos-entregas-a-clientes\\\/#primaryimage\"},\"image\":{\"@id\":\"https:\\\/\\\/comercmoble.com\\\/ca\\\/comunicado-importante-retrasos-entregas-a-clientes\\\/#primaryimage\"},\"thumbnailUrl\":\"https:\\\/\\\/comercmoble.com\\\/wp-content\\\/uploads\\\/2020\\\/10\\\/comunicado_-retraso-entrega-clientes.png\",\"datePublished\":\"2020-10-28T10:27:41+00:00\",\"dateModified\":\"2021-06-07T07:48:23+00:00\",\"description\":\"RETRASOS ENTREGAS A CLIENTES: Mediante este comunicado, COMER\u00c7MOBLE, como representante del sector del mueble en la Comunitat Valenciana, quiere responder y avalar el buen servicio que desde las tiendas de muebles se quiere seguir dando a los clientes.\",\"breadcrumb\":{\"@id\":\"https:\\\/\\\/comercmoble.com\\\/ca\\\/comunicado-importante-retrasos-entregas-a-clientes\\\/#breadcrumb\"},\"inLanguage\":\"va-VA\",\"potentialAction\":[{\"@type\":\"ReadAction\",\"target\":[\"https:\\\/\\\/comercmoble.com\\\/ca\\\/comunicado-importante-retrasos-entregas-a-clientes\\\/\"]}]},{\"@type\":\"ImageObject\",\"inLanguage\":\"va-VA\",\"@id\":\"https:\\\/\\\/comercmoble.com\\\/ca\\\/comunicado-importante-retrasos-entregas-a-clientes\\\/#primaryimage\",\"url\":\"https:\\\/\\\/comercmoble.com\\\/wp-content\\\/uploads\\\/2020\\\/10\\\/comunicado_-retraso-entrega-clientes.png\",\"contentUrl\":\"https:\\\/\\\/comercmoble.com\\\/wp-content\\\/uploads\\\/2020\\\/10\\\/comunicado_-retraso-entrega-clientes.png\",\"width\":1080,\"height\":1080},{\"@type\":\"BreadcrumbList\",\"@id\":\"https:\\\/\\\/comercmoble.com\\\/ca\\\/comunicado-importante-retrasos-entregas-a-clientes\\\/#breadcrumb\",\"itemListElement\":[{\"@type\":\"ListItem\",\"position\":1,\"name\":\"Inicio\",\"item\":\"https:\\\/\\\/comercmoble.com\\\/\"},{\"@type\":\"ListItem\",\"position\":2,\"name\":\"Sin categorizar\",\"item\":\"https:\\\/\\\/comercmoble.com\\\/category\\\/sin-categorizar\\\/\"},{\"@type\":\"ListItem\",\"position\":3,\"name\":\"Comunicado importante : RETRASOS ENTREGAS A CLIENTES\"}]},{\"@type\":\"WebSite\",\"@id\":\"https:\\\/\\\/comercmoble.com\\\/ca\\\/#website\",\"url\":\"https:\\\/\\\/comercmoble.com\\\/ca\\\/\",\"name\":\"Comer\u00e7 Moble\",\"description\":\"Asociaci\u00f3n de Comercios del Muebles de la Comunidad Valencia\",\"publisher\":{\"@id\":\"https:\\\/\\\/comercmoble.com\\\/ca\\\/#organization\"},\"potentialAction\":[{\"@type\":\"SearchAction\",\"target\":{\"@type\":\"EntryPoint\",\"urlTemplate\":\"https:\\\/\\\/comercmoble.com\\\/ca\\\/?s={search_term_string}\"},\"query-input\":{\"@type\":\"PropertyValueSpecification\",\"valueRequired\":true,\"valueName\":\"search_term_string\"}}],\"inLanguage\":\"va-VA\"},{\"@type\":\"Organization\",\"@id\":\"https:\\\/\\\/comercmoble.com\\\/ca\\\/#organization\",\"name\":\"ASOCIACI\u00d3N PARA LA DISTRIBUCI\u00d3N Y COMERCIO DEL H\u00c1BITAT DE LA COMUNIDAD VALENCIANA\",\"url\":\"https:\\\/\\\/comercmoble.com\\\/ca\\\/\",\"logo\":{\"@type\":\"ImageObject\",\"inLanguage\":\"va-VA\",\"@id\":\"https:\\\/\\\/comercmoble.com\\\/ca\\\/#\\\/schema\\\/logo\\\/image\\\/\",\"url\":\"https:\\\/\\\/comercmoble.com\\\/wp-content\\\/uploads\\\/2018\\\/11\\\/logo.png\",\"contentUrl\":\"https:\\\/\\\/comercmoble.com\\\/wp-content\\\/uploads\\\/2018\\\/11\\\/logo.png\",\"width\":213,\"height\":67,\"caption\":\"ASOCIACI\u00d3N PARA LA DISTRIBUCI\u00d3N Y COMERCIO DEL H\u00c1BITAT DE LA COMUNIDAD VALENCIANA\"},\"image\":{\"@id\":\"https:\\\/\\\/comercmoble.com\\\/ca\\\/#\\\/schema\\\/logo\\\/image\\\/\"}},{\"@type\":\"Person\",\"@id\":\"https:\\\/\\\/comercmoble.com\\\/ca\\\/#\\\/schema\\\/person\\\/42166a9f0f577bfa390efd898082a506\",\"name\":\"Comer\u00e7 Moble\",\"image\":{\"@type\":\"ImageObject\",\"inLanguage\":\"va-VA\",\"@id\":\"https:\\\/\\\/secure.gravatar.com\\\/avatar\\\/90ad19cb763e14b2dfd0aa43e309e93bb6e95477e668c2ae130552c4fa1c62b5?s=96&d=mm&r=g\",\"url\":\"https:\\\/\\\/secure.gravatar.com\\\/avatar\\\/90ad19cb763e14b2dfd0aa43e309e93bb6e95477e668c2ae130552c4fa1c62b5?s=96&d=mm&r=g\",\"contentUrl\":\"https:\\\/\\\/secure.gravatar.com\\\/avatar\\\/90ad19cb763e14b2dfd0aa43e309e93bb6e95477e668c2ae130552c4fa1c62b5?s=96&d=mm&r=g\",\"caption\":\"Comer\u00e7 Moble\"},\"url\":\"https:\\\/\\\/comercmoble.com\\\/ca\\\/author\\\/administrador\\\/\"}]}<\/script>\n<!-- \/ Yoast SEO plugin. -->","yoast_head_json":{"title":"Comunicado importante : RETRASOS ENTREGAS A CLIENTES","description":"RETRASOS ENTREGAS A CLIENTES: Mediante este comunicado, COMER\u00c7MOBLE, como representante del sector del mueble en la Comunitat Valenciana, quiere responder y avalar el buen servicio que desde las tiendas de muebles se quiere seguir dando a los clientes.","robots":{"index":"index","follow":"follow","max-snippet":"max-snippet:-1","max-image-preview":"max-image-preview:large","max-video-preview":"max-video-preview:-1"},"canonical":"https:\/\/comercmoble.com\/ca\/comunicado-importante-retrasos-entregas-a-clientes\/","og_locale":"en_US","og_type":"article","og_title":"Comunicado importante : RETRASOS ENTREGAS A CLIENTES","og_description":"RETRASOS ENTREGAS A CLIENTES: Mediante este comunicado, COMER\u00c7MOBLE, como representante del sector del mueble en la Comunitat Valenciana, quiere responder y avalar el buen servicio que desde las tiendas de muebles se quiere seguir dando a los clientes.","og_url":"https:\/\/comercmoble.com\/ca\/comunicado-importante-retrasos-entregas-a-clientes\/","og_site_name":"Comer\u00e7 Moble","article_published_time":"2020-10-28T10:27:41+00:00","article_modified_time":"2021-06-07T07:48:23+00:00","og_image":[{"width":1080,"height":1080,"url":"https:\/\/comercmoble.com\/wp-content\/uploads\/2020\/10\/comunicado_-retraso-entrega-clientes.png","type":"image\/png"}],"author":"Comer\u00e7 Moble","twitter_card":"summary_large_image","twitter_misc":{"Written by":"Comer\u00e7 Moble","Est. reading time":"2 minutes"},"schema":{"@context":"https:\/\/schema.org","@graph":[{"@type":"Article","@id":"https:\/\/comercmoble.com\/ca\/comunicado-importante-retrasos-entregas-a-clientes\/#article","isPartOf":{"@id":"https:\/\/comercmoble.com\/ca\/comunicado-importante-retrasos-entregas-a-clientes\/"},"author":{"name":"Comer\u00e7 Moble","@id":"https:\/\/comercmoble.com\/ca\/#\/schema\/person\/42166a9f0f577bfa390efd898082a506"},"headline":"Comunicado importante : RETRASOS ENTREGAS A CLIENTES","datePublished":"2020-10-28T10:27:41+00:00","dateModified":"2021-06-07T07:48:23+00:00","mainEntityOfPage":{"@id":"https:\/\/comercmoble.com\/ca\/comunicado-importante-retrasos-entregas-a-clientes\/"},"wordCount":386,"publisher":{"@id":"https:\/\/comercmoble.com\/ca\/#organization"},"image":{"@id":"https:\/\/comercmoble.com\/ca\/comunicado-importante-retrasos-entregas-a-clientes\/#primaryimage"},"thumbnailUrl":"https:\/\/comercmoble.com\/wp-content\/uploads\/2020\/10\/comunicado_-retraso-entrega-clientes.png","keywords":["comer\u00e7moble","retraso entrega clientes","retraso fabricas de muebles"],"articleSection":["Sense categoria"],"inLanguage":"va-VA"},{"@type":"WebPage","@id":"https:\/\/comercmoble.com\/ca\/comunicado-importante-retrasos-entregas-a-clientes\/","url":"https:\/\/comercmoble.com\/ca\/comunicado-importante-retrasos-entregas-a-clientes\/","name":"Comunicado importante : RETRASOS ENTREGAS A CLIENTES","isPartOf":{"@id":"https:\/\/comercmoble.com\/ca\/#website"},"primaryImageOfPage":{"@id":"https:\/\/comercmoble.com\/ca\/comunicado-importante-retrasos-entregas-a-clientes\/#primaryimage"},"image":{"@id":"https:\/\/comercmoble.com\/ca\/comunicado-importante-retrasos-entregas-a-clientes\/#primaryimage"},"thumbnailUrl":"https:\/\/comercmoble.com\/wp-content\/uploads\/2020\/10\/comunicado_-retraso-entrega-clientes.png","datePublished":"2020-10-28T10:27:41+00:00","dateModified":"2021-06-07T07:48:23+00:00","description":"RETRASOS ENTREGAS A CLIENTES: Mediante este comunicado, COMER\u00c7MOBLE, como representante del sector del mueble en la Comunitat Valenciana, quiere responder y avalar el buen servicio que desde las tiendas de muebles se quiere seguir dando a los clientes.","breadcrumb":{"@id":"https:\/\/comercmoble.com\/ca\/comunicado-importante-retrasos-entregas-a-clientes\/#breadcrumb"},"inLanguage":"va-VA","potentialAction":[{"@type":"ReadAction","target":["https:\/\/comercmoble.com\/ca\/comunicado-importante-retrasos-entregas-a-clientes\/"]}]},{"@type":"ImageObject","inLanguage":"va-VA","@id":"https:\/\/comercmoble.com\/ca\/comunicado-importante-retrasos-entregas-a-clientes\/#primaryimage","url":"https:\/\/comercmoble.com\/wp-content\/uploads\/2020\/10\/comunicado_-retraso-entrega-clientes.png","contentUrl":"https:\/\/comercmoble.com\/wp-content\/uploads\/2020\/10\/comunicado_-retraso-entrega-clientes.png","width":1080,"height":1080},{"@type":"BreadcrumbList","@id":"https:\/\/comercmoble.com\/ca\/comunicado-importante-retrasos-entregas-a-clientes\/#breadcrumb","itemListElement":[{"@type":"ListItem","position":1,"name":"Inicio","item":"https:\/\/comercmoble.com\/"},{"@type":"ListItem","position":2,"name":"Sin categorizar","item":"https:\/\/comercmoble.com\/category\/sin-categorizar\/"},{"@type":"ListItem","position":3,"name":"Comunicado importante : RETRASOS ENTREGAS A CLIENTES"}]},{"@type":"WebSite","@id":"https:\/\/comercmoble.com\/ca\/#website","url":"https:\/\/comercmoble.com\/ca\/","name":"Comer\u00e7 Moble","description":"Asociaci\u00f3n de Comercios del Muebles de la Comunidad Valencia","publisher":{"@id":"https:\/\/comercmoble.com\/ca\/#organization"},"potentialAction":[{"@type":"SearchAction","target":{"@type":"EntryPoint","urlTemplate":"https:\/\/comercmoble.com\/ca\/?s={search_term_string}"},"query-input":{"@type":"PropertyValueSpecification","valueRequired":true,"valueName":"search_term_string"}}],"inLanguage":"va-VA"},{"@type":"Organization","@id":"https:\/\/comercmoble.com\/ca\/#organization","name":"ASOCIACI\u00d3N PARA LA DISTRIBUCI\u00d3N Y COMERCIO DEL H\u00c1BITAT DE LA COMUNIDAD VALENCIANA","url":"https:\/\/comercmoble.com\/ca\/","logo":{"@type":"ImageObject","inLanguage":"va-VA","@id":"https:\/\/comercmoble.com\/ca\/#\/schema\/logo\/image\/","url":"https:\/\/comercmoble.com\/wp-content\/uploads\/2018\/11\/logo.png","contentUrl":"https:\/\/comercmoble.com\/wp-content\/uploads\/2018\/11\/logo.png","width":213,"height":67,"caption":"ASOCIACI\u00d3N PARA LA DISTRIBUCI\u00d3N Y COMERCIO DEL H\u00c1BITAT DE LA COMUNIDAD VALENCIANA"},"image":{"@id":"https:\/\/comercmoble.com\/ca\/#\/schema\/logo\/image\/"}},{"@type":"Person","@id":"https:\/\/comercmoble.com\/ca\/#\/schema\/person\/42166a9f0f577bfa390efd898082a506","name":"Comer\u00e7 Moble","image":{"@type":"ImageObject","inLanguage":"va-VA","@id":"https:\/\/secure.gravatar.com\/avatar\/90ad19cb763e14b2dfd0aa43e309e93bb6e95477e668c2ae130552c4fa1c62b5?s=96&d=mm&r=g","url":"https:\/\/secure.gravatar.com\/avatar\/90ad19cb763e14b2dfd0aa43e309e93bb6e95477e668c2ae130552c4fa1c62b5?s=96&d=mm&r=g","contentUrl":"https:\/\/secure.gravatar.com\/avatar\/90ad19cb763e14b2dfd0aa43e309e93bb6e95477e668c2ae130552c4fa1c62b5?s=96&d=mm&r=g","caption":"Comer\u00e7 Moble"},"url":"https:\/\/comercmoble.com\/ca\/author\/administrador\/"}]}},"_links":{"self":[{"href":"https:\/\/comercmoble.com\/ca\/wp-json\/wp\/v2\/posts\/4604","targetHints":{"allow":["GET"]}}],"collection":[{"href":"https:\/\/comercmoble.com\/ca\/wp-json\/wp\/v2\/posts"}],"about":[{"href":"https:\/\/comercmoble.com\/ca\/wp-json\/wp\/v2\/types\/post"}],"author":[{"embeddable":true,"href":"https:\/\/comercmoble.com\/ca\/wp-json\/wp\/v2\/users\/2"}],"replies":[{"embeddable":true,"href":"https:\/\/comercmoble.com\/ca\/wp-json\/wp\/v2\/comments?post=4604"}],"version-history":[{"count":1,"href":"https:\/\/comercmoble.com\/ca\/wp-json\/wp\/v2\/posts\/4604\/revisions"}],"predecessor-version":[{"id":4606,"href":"https:\/\/comercmoble.com\/ca\/wp-json\/wp\/v2\/posts\/4604\/revisions\/4606"}],"wp:featuredmedia":[{"embeddable":true,"href":"https:\/\/comercmoble.com\/ca\/wp-json\/wp\/v2\/media\/3998"}],"wp:attachment":[{"href":"https:\/\/comercmoble.com\/ca\/wp-json\/wp\/v2\/media?parent=4604"}],"wp:term":[{"taxonomy":"category","embeddable":true,"href":"https:\/\/comercmoble.com\/ca\/wp-json\/wp\/v2\/categories?post=4604"},{"taxonomy":"post_tag","embeddable":true,"href":"https:\/\/comercmoble.com\/ca\/wp-json\/wp\/v2\/tags?post=4604"}],"curies":[{"name":"wp","href":"https:\/\/api.w.org\/{rel}","templated":true}]}}