{"id":4601,"date":"2020-11-11T13:34:43","date_gmt":"2020-11-11T12:34:43","guid":{"rendered":"https:\/\/comercmoble.com\/comerc-moble-propone-una-campana-ciudadana-para-motivar-las-compras-y-el-consumo-de-los-productos-de-la-comunitat"},"modified":"2021-06-07T09:48:15","modified_gmt":"2021-06-07T07:48:15","slug":"comerc-moble-propone-una-campana-ciudadana-para-motivar-las-compras-y-el-consumo-de-los-productos-de-la-comunitat","status":"publish","type":"post","link":"https:\/\/comercmoble.com\/ca\/comerc-moble-propone-una-campana-ciudadana-para-motivar-las-compras-y-el-consumo-de-los-productos-de-la-comunitat\/","title":{"rendered":"Comer\u00e7 Moble propone una campa\u00f1a ciudadana para motivar las compras y el consumo de los productos de la Comunitat"},"content":{"rendered":"<p><strong>La marea ciudadana \u201cConsume de verdad &#8211; Consume Comunitat \u201cse pone en marcha<\/strong><\/p>\n<p><strong>Comer\u00e7 Moble propone una campa\u00f1a ciudadana para motivar las compras y el consumo de los productos de la Comunitat Valenciana, en nuestra Comunitat.<\/strong><\/p>\n<ul>\n<li><strong>En estos momentos de crisis es fundamental desarrollar medidas activas para mejorar la situaci\u00f3n de la demanda, como campa\u00f1as de concienciaci\u00f3n sobre el consumo local (valores).<\/strong><\/li>\n<\/ul>\n<ul>\n<li><strong>El objetivo principal de la campa\u00f1a es mejorar la situaci\u00f3n de los productos \u201cmade in la Comunitat\u201d.<\/strong><\/li>\n<\/ul>\n<p>La crisis del Covid-19 est\u00e1 teniendo importantes consecuencias en todos los \u00e1mbitos de la Comunitat Valenciana, y tambi\u00e9n en el consumo de los hogares. Tras un descenso de 24.9% interanual de la actividad de los fabricantes en el trimestre de abril-mayo-junio, las expectativas de recuperaci\u00f3n para el tercer trimestre auguran descensos muy inferiores cercanos al -4.5%. De esta forma, la actividad del sector est\u00e1 adoptando una forma de V: fuerte en marzo-abril-mayo y un rebote al alza esperado para el tercer trimestre, basado en el dinamismo de las ventas en los meses de verano. De mantenerse esta tendencia, el h\u00e1bitat recuperar\u00eda gran parte del terreno perdido durante el confinamiento.<\/p>\n<p>Sin embargo, aunque las expectativas recogen el buen momento a corto plazo, tambi\u00e9n tienen en cuenta la incertidumbre del entorno econ\u00f3mico.<\/p>\n<p>Respecto a este entorno cambiante y cu\u00e1l ser\u00eda el principal valor que aportan los comercios del mueble, Gloria Vaquer, Presidenta de COMER\u00c7MOBLE, opina que \u201csi los ciudadanos se han dado cuenta de que la prioridad en estos momentos es su hogar, es fundamental ayudarles a que mejoren su entorno diario, d\u00e1ndoles un producto de calidad, dise\u00f1o y atenci\u00f3n personalizada. Y para esto lo mejor es consumir en la tienda de cercan\u00eda, la de tu ciudad, tu barrio. Tras la irrupci\u00f3n del coronavirus se ha detectado una mayor afluencia de nuevos clientes en el comercio de proximidad, por lo que con esta campa\u00f1a se refuerza a\u00fan m\u00e1s la fidelizaci\u00f3n del cliente que ha conocido nuestro producto y servicio, y cuya opci\u00f3n de compra se decanta ahora por un establecimiento aut\u00f3ctono, local, de proximidad.\u201d<\/p>\n<p>Ante una situaci\u00f3n en la que el precio se recuperar\u00e1 como el principal factor de competitividad a gran escala, ser\u00e1 vital para las empresas poder competir desde los valores de proximidad, empat\u00eda con el cliente, vinculaci\u00f3n con la comunidad y el compromiso respecto al medioambiente. En estos momentos de crisis es fundamental desarrollar medidas activas para mejorar la situaci\u00f3n de la demanda, como campa\u00f1as de concienciaci\u00f3n sobre el consumo local (valores).<\/p>\n<p>Por eso, desde Comer\u00e7 Moble, <em>Asociaci\u00f3n para la Distribuci\u00f3n y Comercio del Mueble de la Comunitat Valenciana, <\/em>proponemos una <strong>campa\u00f1a transversal que surja desde el sector del mueble<\/strong>, pero que aglutine a todos los sectores representativos de la Comunitat Valenciana (<strong>muebles, cer\u00e1mica, c\u00edtricos, dise\u00f1o, calzado, juguete, textil, turismo, vino, iluminaci\u00f3n y moda<\/strong>) para movilizar las compras y el consumo. El hashtag utilizado en esta campa\u00f1a ser\u00e1: #consumedeverdad <strong>#ConsumeComunitat.<\/strong><\/p>\n<p>Una de las grandes fortalezas de esta campa\u00f1a es su facilidad para adaptarse a cualquier sector, su transversalidad. Para ello se han creado unas gr\u00e1ficas abiertas que se adaptan a cualquier sector.<\/p>\n<p>Durante la campa\u00f1a, que tendr\u00e1 una duraci\u00f3n de 8 semanas, cada semana se promocionar\u00e1n 2 sectores. Las entradas en redes sociales semanales ser\u00e1n sobre los sectores correspondientes y se etiquetar\u00e1n a asociaciones y personajes relevantes para cada sector. Adem\u00e1s, la campa\u00f1a se publicitar\u00e1 en <strong>medios digitales y en los comercios asociados a Comer\u00e7 Moble.<\/strong><\/p>\n<p>Adem\u00e1s de interactuar y viralizar las publicaciones los consumidores pueden participar en el <strong>sorteo <\/strong>de:<\/p>\n<p>&#8211; 1 l\u00e1mpara UV-C y Ozono marca Germiled, para la esterilizaci\u00f3n de estancias de unos 30m<sup>2<\/sup><\/p>\n<p>-20 camisetas Muebles de Verdad.<\/p>\n<p>-100 cheques regalo de 25\u20ac en compras superiores a 250\u20ac.<\/p>\n<blockquote><p><strong><em>Si lo mejor es de aqu\u00ed, que tu pr\u00f3xima compra tambi\u00e9n lo sea.<\/em><\/strong><\/p>\n<p><strong>Mueble, calzado, cer\u00e1mica, c\u00edtricos, dise\u00f1o, iluminaci\u00f3n, textil, vinos, juguetes y turismo<\/strong><\/p>\n<p><strong>#consumedeverdad #ConsumeComunitat<\/strong><\/p><\/blockquote>\n<p><iframe loading=\"lazy\" style=\"border: none; overflow: hidden;\" src=\"https:\/\/www.facebook.com\/plugins\/video.php?height=314&amp;href=https%3A%2F%2Fwww.facebook.com%2Fcomercioshabitatcv%2Fvideos%2F701277750511184%2F&amp;show_text=false&amp;width=560\" width=\"560\" height=\"314\" frameborder=\"0\" scrolling=\"no\" allowfullscreen=\"allowfullscreen\"><\/iframe><\/p>\n","protected":false},"excerpt":{"rendered":"<p><strong>La marea ciudadana \u201cConsume de verdad &#8211; Consume Comunitat \u201cse pone en marcha<\/strong><\/p>\n<p><strong>Comer\u00e7 Moble propone una campa\u00f1a ciudadana para motivar las compras y el consumo de los productos de la Comunitat Valenciana, en nuestra Comunita&#8230;<\/p>\n","protected":false},"author":2,"featured_media":3999,"comment_status":"closed","ping_status":"closed","sticky":false,"template":"","format":"standard","meta":{"_et_pb_use_builder":"","_et_pb_old_content":"","_et_gb_content_width":"","footnotes":""},"categories":[256],"tags":[],"class_list":["post-4601","post","type-post","status-publish","format-standard","has-post-thumbnail","hentry","category-sense-categoria"],"yoast_head":"<!-- This site is optimized with the Yoast SEO plugin v27.4 - https:\/\/yoast.com\/product\/yoast-seo-wordpress\/ -->\n<title>Comer\u00e7 Moble propone una campa\u00f1a ciudadana para motivar las compras y el consumo de los productos de la Comunitat<\/title>\n<meta name=\"description\" content=\"#ConsumeComunitat: Comer\u00e7 Moble propone una campa\u00f1a ciudadana para motivar las compras y el consumo de los productos de la Comunitat Valenciana, en nuestra Comunitat.\" \/>\n<meta name=\"robots\" content=\"index, follow, max-snippet:-1, max-image-preview:large, max-video-preview:-1\" \/>\n<link rel=\"canonical\" href=\"https:\/\/comercmoble.com\/ca\/comerc-moble-propone-una-campana-ciudadana-para-motivar-las-compras-y-el-consumo-de-los-productos-de-la-comunitat\/\" \/>\n<meta property=\"og:locale\" content=\"en_US\" \/>\n<meta property=\"og:type\" content=\"article\" \/>\n<meta property=\"og:title\" content=\"Comer\u00e7 Moble propone una campa\u00f1a ciudadana para motivar las compras y el consumo de los productos de la Comunitat\" \/>\n<meta property=\"og:description\" content=\"#ConsumeComunitat: Comer\u00e7 Moble propone una campa\u00f1a ciudadana para motivar las compras y el consumo de los productos de la Comunitat Valenciana, en nuestra Comunitat.\" \/>\n<meta property=\"og:url\" content=\"https:\/\/comercmoble.com\/ca\/comerc-moble-propone-una-campana-ciudadana-para-motivar-las-compras-y-el-consumo-de-los-productos-de-la-comunitat\/\" \/>\n<meta property=\"og:site_name\" content=\"Comer\u00e7 Moble\" \/>\n<meta property=\"article:published_time\" content=\"2020-11-11T12:34:43+00:00\" \/>\n<meta property=\"article:modified_time\" content=\"2021-06-07T07:48:15+00:00\" \/>\n<meta property=\"og:image\" content=\"https:\/\/comercmoble.com\/wp-content\/uploads\/2020\/11\/ConsumeComunitat.png\" \/>\n\t<meta property=\"og:image:width\" content=\"850\" \/>\n\t<meta property=\"og:image:height\" content=\"379\" \/>\n\t<meta property=\"og:image:type\" content=\"image\/png\" \/>\n<meta name=\"author\" content=\"Comer\u00e7 Moble\" \/>\n<meta name=\"twitter:card\" content=\"summary_large_image\" \/>\n<meta name=\"twitter:label1\" content=\"Written by\" \/>\n\t<meta name=\"twitter:data1\" content=\"Comer\u00e7 Moble\" \/>\n\t<meta name=\"twitter:label2\" content=\"Est. reading time\" \/>\n\t<meta name=\"twitter:data2\" content=\"3 minutes\" \/>\n<script type=\"application\/ld+json\" class=\"yoast-schema-graph\">{\"@context\":\"https:\\\/\\\/schema.org\",\"@graph\":[{\"@type\":\"Article\",\"@id\":\"https:\\\/\\\/comercmoble.com\\\/ca\\\/comerc-moble-propone-una-campana-ciudadana-para-motivar-las-compras-y-el-consumo-de-los-productos-de-la-comunitat\\\/#article\",\"isPartOf\":{\"@id\":\"https:\\\/\\\/comercmoble.com\\\/ca\\\/comerc-moble-propone-una-campana-ciudadana-para-motivar-las-compras-y-el-consumo-de-los-productos-de-la-comunitat\\\/\"},\"author\":{\"name\":\"Comer\u00e7 Moble\",\"@id\":\"https:\\\/\\\/comercmoble.com\\\/ca\\\/#\\\/schema\\\/person\\\/42166a9f0f577bfa390efd898082a506\"},\"headline\":\"Comer\u00e7 Moble propone una campa\u00f1a ciudadana para motivar las compras y el consumo de los productos de la Comunitat\",\"datePublished\":\"2020-11-11T12:34:43+00:00\",\"dateModified\":\"2021-06-07T07:48:15+00:00\",\"mainEntityOfPage\":{\"@id\":\"https:\\\/\\\/comercmoble.com\\\/ca\\\/comerc-moble-propone-una-campana-ciudadana-para-motivar-las-compras-y-el-consumo-de-los-productos-de-la-comunitat\\\/\"},\"wordCount\":710,\"publisher\":{\"@id\":\"https:\\\/\\\/comercmoble.com\\\/ca\\\/#organization\"},\"image\":{\"@id\":\"https:\\\/\\\/comercmoble.com\\\/ca\\\/comerc-moble-propone-una-campana-ciudadana-para-motivar-las-compras-y-el-consumo-de-los-productos-de-la-comunitat\\\/#primaryimage\"},\"thumbnailUrl\":\"https:\\\/\\\/comercmoble.com\\\/wp-content\\\/uploads\\\/2020\\\/11\\\/ConsumeComunitat.png\",\"articleSection\":[\"Sense categoria\"],\"inLanguage\":\"va-VA\"},{\"@type\":\"WebPage\",\"@id\":\"https:\\\/\\\/comercmoble.com\\\/ca\\\/comerc-moble-propone-una-campana-ciudadana-para-motivar-las-compras-y-el-consumo-de-los-productos-de-la-comunitat\\\/\",\"url\":\"https:\\\/\\\/comercmoble.com\\\/ca\\\/comerc-moble-propone-una-campana-ciudadana-para-motivar-las-compras-y-el-consumo-de-los-productos-de-la-comunitat\\\/\",\"name\":\"Comer\u00e7 Moble propone una campa\u00f1a ciudadana para motivar las compras y el consumo de los productos de la Comunitat\",\"isPartOf\":{\"@id\":\"https:\\\/\\\/comercmoble.com\\\/ca\\\/#website\"},\"primaryImageOfPage\":{\"@id\":\"https:\\\/\\\/comercmoble.com\\\/ca\\\/comerc-moble-propone-una-campana-ciudadana-para-motivar-las-compras-y-el-consumo-de-los-productos-de-la-comunitat\\\/#primaryimage\"},\"image\":{\"@id\":\"https:\\\/\\\/comercmoble.com\\\/ca\\\/comerc-moble-propone-una-campana-ciudadana-para-motivar-las-compras-y-el-consumo-de-los-productos-de-la-comunitat\\\/#primaryimage\"},\"thumbnailUrl\":\"https:\\\/\\\/comercmoble.com\\\/wp-content\\\/uploads\\\/2020\\\/11\\\/ConsumeComunitat.png\",\"datePublished\":\"2020-11-11T12:34:43+00:00\",\"dateModified\":\"2021-06-07T07:48:15+00:00\",\"description\":\"#ConsumeComunitat: Comer\u00e7 Moble propone una campa\u00f1a ciudadana para motivar las compras y el consumo de los productos de la Comunitat Valenciana, en nuestra Comunitat.\",\"breadcrumb\":{\"@id\":\"https:\\\/\\\/comercmoble.com\\\/ca\\\/comerc-moble-propone-una-campana-ciudadana-para-motivar-las-compras-y-el-consumo-de-los-productos-de-la-comunitat\\\/#breadcrumb\"},\"inLanguage\":\"va-VA\",\"potentialAction\":[{\"@type\":\"ReadAction\",\"target\":[\"https:\\\/\\\/comercmoble.com\\\/ca\\\/comerc-moble-propone-una-campana-ciudadana-para-motivar-las-compras-y-el-consumo-de-los-productos-de-la-comunitat\\\/\"]}]},{\"@type\":\"ImageObject\",\"inLanguage\":\"va-VA\",\"@id\":\"https:\\\/\\\/comercmoble.com\\\/ca\\\/comerc-moble-propone-una-campana-ciudadana-para-motivar-las-compras-y-el-consumo-de-los-productos-de-la-comunitat\\\/#primaryimage\",\"url\":\"https:\\\/\\\/comercmoble.com\\\/wp-content\\\/uploads\\\/2020\\\/11\\\/ConsumeComunitat.png\",\"contentUrl\":\"https:\\\/\\\/comercmoble.com\\\/wp-content\\\/uploads\\\/2020\\\/11\\\/ConsumeComunitat.png\",\"width\":850,\"height\":379},{\"@type\":\"BreadcrumbList\",\"@id\":\"https:\\\/\\\/comercmoble.com\\\/ca\\\/comerc-moble-propone-una-campana-ciudadana-para-motivar-las-compras-y-el-consumo-de-los-productos-de-la-comunitat\\\/#breadcrumb\",\"itemListElement\":[{\"@type\":\"ListItem\",\"position\":1,\"name\":\"Inicio\",\"item\":\"https:\\\/\\\/comercmoble.com\\\/\"},{\"@type\":\"ListItem\",\"position\":2,\"name\":\"Sin categorizar\",\"item\":\"https:\\\/\\\/comercmoble.com\\\/category\\\/sin-categorizar\\\/\"},{\"@type\":\"ListItem\",\"position\":3,\"name\":\"Comer\u00e7 Moble propone una campa\u00f1a ciudadana para motivar las compras y el consumo de los productos de la Comunitat\"}]},{\"@type\":\"WebSite\",\"@id\":\"https:\\\/\\\/comercmoble.com\\\/ca\\\/#website\",\"url\":\"https:\\\/\\\/comercmoble.com\\\/ca\\\/\",\"name\":\"Comer\u00e7 Moble\",\"description\":\"Asociaci\u00f3n de Comercios del Muebles de la Comunidad Valencia\",\"publisher\":{\"@id\":\"https:\\\/\\\/comercmoble.com\\\/ca\\\/#organization\"},\"potentialAction\":[{\"@type\":\"SearchAction\",\"target\":{\"@type\":\"EntryPoint\",\"urlTemplate\":\"https:\\\/\\\/comercmoble.com\\\/ca\\\/?s={search_term_string}\"},\"query-input\":{\"@type\":\"PropertyValueSpecification\",\"valueRequired\":true,\"valueName\":\"search_term_string\"}}],\"inLanguage\":\"va-VA\"},{\"@type\":\"Organization\",\"@id\":\"https:\\\/\\\/comercmoble.com\\\/ca\\\/#organization\",\"name\":\"ASOCIACI\u00d3N PARA LA DISTRIBUCI\u00d3N Y COMERCIO DEL H\u00c1BITAT DE LA COMUNIDAD VALENCIANA\",\"url\":\"https:\\\/\\\/comercmoble.com\\\/ca\\\/\",\"logo\":{\"@type\":\"ImageObject\",\"inLanguage\":\"va-VA\",\"@id\":\"https:\\\/\\\/comercmoble.com\\\/ca\\\/#\\\/schema\\\/logo\\\/image\\\/\",\"url\":\"https:\\\/\\\/comercmoble.com\\\/wp-content\\\/uploads\\\/2018\\\/11\\\/logo.png\",\"contentUrl\":\"https:\\\/\\\/comercmoble.com\\\/wp-content\\\/uploads\\\/2018\\\/11\\\/logo.png\",\"width\":213,\"height\":67,\"caption\":\"ASOCIACI\u00d3N PARA LA DISTRIBUCI\u00d3N Y COMERCIO DEL H\u00c1BITAT DE LA COMUNIDAD VALENCIANA\"},\"image\":{\"@id\":\"https:\\\/\\\/comercmoble.com\\\/ca\\\/#\\\/schema\\\/logo\\\/image\\\/\"}},{\"@type\":\"Person\",\"@id\":\"https:\\\/\\\/comercmoble.com\\\/ca\\\/#\\\/schema\\\/person\\\/42166a9f0f577bfa390efd898082a506\",\"name\":\"Comer\u00e7 Moble\",\"image\":{\"@type\":\"ImageObject\",\"inLanguage\":\"va-VA\",\"@id\":\"https:\\\/\\\/secure.gravatar.com\\\/avatar\\\/90ad19cb763e14b2dfd0aa43e309e93bb6e95477e668c2ae130552c4fa1c62b5?s=96&d=mm&r=g\",\"url\":\"https:\\\/\\\/secure.gravatar.com\\\/avatar\\\/90ad19cb763e14b2dfd0aa43e309e93bb6e95477e668c2ae130552c4fa1c62b5?s=96&d=mm&r=g\",\"contentUrl\":\"https:\\\/\\\/secure.gravatar.com\\\/avatar\\\/90ad19cb763e14b2dfd0aa43e309e93bb6e95477e668c2ae130552c4fa1c62b5?s=96&d=mm&r=g\",\"caption\":\"Comer\u00e7 Moble\"},\"url\":\"https:\\\/\\\/comercmoble.com\\\/ca\\\/author\\\/administrador\\\/\"}]}<\/script>\n<!-- \/ Yoast SEO plugin. -->","yoast_head_json":{"title":"Comer\u00e7 Moble propone una campa\u00f1a ciudadana para motivar las compras y el consumo de los productos de la Comunitat","description":"#ConsumeComunitat: Comer\u00e7 Moble propone una campa\u00f1a ciudadana para motivar las compras y el consumo de los productos de la Comunitat Valenciana, en nuestra Comunitat.","robots":{"index":"index","follow":"follow","max-snippet":"max-snippet:-1","max-image-preview":"max-image-preview:large","max-video-preview":"max-video-preview:-1"},"canonical":"https:\/\/comercmoble.com\/ca\/comerc-moble-propone-una-campana-ciudadana-para-motivar-las-compras-y-el-consumo-de-los-productos-de-la-comunitat\/","og_locale":"en_US","og_type":"article","og_title":"Comer\u00e7 Moble propone una campa\u00f1a ciudadana para motivar las compras y el consumo de los productos de la Comunitat","og_description":"#ConsumeComunitat: Comer\u00e7 Moble propone una campa\u00f1a ciudadana para motivar las compras y el consumo de los productos de la Comunitat Valenciana, en nuestra Comunitat.","og_url":"https:\/\/comercmoble.com\/ca\/comerc-moble-propone-una-campana-ciudadana-para-motivar-las-compras-y-el-consumo-de-los-productos-de-la-comunitat\/","og_site_name":"Comer\u00e7 Moble","article_published_time":"2020-11-11T12:34:43+00:00","article_modified_time":"2021-06-07T07:48:15+00:00","og_image":[{"width":850,"height":379,"url":"https:\/\/comercmoble.com\/wp-content\/uploads\/2020\/11\/ConsumeComunitat.png","type":"image\/png"}],"author":"Comer\u00e7 Moble","twitter_card":"summary_large_image","twitter_misc":{"Written by":"Comer\u00e7 Moble","Est. reading time":"3 minutes"},"schema":{"@context":"https:\/\/schema.org","@graph":[{"@type":"Article","@id":"https:\/\/comercmoble.com\/ca\/comerc-moble-propone-una-campana-ciudadana-para-motivar-las-compras-y-el-consumo-de-los-productos-de-la-comunitat\/#article","isPartOf":{"@id":"https:\/\/comercmoble.com\/ca\/comerc-moble-propone-una-campana-ciudadana-para-motivar-las-compras-y-el-consumo-de-los-productos-de-la-comunitat\/"},"author":{"name":"Comer\u00e7 Moble","@id":"https:\/\/comercmoble.com\/ca\/#\/schema\/person\/42166a9f0f577bfa390efd898082a506"},"headline":"Comer\u00e7 Moble propone una campa\u00f1a ciudadana para motivar las compras y el consumo de los productos de la Comunitat","datePublished":"2020-11-11T12:34:43+00:00","dateModified":"2021-06-07T07:48:15+00:00","mainEntityOfPage":{"@id":"https:\/\/comercmoble.com\/ca\/comerc-moble-propone-una-campana-ciudadana-para-motivar-las-compras-y-el-consumo-de-los-productos-de-la-comunitat\/"},"wordCount":710,"publisher":{"@id":"https:\/\/comercmoble.com\/ca\/#organization"},"image":{"@id":"https:\/\/comercmoble.com\/ca\/comerc-moble-propone-una-campana-ciudadana-para-motivar-las-compras-y-el-consumo-de-los-productos-de-la-comunitat\/#primaryimage"},"thumbnailUrl":"https:\/\/comercmoble.com\/wp-content\/uploads\/2020\/11\/ConsumeComunitat.png","articleSection":["Sense categoria"],"inLanguage":"va-VA"},{"@type":"WebPage","@id":"https:\/\/comercmoble.com\/ca\/comerc-moble-propone-una-campana-ciudadana-para-motivar-las-compras-y-el-consumo-de-los-productos-de-la-comunitat\/","url":"https:\/\/comercmoble.com\/ca\/comerc-moble-propone-una-campana-ciudadana-para-motivar-las-compras-y-el-consumo-de-los-productos-de-la-comunitat\/","name":"Comer\u00e7 Moble propone una campa\u00f1a ciudadana para motivar las compras y el consumo de los productos de la Comunitat","isPartOf":{"@id":"https:\/\/comercmoble.com\/ca\/#website"},"primaryImageOfPage":{"@id":"https:\/\/comercmoble.com\/ca\/comerc-moble-propone-una-campana-ciudadana-para-motivar-las-compras-y-el-consumo-de-los-productos-de-la-comunitat\/#primaryimage"},"image":{"@id":"https:\/\/comercmoble.com\/ca\/comerc-moble-propone-una-campana-ciudadana-para-motivar-las-compras-y-el-consumo-de-los-productos-de-la-comunitat\/#primaryimage"},"thumbnailUrl":"https:\/\/comercmoble.com\/wp-content\/uploads\/2020\/11\/ConsumeComunitat.png","datePublished":"2020-11-11T12:34:43+00:00","dateModified":"2021-06-07T07:48:15+00:00","description":"#ConsumeComunitat: Comer\u00e7 Moble propone una campa\u00f1a ciudadana para motivar las compras y el consumo de los productos de la Comunitat Valenciana, en nuestra Comunitat.","breadcrumb":{"@id":"https:\/\/comercmoble.com\/ca\/comerc-moble-propone-una-campana-ciudadana-para-motivar-las-compras-y-el-consumo-de-los-productos-de-la-comunitat\/#breadcrumb"},"inLanguage":"va-VA","potentialAction":[{"@type":"ReadAction","target":["https:\/\/comercmoble.com\/ca\/comerc-moble-propone-una-campana-ciudadana-para-motivar-las-compras-y-el-consumo-de-los-productos-de-la-comunitat\/"]}]},{"@type":"ImageObject","inLanguage":"va-VA","@id":"https:\/\/comercmoble.com\/ca\/comerc-moble-propone-una-campana-ciudadana-para-motivar-las-compras-y-el-consumo-de-los-productos-de-la-comunitat\/#primaryimage","url":"https:\/\/comercmoble.com\/wp-content\/uploads\/2020\/11\/ConsumeComunitat.png","contentUrl":"https:\/\/comercmoble.com\/wp-content\/uploads\/2020\/11\/ConsumeComunitat.png","width":850,"height":379},{"@type":"BreadcrumbList","@id":"https:\/\/comercmoble.com\/ca\/comerc-moble-propone-una-campana-ciudadana-para-motivar-las-compras-y-el-consumo-de-los-productos-de-la-comunitat\/#breadcrumb","itemListElement":[{"@type":"ListItem","position":1,"name":"Inicio","item":"https:\/\/comercmoble.com\/"},{"@type":"ListItem","position":2,"name":"Sin categorizar","item":"https:\/\/comercmoble.com\/category\/sin-categorizar\/"},{"@type":"ListItem","position":3,"name":"Comer\u00e7 Moble propone una campa\u00f1a ciudadana para motivar las compras y el consumo de los productos de la Comunitat"}]},{"@type":"WebSite","@id":"https:\/\/comercmoble.com\/ca\/#website","url":"https:\/\/comercmoble.com\/ca\/","name":"Comer\u00e7 Moble","description":"Asociaci\u00f3n de Comercios del Muebles de la Comunidad Valencia","publisher":{"@id":"https:\/\/comercmoble.com\/ca\/#organization"},"potentialAction":[{"@type":"SearchAction","target":{"@type":"EntryPoint","urlTemplate":"https:\/\/comercmoble.com\/ca\/?s={search_term_string}"},"query-input":{"@type":"PropertyValueSpecification","valueRequired":true,"valueName":"search_term_string"}}],"inLanguage":"va-VA"},{"@type":"Organization","@id":"https:\/\/comercmoble.com\/ca\/#organization","name":"ASOCIACI\u00d3N PARA LA DISTRIBUCI\u00d3N Y COMERCIO DEL H\u00c1BITAT DE LA COMUNIDAD VALENCIANA","url":"https:\/\/comercmoble.com\/ca\/","logo":{"@type":"ImageObject","inLanguage":"va-VA","@id":"https:\/\/comercmoble.com\/ca\/#\/schema\/logo\/image\/","url":"https:\/\/comercmoble.com\/wp-content\/uploads\/2018\/11\/logo.png","contentUrl":"https:\/\/comercmoble.com\/wp-content\/uploads\/2018\/11\/logo.png","width":213,"height":67,"caption":"ASOCIACI\u00d3N PARA LA DISTRIBUCI\u00d3N Y COMERCIO DEL H\u00c1BITAT DE LA COMUNIDAD VALENCIANA"},"image":{"@id":"https:\/\/comercmoble.com\/ca\/#\/schema\/logo\/image\/"}},{"@type":"Person","@id":"https:\/\/comercmoble.com\/ca\/#\/schema\/person\/42166a9f0f577bfa390efd898082a506","name":"Comer\u00e7 Moble","image":{"@type":"ImageObject","inLanguage":"va-VA","@id":"https:\/\/secure.gravatar.com\/avatar\/90ad19cb763e14b2dfd0aa43e309e93bb6e95477e668c2ae130552c4fa1c62b5?s=96&d=mm&r=g","url":"https:\/\/secure.gravatar.com\/avatar\/90ad19cb763e14b2dfd0aa43e309e93bb6e95477e668c2ae130552c4fa1c62b5?s=96&d=mm&r=g","contentUrl":"https:\/\/secure.gravatar.com\/avatar\/90ad19cb763e14b2dfd0aa43e309e93bb6e95477e668c2ae130552c4fa1c62b5?s=96&d=mm&r=g","caption":"Comer\u00e7 Moble"},"url":"https:\/\/comercmoble.com\/ca\/author\/administrador\/"}]}},"_links":{"self":[{"href":"https:\/\/comercmoble.com\/ca\/wp-json\/wp\/v2\/posts\/4601","targetHints":{"allow":["GET"]}}],"collection":[{"href":"https:\/\/comercmoble.com\/ca\/wp-json\/wp\/v2\/posts"}],"about":[{"href":"https:\/\/comercmoble.com\/ca\/wp-json\/wp\/v2\/types\/post"}],"author":[{"embeddable":true,"href":"https:\/\/comercmoble.com\/ca\/wp-json\/wp\/v2\/users\/2"}],"replies":[{"embeddable":true,"href":"https:\/\/comercmoble.com\/ca\/wp-json\/wp\/v2\/comments?post=4601"}],"version-history":[{"count":1,"href":"https:\/\/comercmoble.com\/ca\/wp-json\/wp\/v2\/posts\/4601\/revisions"}],"predecessor-version":[{"id":4603,"href":"https:\/\/comercmoble.com\/ca\/wp-json\/wp\/v2\/posts\/4601\/revisions\/4603"}],"wp:featuredmedia":[{"embeddable":true,"href":"https:\/\/comercmoble.com\/ca\/wp-json\/wp\/v2\/media\/3999"}],"wp:attachment":[{"href":"https:\/\/comercmoble.com\/ca\/wp-json\/wp\/v2\/media?parent=4601"}],"wp:term":[{"taxonomy":"category","embeddable":true,"href":"https:\/\/comercmoble.com\/ca\/wp-json\/wp\/v2\/categories?post=4601"},{"taxonomy":"post_tag","embeddable":true,"href":"https:\/\/comercmoble.com\/ca\/wp-json\/wp\/v2\/tags?post=4601"}],"curies":[{"name":"wp","href":"https:\/\/api.w.org\/{rel}","templated":true}]}}