{"id":4594,"date":"2020-12-29T12:39:23","date_gmt":"2020-12-29T11:39:23","guid":{"rendered":"https:\/\/comercmoble.com\/calendario-de-fiestas-locales-2021"},"modified":"2021-06-07T09:47:50","modified_gmt":"2021-06-07T07:47:50","slug":"calendario-de-fiestas-locales-2021","status":"publish","type":"post","link":"https:\/\/comercmoble.com\/ca\/calendario-de-fiestas-locales-2021\/","title":{"rendered":"Calendario de fiestas locales 2021"},"content":{"rendered":"<p>El d\u00eda 29 de diciembre de 2020 se ha publicado en el DOGV, la Resoluci\u00f3n del 23 de diciembre de 2020 en el que se aprueba el calendario de fiestas locales, retribuidas y no recuperables, en el \u00e1mbito de la Comunidad Valenciana para el a\u00f1o 2021.<\/p>\n<p><a href=\"http:\/\/www.dogv.gva.es\/datos\/2020\/12\/29\/pdf\/2020_11300.pdf\">http:\/\/www.dogv.gva.es\/datos\/2020\/12\/29\/pdf\/2020_11300.pdf<\/a><\/p>\n<p>&nbsp;<\/p>\n<p><img loading=\"lazy\" decoding=\"async\" class=\"alignnone size-medium wp-image-2186\" src=\"https:\/\/comercmoble.com\/wp-content\/uploads\/2021\/01\/Calendario-de-fiestas-locales-2021-300x225.jpg\" alt=\"Calendario-de-fiestas-locales\" width=\"300\" height=\"225\" srcset=\"https:\/\/comercmoble.com\/wp-content\/uploads\/2021\/01\/Calendario-de-fiestas-locales-2021-300x225.jpg 300w, https:\/\/comercmoble.com\/wp-content\/uploads\/2021\/01\/Calendario-de-fiestas-locales-2021-400x300.jpg 400w, https:\/\/comercmoble.com\/wp-content\/uploads\/2021\/01\/Calendario-de-fiestas-locales-2021-600x450.jpg 600w, https:\/\/comercmoble.com\/wp-content\/uploads\/2021\/01\/Calendario-de-fiestas-locales-2021.jpg 640w\" sizes=\"(max-width: 300px) 100vw, 300px\" \/><\/p>\n","protected":false},"excerpt":{"rendered":"<p>El d\u00eda 29 de diciembre de 2020 se ha publicado en el DOGV, la Resoluci\u00f3n del 23 de diciembre de 2020 en el que se aprueba el calendario de fiestas locales, retribuidas y no recuperables, en el \u00e1mbito de la Comunidad Valenciana para el a\u00f1o 2021.<\/p>\n<p><a...\n<\/p>\n","protected":false},"author":2,"featured_media":4000,"comment_status":"closed","ping_status":"closed","sticky":false,"template":"","format":"standard","meta":{"_et_pb_use_builder":"","_et_pb_old_content":"","_et_gb_content_width":"","footnotes":""},"categories":[256],"tags":[337],"class_list":["post-4594","post","type-post","status-publish","format-standard","has-post-thumbnail","hentry","category-sense-categoria","tag-calendario-festivos-2021-ca"],"yoast_head":"<!-- This site is optimized with the Yoast SEO plugin v27.4 - https:\/\/yoast.com\/product\/yoast-seo-wordpress\/ -->\n<title>Calendario de fiestas locales 2021 - Comer\u00e7 Moble<\/title>\n<meta name=\"description\" content=\"Calendario de fiestas locales 2021\" \/>\n<meta name=\"robots\" content=\"index, follow, max-snippet:-1, max-image-preview:large, max-video-preview:-1\" \/>\n<link rel=\"canonical\" href=\"https:\/\/comercmoble.com\/ca\/calendario-de-fiestas-locales-2021\/\" \/>\n<meta property=\"og:locale\" content=\"en_US\" \/>\n<meta property=\"og:type\" content=\"article\" \/>\n<meta property=\"og:title\" content=\"Calendario de fiestas locales 2021 - Comer\u00e7 Moble\" \/>\n<meta property=\"og:description\" content=\"Calendario de fiestas locales 2021\" \/>\n<meta property=\"og:url\" content=\"https:\/\/comercmoble.com\/ca\/calendario-de-fiestas-locales-2021\/\" \/>\n<meta property=\"og:site_name\" content=\"Comer\u00e7 Moble\" \/>\n<meta property=\"article:published_time\" content=\"2020-12-29T11:39:23+00:00\" \/>\n<meta property=\"article:modified_time\" content=\"2021-06-07T07:47:50+00:00\" \/>\n<meta property=\"og:image\" content=\"https:\/\/comercmoble.com\/wp-content\/uploads\/2021\/01\/Calendario-de-fiestas-locales-2021.jpg\" \/>\n\t<meta property=\"og:image:width\" content=\"640\" \/>\n\t<meta property=\"og:image:height\" content=\"480\" \/>\n\t<meta property=\"og:image:type\" content=\"image\/jpeg\" \/>\n<meta name=\"author\" content=\"Comer\u00e7 Moble\" \/>\n<meta name=\"twitter:card\" content=\"summary_large_image\" \/>\n<meta name=\"twitter:label1\" content=\"Written by\" \/>\n\t<meta name=\"twitter:data1\" content=\"Comer\u00e7 Moble\" \/>\n<script type=\"application\/ld+json\" class=\"yoast-schema-graph\">{\"@context\":\"https:\\\/\\\/schema.org\",\"@graph\":[{\"@type\":\"Article\",\"@id\":\"https:\\\/\\\/comercmoble.com\\\/ca\\\/calendario-de-fiestas-locales-2021\\\/#article\",\"isPartOf\":{\"@id\":\"https:\\\/\\\/comercmoble.com\\\/ca\\\/calendario-de-fiestas-locales-2021\\\/\"},\"author\":{\"name\":\"Comer\u00e7 Moble\",\"@id\":\"https:\\\/\\\/comercmoble.com\\\/ca\\\/#\\\/schema\\\/person\\\/42166a9f0f577bfa390efd898082a506\"},\"headline\":\"Calendario de fiestas locales 2021\",\"datePublished\":\"2020-12-29T11:39:23+00:00\",\"dateModified\":\"2021-06-07T07:47:50+00:00\",\"mainEntityOfPage\":{\"@id\":\"https:\\\/\\\/comercmoble.com\\\/ca\\\/calendario-de-fiestas-locales-2021\\\/\"},\"wordCount\":57,\"publisher\":{\"@id\":\"https:\\\/\\\/comercmoble.com\\\/ca\\\/#organization\"},\"image\":{\"@id\":\"https:\\\/\\\/comercmoble.com\\\/ca\\\/calendario-de-fiestas-locales-2021\\\/#primaryimage\"},\"thumbnailUrl\":\"https:\\\/\\\/comercmoble.com\\\/wp-content\\\/uploads\\\/2021\\\/01\\\/Calendario-de-fiestas-locales-2021.jpg\",\"keywords\":[\"calendario festivos 2021\"],\"articleSection\":[\"Sense categoria\"],\"inLanguage\":\"va-VA\"},{\"@type\":\"WebPage\",\"@id\":\"https:\\\/\\\/comercmoble.com\\\/ca\\\/calendario-de-fiestas-locales-2021\\\/\",\"url\":\"https:\\\/\\\/comercmoble.com\\\/ca\\\/calendario-de-fiestas-locales-2021\\\/\",\"name\":\"Calendario de fiestas locales 2021 - Comer\u00e7 Moble\",\"isPartOf\":{\"@id\":\"https:\\\/\\\/comercmoble.com\\\/ca\\\/#website\"},\"primaryImageOfPage\":{\"@id\":\"https:\\\/\\\/comercmoble.com\\\/ca\\\/calendario-de-fiestas-locales-2021\\\/#primaryimage\"},\"image\":{\"@id\":\"https:\\\/\\\/comercmoble.com\\\/ca\\\/calendario-de-fiestas-locales-2021\\\/#primaryimage\"},\"thumbnailUrl\":\"https:\\\/\\\/comercmoble.com\\\/wp-content\\\/uploads\\\/2021\\\/01\\\/Calendario-de-fiestas-locales-2021.jpg\",\"datePublished\":\"2020-12-29T11:39:23+00:00\",\"dateModified\":\"2021-06-07T07:47:50+00:00\",\"description\":\"Calendario de fiestas locales 2021\",\"breadcrumb\":{\"@id\":\"https:\\\/\\\/comercmoble.com\\\/ca\\\/calendario-de-fiestas-locales-2021\\\/#breadcrumb\"},\"inLanguage\":\"va-VA\",\"potentialAction\":[{\"@type\":\"ReadAction\",\"target\":[\"https:\\\/\\\/comercmoble.com\\\/ca\\\/calendario-de-fiestas-locales-2021\\\/\"]}]},{\"@type\":\"ImageObject\",\"inLanguage\":\"va-VA\",\"@id\":\"https:\\\/\\\/comercmoble.com\\\/ca\\\/calendario-de-fiestas-locales-2021\\\/#primaryimage\",\"url\":\"https:\\\/\\\/comercmoble.com\\\/wp-content\\\/uploads\\\/2021\\\/01\\\/Calendario-de-fiestas-locales-2021.jpg\",\"contentUrl\":\"https:\\\/\\\/comercmoble.com\\\/wp-content\\\/uploads\\\/2021\\\/01\\\/Calendario-de-fiestas-locales-2021.jpg\",\"width\":640,\"height\":480},{\"@type\":\"BreadcrumbList\",\"@id\":\"https:\\\/\\\/comercmoble.com\\\/ca\\\/calendario-de-fiestas-locales-2021\\\/#breadcrumb\",\"itemListElement\":[{\"@type\":\"ListItem\",\"position\":1,\"name\":\"Inicio\",\"item\":\"https:\\\/\\\/comercmoble.com\\\/\"},{\"@type\":\"ListItem\",\"position\":2,\"name\":\"Sin categorizar\",\"item\":\"https:\\\/\\\/comercmoble.com\\\/category\\\/sin-categorizar\\\/\"},{\"@type\":\"ListItem\",\"position\":3,\"name\":\"Calendario de fiestas locales 2021\"}]},{\"@type\":\"WebSite\",\"@id\":\"https:\\\/\\\/comercmoble.com\\\/ca\\\/#website\",\"url\":\"https:\\\/\\\/comercmoble.com\\\/ca\\\/\",\"name\":\"Comer\u00e7 Moble\",\"description\":\"Asociaci\u00f3n de Comercios del Muebles de la Comunidad Valencia\",\"publisher\":{\"@id\":\"https:\\\/\\\/comercmoble.com\\\/ca\\\/#organization\"},\"potentialAction\":[{\"@type\":\"SearchAction\",\"target\":{\"@type\":\"EntryPoint\",\"urlTemplate\":\"https:\\\/\\\/comercmoble.com\\\/ca\\\/?s={search_term_string}\"},\"query-input\":{\"@type\":\"PropertyValueSpecification\",\"valueRequired\":true,\"valueName\":\"search_term_string\"}}],\"inLanguage\":\"va-VA\"},{\"@type\":\"Organization\",\"@id\":\"https:\\\/\\\/comercmoble.com\\\/ca\\\/#organization\",\"name\":\"ASOCIACI\u00d3N PARA LA DISTRIBUCI\u00d3N Y COMERCIO DEL H\u00c1BITAT DE LA COMUNIDAD VALENCIANA\",\"url\":\"https:\\\/\\\/comercmoble.com\\\/ca\\\/\",\"logo\":{\"@type\":\"ImageObject\",\"inLanguage\":\"va-VA\",\"@id\":\"https:\\\/\\\/comercmoble.com\\\/ca\\\/#\\\/schema\\\/logo\\\/image\\\/\",\"url\":\"https:\\\/\\\/comercmoble.com\\\/wp-content\\\/uploads\\\/2018\\\/11\\\/logo.png\",\"contentUrl\":\"https:\\\/\\\/comercmoble.com\\\/wp-content\\\/uploads\\\/2018\\\/11\\\/logo.png\",\"width\":213,\"height\":67,\"caption\":\"ASOCIACI\u00d3N PARA LA DISTRIBUCI\u00d3N Y COMERCIO DEL H\u00c1BITAT DE LA COMUNIDAD VALENCIANA\"},\"image\":{\"@id\":\"https:\\\/\\\/comercmoble.com\\\/ca\\\/#\\\/schema\\\/logo\\\/image\\\/\"}},{\"@type\":\"Person\",\"@id\":\"https:\\\/\\\/comercmoble.com\\\/ca\\\/#\\\/schema\\\/person\\\/42166a9f0f577bfa390efd898082a506\",\"name\":\"Comer\u00e7 Moble\",\"image\":{\"@type\":\"ImageObject\",\"inLanguage\":\"va-VA\",\"@id\":\"https:\\\/\\\/secure.gravatar.com\\\/avatar\\\/90ad19cb763e14b2dfd0aa43e309e93bb6e95477e668c2ae130552c4fa1c62b5?s=96&d=mm&r=g\",\"url\":\"https:\\\/\\\/secure.gravatar.com\\\/avatar\\\/90ad19cb763e14b2dfd0aa43e309e93bb6e95477e668c2ae130552c4fa1c62b5?s=96&d=mm&r=g\",\"contentUrl\":\"https:\\\/\\\/secure.gravatar.com\\\/avatar\\\/90ad19cb763e14b2dfd0aa43e309e93bb6e95477e668c2ae130552c4fa1c62b5?s=96&d=mm&r=g\",\"caption\":\"Comer\u00e7 Moble\"},\"url\":\"https:\\\/\\\/comercmoble.com\\\/ca\\\/author\\\/administrador\\\/\"}]}<\/script>\n<!-- \/ Yoast SEO plugin. -->","yoast_head_json":{"title":"Calendario de fiestas locales 2021 - Comer\u00e7 Moble","description":"Calendario de fiestas locales 2021","robots":{"index":"index","follow":"follow","max-snippet":"max-snippet:-1","max-image-preview":"max-image-preview:large","max-video-preview":"max-video-preview:-1"},"canonical":"https:\/\/comercmoble.com\/ca\/calendario-de-fiestas-locales-2021\/","og_locale":"en_US","og_type":"article","og_title":"Calendario de fiestas locales 2021 - Comer\u00e7 Moble","og_description":"Calendario de fiestas locales 2021","og_url":"https:\/\/comercmoble.com\/ca\/calendario-de-fiestas-locales-2021\/","og_site_name":"Comer\u00e7 Moble","article_published_time":"2020-12-29T11:39:23+00:00","article_modified_time":"2021-06-07T07:47:50+00:00","og_image":[{"width":640,"height":480,"url":"https:\/\/comercmoble.com\/wp-content\/uploads\/2021\/01\/Calendario-de-fiestas-locales-2021.jpg","type":"image\/jpeg"}],"author":"Comer\u00e7 Moble","twitter_card":"summary_large_image","twitter_misc":{"Written by":"Comer\u00e7 Moble"},"schema":{"@context":"https:\/\/schema.org","@graph":[{"@type":"Article","@id":"https:\/\/comercmoble.com\/ca\/calendario-de-fiestas-locales-2021\/#article","isPartOf":{"@id":"https:\/\/comercmoble.com\/ca\/calendario-de-fiestas-locales-2021\/"},"author":{"name":"Comer\u00e7 Moble","@id":"https:\/\/comercmoble.com\/ca\/#\/schema\/person\/42166a9f0f577bfa390efd898082a506"},"headline":"Calendario de fiestas locales 2021","datePublished":"2020-12-29T11:39:23+00:00","dateModified":"2021-06-07T07:47:50+00:00","mainEntityOfPage":{"@id":"https:\/\/comercmoble.com\/ca\/calendario-de-fiestas-locales-2021\/"},"wordCount":57,"publisher":{"@id":"https:\/\/comercmoble.com\/ca\/#organization"},"image":{"@id":"https:\/\/comercmoble.com\/ca\/calendario-de-fiestas-locales-2021\/#primaryimage"},"thumbnailUrl":"https:\/\/comercmoble.com\/wp-content\/uploads\/2021\/01\/Calendario-de-fiestas-locales-2021.jpg","keywords":["calendario festivos 2021"],"articleSection":["Sense categoria"],"inLanguage":"va-VA"},{"@type":"WebPage","@id":"https:\/\/comercmoble.com\/ca\/calendario-de-fiestas-locales-2021\/","url":"https:\/\/comercmoble.com\/ca\/calendario-de-fiestas-locales-2021\/","name":"Calendario de fiestas locales 2021 - Comer\u00e7 Moble","isPartOf":{"@id":"https:\/\/comercmoble.com\/ca\/#website"},"primaryImageOfPage":{"@id":"https:\/\/comercmoble.com\/ca\/calendario-de-fiestas-locales-2021\/#primaryimage"},"image":{"@id":"https:\/\/comercmoble.com\/ca\/calendario-de-fiestas-locales-2021\/#primaryimage"},"thumbnailUrl":"https:\/\/comercmoble.com\/wp-content\/uploads\/2021\/01\/Calendario-de-fiestas-locales-2021.jpg","datePublished":"2020-12-29T11:39:23+00:00","dateModified":"2021-06-07T07:47:50+00:00","description":"Calendario de fiestas locales 2021","breadcrumb":{"@id":"https:\/\/comercmoble.com\/ca\/calendario-de-fiestas-locales-2021\/#breadcrumb"},"inLanguage":"va-VA","potentialAction":[{"@type":"ReadAction","target":["https:\/\/comercmoble.com\/ca\/calendario-de-fiestas-locales-2021\/"]}]},{"@type":"ImageObject","inLanguage":"va-VA","@id":"https:\/\/comercmoble.com\/ca\/calendario-de-fiestas-locales-2021\/#primaryimage","url":"https:\/\/comercmoble.com\/wp-content\/uploads\/2021\/01\/Calendario-de-fiestas-locales-2021.jpg","contentUrl":"https:\/\/comercmoble.com\/wp-content\/uploads\/2021\/01\/Calendario-de-fiestas-locales-2021.jpg","width":640,"height":480},{"@type":"BreadcrumbList","@id":"https:\/\/comercmoble.com\/ca\/calendario-de-fiestas-locales-2021\/#breadcrumb","itemListElement":[{"@type":"ListItem","position":1,"name":"Inicio","item":"https:\/\/comercmoble.com\/"},{"@type":"ListItem","position":2,"name":"Sin categorizar","item":"https:\/\/comercmoble.com\/category\/sin-categorizar\/"},{"@type":"ListItem","position":3,"name":"Calendario de fiestas locales 2021"}]},{"@type":"WebSite","@id":"https:\/\/comercmoble.com\/ca\/#website","url":"https:\/\/comercmoble.com\/ca\/","name":"Comer\u00e7 Moble","description":"Asociaci\u00f3n de Comercios del Muebles de la Comunidad Valencia","publisher":{"@id":"https:\/\/comercmoble.com\/ca\/#organization"},"potentialAction":[{"@type":"SearchAction","target":{"@type":"EntryPoint","urlTemplate":"https:\/\/comercmoble.com\/ca\/?s={search_term_string}"},"query-input":{"@type":"PropertyValueSpecification","valueRequired":true,"valueName":"search_term_string"}}],"inLanguage":"va-VA"},{"@type":"Organization","@id":"https:\/\/comercmoble.com\/ca\/#organization","name":"ASOCIACI\u00d3N PARA LA DISTRIBUCI\u00d3N Y COMERCIO DEL H\u00c1BITAT DE LA COMUNIDAD VALENCIANA","url":"https:\/\/comercmoble.com\/ca\/","logo":{"@type":"ImageObject","inLanguage":"va-VA","@id":"https:\/\/comercmoble.com\/ca\/#\/schema\/logo\/image\/","url":"https:\/\/comercmoble.com\/wp-content\/uploads\/2018\/11\/logo.png","contentUrl":"https:\/\/comercmoble.com\/wp-content\/uploads\/2018\/11\/logo.png","width":213,"height":67,"caption":"ASOCIACI\u00d3N PARA LA DISTRIBUCI\u00d3N Y COMERCIO DEL H\u00c1BITAT DE LA COMUNIDAD VALENCIANA"},"image":{"@id":"https:\/\/comercmoble.com\/ca\/#\/schema\/logo\/image\/"}},{"@type":"Person","@id":"https:\/\/comercmoble.com\/ca\/#\/schema\/person\/42166a9f0f577bfa390efd898082a506","name":"Comer\u00e7 Moble","image":{"@type":"ImageObject","inLanguage":"va-VA","@id":"https:\/\/secure.gravatar.com\/avatar\/90ad19cb763e14b2dfd0aa43e309e93bb6e95477e668c2ae130552c4fa1c62b5?s=96&d=mm&r=g","url":"https:\/\/secure.gravatar.com\/avatar\/90ad19cb763e14b2dfd0aa43e309e93bb6e95477e668c2ae130552c4fa1c62b5?s=96&d=mm&r=g","contentUrl":"https:\/\/secure.gravatar.com\/avatar\/90ad19cb763e14b2dfd0aa43e309e93bb6e95477e668c2ae130552c4fa1c62b5?s=96&d=mm&r=g","caption":"Comer\u00e7 Moble"},"url":"https:\/\/comercmoble.com\/ca\/author\/administrador\/"}]}},"_links":{"self":[{"href":"https:\/\/comercmoble.com\/ca\/wp-json\/wp\/v2\/posts\/4594","targetHints":{"allow":["GET"]}}],"collection":[{"href":"https:\/\/comercmoble.com\/ca\/wp-json\/wp\/v2\/posts"}],"about":[{"href":"https:\/\/comercmoble.com\/ca\/wp-json\/wp\/v2\/types\/post"}],"author":[{"embeddable":true,"href":"https:\/\/comercmoble.com\/ca\/wp-json\/wp\/v2\/users\/2"}],"replies":[{"embeddable":true,"href":"https:\/\/comercmoble.com\/ca\/wp-json\/wp\/v2\/comments?post=4594"}],"version-history":[{"count":1,"href":"https:\/\/comercmoble.com\/ca\/wp-json\/wp\/v2\/posts\/4594\/revisions"}],"predecessor-version":[{"id":4596,"href":"https:\/\/comercmoble.com\/ca\/wp-json\/wp\/v2\/posts\/4594\/revisions\/4596"}],"wp:featuredmedia":[{"embeddable":true,"href":"https:\/\/comercmoble.com\/ca\/wp-json\/wp\/v2\/media\/4000"}],"wp:attachment":[{"href":"https:\/\/comercmoble.com\/ca\/wp-json\/wp\/v2\/media?parent=4594"}],"wp:term":[{"taxonomy":"category","embeddable":true,"href":"https:\/\/comercmoble.com\/ca\/wp-json\/wp\/v2\/categories?post=4594"},{"taxonomy":"post_tag","embeddable":true,"href":"https:\/\/comercmoble.com\/ca\/wp-json\/wp\/v2\/tags?post=4594"}],"curies":[{"name":"wp","href":"https:\/\/api.w.org\/{rel}","templated":true}]}}