{"id":4591,"date":"2021-01-05T09:57:52","date_gmt":"2021-01-05T08:57:52","guid":{"rendered":"https:\/\/comercmoble.com\/nuevas-medidas-frente-a-covid-19-a-partir-del-7-1-2021-a-las-00-00-h"},"modified":"2021-10-06T12:17:46","modified_gmt":"2021-10-06T10:17:46","slug":"nuevas-medidas-frente-a-covid-19-a-partir-del-7-1-2021-a-las-00-00-h","status":"publish","type":"post","link":"https:\/\/comercmoble.com\/ca\/nuevas-medidas-frente-a-covid-19-a-partir-del-7-1-2021-a-las-00-00-h\/","title":{"rendered":"Noves mesures contra la COVID-19 a partir del 7-1-2021, a les 00.00h"},"content":{"rendered":"<p>En roda de premsa, el president de la Generalitat i la consellera de Sanitat han anunciat noves mesures per a fer front a la COVID-19, que entraran en vigor aquest dijous, 7 de gener, a les 00.00 hores, i estaran vigents, de moment, fins al 31 de gener.<\/p>\n<p>En breu, es publicar\u00e0 en el DOGV el decret del president amb les noves mesures. Adjuntem quadres amb les mesures que coneixem fins al moment.<\/p>\n<p>Quant al confinament perimetral dels municipis assenyalats en el quadre adjunt, s&#8217;ent\u00e9n el seg\u00fcent:<\/p>\n<p><strong>Es procedeix al confinament perimetral del municipi, es permetran \u00fanicament les entrades i les eixides d\u2019aquest per raons laborals o per activitats imprescindibles (atenci\u00f3 sanit\u00e0ria, obligacions legals i eixides de retorn al domicili d&#8217;origen).<\/strong><\/p>\n<p>Al respecte del c\u00e0lcul de l&#8217;aforament en botigues de mobles, us recordem com es realitza:<\/p>\n<p>*Metres quadrats de l&#8217;<strong>establiment comercial\/<\/strong>5=aforament de l&#8217;establiment del resultat obtingut, <strong>calculem el 30% i aquest \u00e9s l&#8217;aforament.<\/strong><\/p>\n<p>Permisos per al cas que necessiteu realitzar mesuraments o muntatges fora del vostre municipi, o en municipis confinats (sempre seguint totes les recomanacions i portant albar\u00e0 de lliurament, comanda, documentaci\u00f3 d&#8217;alta en SSSS o aut\u00f2noms, etc.):<\/p>\n<p><a href=\"https:\/\/comercmoble.com\/ca\/modelo-certificado-empresa-octubre\/\">MODEL CERTIFICAT EMPRESA<\/a><\/p>\n<p><a href=\"https:\/\/comercmoble.com\/ca\/2020_10-modelos-certificado-desplazamientos\/\">MODEL CERTIFICAT DESPLA\u00c7AMENT<\/a><\/p>\n<p>&nbsp;<\/p>\n<p><img loading=\"lazy\" decoding=\"async\" class=\"alignnone wp-image-2196 size-full\" src=\"https:\/\/comercmoble.com\/wp-content\/uploads\/2021\/01\/Nuevas-medidas-frente-a-COVID-19-_enero-2021_1.jpeg\" alt=\"\" width=\"934\" height=\"560\" srcset=\"https:\/\/comercmoble.com\/wp-content\/uploads\/2021\/01\/Nuevas-medidas-frente-a-COVID-19-_enero-2021_1.jpeg 934w, https:\/\/comercmoble.com\/wp-content\/uploads\/2021\/01\/Nuevas-medidas-frente-a-COVID-19-_enero-2021_1-300x180.jpeg 300w, https:\/\/comercmoble.com\/wp-content\/uploads\/2021\/01\/Nuevas-medidas-frente-a-COVID-19-_enero-2021_1-768x460.jpeg 768w, https:\/\/comercmoble.com\/wp-content\/uploads\/2021\/01\/Nuevas-medidas-frente-a-COVID-19-_enero-2021_1-400x240.jpeg 400w, https:\/\/comercmoble.com\/wp-content\/uploads\/2021\/01\/Nuevas-medidas-frente-a-COVID-19-_enero-2021_1-600x360.jpeg 600w\" sizes=\"(max-width: 934px) 100vw, 934px\" \/><\/p>\n<p>&nbsp;<\/p>\n<p><img loading=\"lazy\" decoding=\"async\" class=\"alignnone wp-image-2197 size-full\" src=\"https:\/\/comercmoble.com\/wp-content\/uploads\/2021\/01\/Nuevas-medidas-frente-a-COVID-19-_enero-2021_2.jpeg\" alt=\"En rueda de prensa, el President de la Generalitat y la Consellera de Sanitat han anunciado nuevas medidas para hacer frente a la COVID-19, que entrar\u00e1n en vigor este jueves 7 de enero a las 00:00 horas y estar\u00e1n vigentes, de momento, hasta el 31 de enero. 2\" width=\"906\" height=\"625\" srcset=\"https:\/\/comercmoble.com\/wp-content\/uploads\/2021\/01\/Nuevas-medidas-frente-a-COVID-19-_enero-2021_2.jpeg 906w, https:\/\/comercmoble.com\/wp-content\/uploads\/2021\/01\/Nuevas-medidas-frente-a-COVID-19-_enero-2021_2-300x207.jpeg 300w, https:\/\/comercmoble.com\/wp-content\/uploads\/2021\/01\/Nuevas-medidas-frente-a-COVID-19-_enero-2021_2-768x530.jpeg 768w, https:\/\/comercmoble.com\/wp-content\/uploads\/2021\/01\/Nuevas-medidas-frente-a-COVID-19-_enero-2021_2-400x276.jpeg 400w, https:\/\/comercmoble.com\/wp-content\/uploads\/2021\/01\/Nuevas-medidas-frente-a-COVID-19-_enero-2021_2-600x414.jpeg 600w\" sizes=\"(max-width: 906px) 100vw, 906px\" \/><\/p>\n<p>&nbsp;<\/p>\n<p>&nbsp;<\/p>\n<p>&nbsp;<\/p>\n","protected":false},"excerpt":{"rendered":"<p>En roda de premsa, el president de la Generalitat i la consellera de Sanitat han anunciat noves mesures per a fer front a la COVID-19, que entraran en vigor aquest dijous, 7 de gener, a les 00.00 hores, i estaran vigents, de moment, fins al 31 de gener. En breu, es publicar\u00e0 en el DOGV [&hellip;]<\/p>\n","protected":false},"author":2,"featured_media":4003,"comment_status":"closed","ping_status":"closed","sticky":false,"template":"","format":"standard","meta":{"_et_pb_use_builder":"","_et_pb_old_content":"","_et_gb_content_width":"","footnotes":""},"categories":[256],"tags":[334,335,336],"class_list":["post-4591","post","type-post","status-publish","format-standard","has-post-thumbnail","hentry","category-sense-categoria","tag-confinamiento-perimetral-ca","tag-medias-covid-19-enero-2021-ca","tag-nuevas-medidas-frente-a-covid-19-ca"],"yoast_head":"<!-- This site is optimized with the Yoast SEO plugin v27.4 - https:\/\/yoast.com\/product\/yoast-seo-wordpress\/ -->\n<title>Noves mesures contra la COVID-19 a partir del 7-1-2021, a les 00.00h<\/title>\n<meta name=\"description\" content=\"En roda de premsa, el president de la Generalitat i la consellera de Sanitat han anunciat noves mesures per a fer front a la COVID-19, que entraran en vigor aquest dijous, 7 de gener, a les 00.00 hores, i estaran vigents, de moment, fins al 31 de gener.\" \/>\n<meta name=\"robots\" content=\"index, follow, max-snippet:-1, max-image-preview:large, max-video-preview:-1\" \/>\n<link rel=\"canonical\" href=\"https:\/\/comercmoble.com\/ca\/nuevas-medidas-frente-a-covid-19-a-partir-del-7-1-2021-a-las-00-00-h\/\" \/>\n<meta property=\"og:locale\" content=\"en_US\" \/>\n<meta property=\"og:type\" content=\"article\" \/>\n<meta property=\"og:title\" content=\"Noves mesures contra la COVID-19 a partir del 7-1-2021, a les 00.00h\" \/>\n<meta property=\"og:description\" content=\"En roda de premsa, el president de la Generalitat i la consellera de Sanitat han anunciat noves mesures per a fer front a la COVID-19, que entraran en vigor aquest dijous, 7 de gener, a les 00.00 hores, i estaran vigents, de moment, fins al 31 de gener.\" \/>\n<meta property=\"og:url\" content=\"https:\/\/comercmoble.com\/ca\/nuevas-medidas-frente-a-covid-19-a-partir-del-7-1-2021-a-las-00-00-h\/\" \/>\n<meta property=\"og:site_name\" content=\"Comer\u00e7 Moble\" \/>\n<meta property=\"article:published_time\" content=\"2021-01-05T08:57:52+00:00\" \/>\n<meta property=\"article:modified_time\" content=\"2021-10-06T10:17:46+00:00\" \/>\n<meta property=\"og:image\" content=\"https:\/\/comercmoble.com\/wp-content\/uploads\/2021\/01\/Nuevas-medidas-frente-a-COVID-19-_enero-2021_1.jpeg\" \/>\n\t<meta property=\"og:image:width\" content=\"934\" \/>\n\t<meta property=\"og:image:height\" content=\"560\" \/>\n\t<meta property=\"og:image:type\" content=\"image\/jpeg\" \/>\n<meta name=\"author\" content=\"Comer\u00e7 Moble\" \/>\n<meta name=\"twitter:card\" content=\"summary_large_image\" \/>\n<meta name=\"twitter:label1\" content=\"Written by\" \/>\n\t<meta name=\"twitter:data1\" content=\"Comer\u00e7 Moble\" \/>\n\t<meta name=\"twitter:label2\" content=\"Est. reading time\" \/>\n\t<meta name=\"twitter:data2\" content=\"1 minute\" \/>\n<script type=\"application\/ld+json\" class=\"yoast-schema-graph\">{\"@context\":\"https:\\\/\\\/schema.org\",\"@graph\":[{\"@type\":\"Article\",\"@id\":\"https:\\\/\\\/comercmoble.com\\\/ca\\\/nuevas-medidas-frente-a-covid-19-a-partir-del-7-1-2021-a-las-00-00-h\\\/#article\",\"isPartOf\":{\"@id\":\"https:\\\/\\\/comercmoble.com\\\/ca\\\/nuevas-medidas-frente-a-covid-19-a-partir-del-7-1-2021-a-las-00-00-h\\\/\"},\"author\":{\"name\":\"Comer\u00e7 Moble\",\"@id\":\"https:\\\/\\\/comercmoble.com\\\/ca\\\/#\\\/schema\\\/person\\\/42166a9f0f577bfa390efd898082a506\"},\"headline\":\"Noves mesures contra la COVID-19 a partir del 7-1-2021, a les 00.00h\",\"datePublished\":\"2021-01-05T08:57:52+00:00\",\"dateModified\":\"2021-10-06T10:17:46+00:00\",\"mainEntityOfPage\":{\"@id\":\"https:\\\/\\\/comercmoble.com\\\/ca\\\/nuevas-medidas-frente-a-covid-19-a-partir-del-7-1-2021-a-las-00-00-h\\\/\"},\"wordCount\":224,\"publisher\":{\"@id\":\"https:\\\/\\\/comercmoble.com\\\/ca\\\/#organization\"},\"image\":{\"@id\":\"https:\\\/\\\/comercmoble.com\\\/ca\\\/nuevas-medidas-frente-a-covid-19-a-partir-del-7-1-2021-a-las-00-00-h\\\/#primaryimage\"},\"thumbnailUrl\":\"https:\\\/\\\/comercmoble.com\\\/wp-content\\\/uploads\\\/2021\\\/01\\\/Nuevas-medidas-frente-a-COVID-19-_enero-2021_1.jpeg\",\"keywords\":[\"confinamiento perimetral\",\"medias covid 19 enero 2021\",\"Nuevas medidas frente a COVID-19\"],\"articleSection\":[\"Sense categoria\"],\"inLanguage\":\"va-VA\"},{\"@type\":\"WebPage\",\"@id\":\"https:\\\/\\\/comercmoble.com\\\/ca\\\/nuevas-medidas-frente-a-covid-19-a-partir-del-7-1-2021-a-las-00-00-h\\\/\",\"url\":\"https:\\\/\\\/comercmoble.com\\\/ca\\\/nuevas-medidas-frente-a-covid-19-a-partir-del-7-1-2021-a-las-00-00-h\\\/\",\"name\":\"Noves mesures contra la COVID-19 a partir del 7-1-2021, a les 00.00h\",\"isPartOf\":{\"@id\":\"https:\\\/\\\/comercmoble.com\\\/ca\\\/#website\"},\"primaryImageOfPage\":{\"@id\":\"https:\\\/\\\/comercmoble.com\\\/ca\\\/nuevas-medidas-frente-a-covid-19-a-partir-del-7-1-2021-a-las-00-00-h\\\/#primaryimage\"},\"image\":{\"@id\":\"https:\\\/\\\/comercmoble.com\\\/ca\\\/nuevas-medidas-frente-a-covid-19-a-partir-del-7-1-2021-a-las-00-00-h\\\/#primaryimage\"},\"thumbnailUrl\":\"https:\\\/\\\/comercmoble.com\\\/wp-content\\\/uploads\\\/2021\\\/01\\\/Nuevas-medidas-frente-a-COVID-19-_enero-2021_1.jpeg\",\"datePublished\":\"2021-01-05T08:57:52+00:00\",\"dateModified\":\"2021-10-06T10:17:46+00:00\",\"description\":\"En roda de premsa, el president de la Generalitat i la consellera de Sanitat han anunciat noves mesures per a fer front a la COVID-19, que entraran en vigor aquest dijous, 7 de gener, a les 00.00 hores, i estaran vigents, de moment, fins al 31 de gener.\",\"breadcrumb\":{\"@id\":\"https:\\\/\\\/comercmoble.com\\\/ca\\\/nuevas-medidas-frente-a-covid-19-a-partir-del-7-1-2021-a-las-00-00-h\\\/#breadcrumb\"},\"inLanguage\":\"va-VA\",\"potentialAction\":[{\"@type\":\"ReadAction\",\"target\":[\"https:\\\/\\\/comercmoble.com\\\/ca\\\/nuevas-medidas-frente-a-covid-19-a-partir-del-7-1-2021-a-las-00-00-h\\\/\"]}]},{\"@type\":\"ImageObject\",\"inLanguage\":\"va-VA\",\"@id\":\"https:\\\/\\\/comercmoble.com\\\/ca\\\/nuevas-medidas-frente-a-covid-19-a-partir-del-7-1-2021-a-las-00-00-h\\\/#primaryimage\",\"url\":\"https:\\\/\\\/comercmoble.com\\\/wp-content\\\/uploads\\\/2021\\\/01\\\/Nuevas-medidas-frente-a-COVID-19-_enero-2021_1.jpeg\",\"contentUrl\":\"https:\\\/\\\/comercmoble.com\\\/wp-content\\\/uploads\\\/2021\\\/01\\\/Nuevas-medidas-frente-a-COVID-19-_enero-2021_1.jpeg\",\"width\":934,\"height\":560},{\"@type\":\"BreadcrumbList\",\"@id\":\"https:\\\/\\\/comercmoble.com\\\/ca\\\/nuevas-medidas-frente-a-covid-19-a-partir-del-7-1-2021-a-las-00-00-h\\\/#breadcrumb\",\"itemListElement\":[{\"@type\":\"ListItem\",\"position\":1,\"name\":\"Inicio\",\"item\":\"https:\\\/\\\/comercmoble.com\\\/\"},{\"@type\":\"ListItem\",\"position\":2,\"name\":\"Sin categorizar\",\"item\":\"https:\\\/\\\/comercmoble.com\\\/category\\\/sin-categorizar\\\/\"},{\"@type\":\"ListItem\",\"position\":3,\"name\":\"Noves mesures contra la COVID-19 a partir del 7-1-2021, a les 00.00h\"}]},{\"@type\":\"WebSite\",\"@id\":\"https:\\\/\\\/comercmoble.com\\\/ca\\\/#website\",\"url\":\"https:\\\/\\\/comercmoble.com\\\/ca\\\/\",\"name\":\"Comer\u00e7 Moble\",\"description\":\"Asociaci\u00f3n de Comercios del Muebles de la Comunidad Valencia\",\"publisher\":{\"@id\":\"https:\\\/\\\/comercmoble.com\\\/ca\\\/#organization\"},\"potentialAction\":[{\"@type\":\"SearchAction\",\"target\":{\"@type\":\"EntryPoint\",\"urlTemplate\":\"https:\\\/\\\/comercmoble.com\\\/ca\\\/?s={search_term_string}\"},\"query-input\":{\"@type\":\"PropertyValueSpecification\",\"valueRequired\":true,\"valueName\":\"search_term_string\"}}],\"inLanguage\":\"va-VA\"},{\"@type\":\"Organization\",\"@id\":\"https:\\\/\\\/comercmoble.com\\\/ca\\\/#organization\",\"name\":\"ASOCIACI\u00d3N PARA LA DISTRIBUCI\u00d3N Y COMERCIO DEL H\u00c1BITAT DE LA COMUNIDAD VALENCIANA\",\"url\":\"https:\\\/\\\/comercmoble.com\\\/ca\\\/\",\"logo\":{\"@type\":\"ImageObject\",\"inLanguage\":\"va-VA\",\"@id\":\"https:\\\/\\\/comercmoble.com\\\/ca\\\/#\\\/schema\\\/logo\\\/image\\\/\",\"url\":\"https:\\\/\\\/comercmoble.com\\\/wp-content\\\/uploads\\\/2018\\\/11\\\/logo.png\",\"contentUrl\":\"https:\\\/\\\/comercmoble.com\\\/wp-content\\\/uploads\\\/2018\\\/11\\\/logo.png\",\"width\":213,\"height\":67,\"caption\":\"ASOCIACI\u00d3N PARA LA DISTRIBUCI\u00d3N Y COMERCIO DEL H\u00c1BITAT DE LA COMUNIDAD VALENCIANA\"},\"image\":{\"@id\":\"https:\\\/\\\/comercmoble.com\\\/ca\\\/#\\\/schema\\\/logo\\\/image\\\/\"}},{\"@type\":\"Person\",\"@id\":\"https:\\\/\\\/comercmoble.com\\\/ca\\\/#\\\/schema\\\/person\\\/42166a9f0f577bfa390efd898082a506\",\"name\":\"Comer\u00e7 Moble\",\"image\":{\"@type\":\"ImageObject\",\"inLanguage\":\"va-VA\",\"@id\":\"https:\\\/\\\/secure.gravatar.com\\\/avatar\\\/90ad19cb763e14b2dfd0aa43e309e93bb6e95477e668c2ae130552c4fa1c62b5?s=96&d=mm&r=g\",\"url\":\"https:\\\/\\\/secure.gravatar.com\\\/avatar\\\/90ad19cb763e14b2dfd0aa43e309e93bb6e95477e668c2ae130552c4fa1c62b5?s=96&d=mm&r=g\",\"contentUrl\":\"https:\\\/\\\/secure.gravatar.com\\\/avatar\\\/90ad19cb763e14b2dfd0aa43e309e93bb6e95477e668c2ae130552c4fa1c62b5?s=96&d=mm&r=g\",\"caption\":\"Comer\u00e7 Moble\"},\"url\":\"https:\\\/\\\/comercmoble.com\\\/ca\\\/author\\\/administrador\\\/\"}]}<\/script>\n<!-- \/ Yoast SEO plugin. -->","yoast_head_json":{"title":"Noves mesures contra la COVID-19 a partir del 7-1-2021, a les 00.00h","description":"En roda de premsa, el president de la Generalitat i la consellera de Sanitat han anunciat noves mesures per a fer front a la COVID-19, que entraran en vigor aquest dijous, 7 de gener, a les 00.00 hores, i estaran vigents, de moment, fins al 31 de gener.","robots":{"index":"index","follow":"follow","max-snippet":"max-snippet:-1","max-image-preview":"max-image-preview:large","max-video-preview":"max-video-preview:-1"},"canonical":"https:\/\/comercmoble.com\/ca\/nuevas-medidas-frente-a-covid-19-a-partir-del-7-1-2021-a-las-00-00-h\/","og_locale":"en_US","og_type":"article","og_title":"Noves mesures contra la COVID-19 a partir del 7-1-2021, a les 00.00h","og_description":"En roda de premsa, el president de la Generalitat i la consellera de Sanitat han anunciat noves mesures per a fer front a la COVID-19, que entraran en vigor aquest dijous, 7 de gener, a les 00.00 hores, i estaran vigents, de moment, fins al 31 de gener.","og_url":"https:\/\/comercmoble.com\/ca\/nuevas-medidas-frente-a-covid-19-a-partir-del-7-1-2021-a-las-00-00-h\/","og_site_name":"Comer\u00e7 Moble","article_published_time":"2021-01-05T08:57:52+00:00","article_modified_time":"2021-10-06T10:17:46+00:00","og_image":[{"width":934,"height":560,"url":"https:\/\/comercmoble.com\/wp-content\/uploads\/2021\/01\/Nuevas-medidas-frente-a-COVID-19-_enero-2021_1.jpeg","type":"image\/jpeg"}],"author":"Comer\u00e7 Moble","twitter_card":"summary_large_image","twitter_misc":{"Written by":"Comer\u00e7 Moble","Est. reading time":"1 minute"},"schema":{"@context":"https:\/\/schema.org","@graph":[{"@type":"Article","@id":"https:\/\/comercmoble.com\/ca\/nuevas-medidas-frente-a-covid-19-a-partir-del-7-1-2021-a-las-00-00-h\/#article","isPartOf":{"@id":"https:\/\/comercmoble.com\/ca\/nuevas-medidas-frente-a-covid-19-a-partir-del-7-1-2021-a-las-00-00-h\/"},"author":{"name":"Comer\u00e7 Moble","@id":"https:\/\/comercmoble.com\/ca\/#\/schema\/person\/42166a9f0f577bfa390efd898082a506"},"headline":"Noves mesures contra la COVID-19 a partir del 7-1-2021, a les 00.00h","datePublished":"2021-01-05T08:57:52+00:00","dateModified":"2021-10-06T10:17:46+00:00","mainEntityOfPage":{"@id":"https:\/\/comercmoble.com\/ca\/nuevas-medidas-frente-a-covid-19-a-partir-del-7-1-2021-a-las-00-00-h\/"},"wordCount":224,"publisher":{"@id":"https:\/\/comercmoble.com\/ca\/#organization"},"image":{"@id":"https:\/\/comercmoble.com\/ca\/nuevas-medidas-frente-a-covid-19-a-partir-del-7-1-2021-a-las-00-00-h\/#primaryimage"},"thumbnailUrl":"https:\/\/comercmoble.com\/wp-content\/uploads\/2021\/01\/Nuevas-medidas-frente-a-COVID-19-_enero-2021_1.jpeg","keywords":["confinamiento perimetral","medias covid 19 enero 2021","Nuevas medidas frente a COVID-19"],"articleSection":["Sense categoria"],"inLanguage":"va-VA"},{"@type":"WebPage","@id":"https:\/\/comercmoble.com\/ca\/nuevas-medidas-frente-a-covid-19-a-partir-del-7-1-2021-a-las-00-00-h\/","url":"https:\/\/comercmoble.com\/ca\/nuevas-medidas-frente-a-covid-19-a-partir-del-7-1-2021-a-las-00-00-h\/","name":"Noves mesures contra la COVID-19 a partir del 7-1-2021, a les 00.00h","isPartOf":{"@id":"https:\/\/comercmoble.com\/ca\/#website"},"primaryImageOfPage":{"@id":"https:\/\/comercmoble.com\/ca\/nuevas-medidas-frente-a-covid-19-a-partir-del-7-1-2021-a-las-00-00-h\/#primaryimage"},"image":{"@id":"https:\/\/comercmoble.com\/ca\/nuevas-medidas-frente-a-covid-19-a-partir-del-7-1-2021-a-las-00-00-h\/#primaryimage"},"thumbnailUrl":"https:\/\/comercmoble.com\/wp-content\/uploads\/2021\/01\/Nuevas-medidas-frente-a-COVID-19-_enero-2021_1.jpeg","datePublished":"2021-01-05T08:57:52+00:00","dateModified":"2021-10-06T10:17:46+00:00","description":"En roda de premsa, el president de la Generalitat i la consellera de Sanitat han anunciat noves mesures per a fer front a la COVID-19, que entraran en vigor aquest dijous, 7 de gener, a les 00.00 hores, i estaran vigents, de moment, fins al 31 de gener.","breadcrumb":{"@id":"https:\/\/comercmoble.com\/ca\/nuevas-medidas-frente-a-covid-19-a-partir-del-7-1-2021-a-las-00-00-h\/#breadcrumb"},"inLanguage":"va-VA","potentialAction":[{"@type":"ReadAction","target":["https:\/\/comercmoble.com\/ca\/nuevas-medidas-frente-a-covid-19-a-partir-del-7-1-2021-a-las-00-00-h\/"]}]},{"@type":"ImageObject","inLanguage":"va-VA","@id":"https:\/\/comercmoble.com\/ca\/nuevas-medidas-frente-a-covid-19-a-partir-del-7-1-2021-a-las-00-00-h\/#primaryimage","url":"https:\/\/comercmoble.com\/wp-content\/uploads\/2021\/01\/Nuevas-medidas-frente-a-COVID-19-_enero-2021_1.jpeg","contentUrl":"https:\/\/comercmoble.com\/wp-content\/uploads\/2021\/01\/Nuevas-medidas-frente-a-COVID-19-_enero-2021_1.jpeg","width":934,"height":560},{"@type":"BreadcrumbList","@id":"https:\/\/comercmoble.com\/ca\/nuevas-medidas-frente-a-covid-19-a-partir-del-7-1-2021-a-las-00-00-h\/#breadcrumb","itemListElement":[{"@type":"ListItem","position":1,"name":"Inicio","item":"https:\/\/comercmoble.com\/"},{"@type":"ListItem","position":2,"name":"Sin categorizar","item":"https:\/\/comercmoble.com\/category\/sin-categorizar\/"},{"@type":"ListItem","position":3,"name":"Noves mesures contra la COVID-19 a partir del 7-1-2021, a les 00.00h"}]},{"@type":"WebSite","@id":"https:\/\/comercmoble.com\/ca\/#website","url":"https:\/\/comercmoble.com\/ca\/","name":"Comer\u00e7 Moble","description":"Asociaci\u00f3n de Comercios del Muebles de la Comunidad Valencia","publisher":{"@id":"https:\/\/comercmoble.com\/ca\/#organization"},"potentialAction":[{"@type":"SearchAction","target":{"@type":"EntryPoint","urlTemplate":"https:\/\/comercmoble.com\/ca\/?s={search_term_string}"},"query-input":{"@type":"PropertyValueSpecification","valueRequired":true,"valueName":"search_term_string"}}],"inLanguage":"va-VA"},{"@type":"Organization","@id":"https:\/\/comercmoble.com\/ca\/#organization","name":"ASOCIACI\u00d3N PARA LA DISTRIBUCI\u00d3N Y COMERCIO DEL H\u00c1BITAT DE LA COMUNIDAD VALENCIANA","url":"https:\/\/comercmoble.com\/ca\/","logo":{"@type":"ImageObject","inLanguage":"va-VA","@id":"https:\/\/comercmoble.com\/ca\/#\/schema\/logo\/image\/","url":"https:\/\/comercmoble.com\/wp-content\/uploads\/2018\/11\/logo.png","contentUrl":"https:\/\/comercmoble.com\/wp-content\/uploads\/2018\/11\/logo.png","width":213,"height":67,"caption":"ASOCIACI\u00d3N PARA LA DISTRIBUCI\u00d3N Y COMERCIO DEL H\u00c1BITAT DE LA COMUNIDAD VALENCIANA"},"image":{"@id":"https:\/\/comercmoble.com\/ca\/#\/schema\/logo\/image\/"}},{"@type":"Person","@id":"https:\/\/comercmoble.com\/ca\/#\/schema\/person\/42166a9f0f577bfa390efd898082a506","name":"Comer\u00e7 Moble","image":{"@type":"ImageObject","inLanguage":"va-VA","@id":"https:\/\/secure.gravatar.com\/avatar\/90ad19cb763e14b2dfd0aa43e309e93bb6e95477e668c2ae130552c4fa1c62b5?s=96&d=mm&r=g","url":"https:\/\/secure.gravatar.com\/avatar\/90ad19cb763e14b2dfd0aa43e309e93bb6e95477e668c2ae130552c4fa1c62b5?s=96&d=mm&r=g","contentUrl":"https:\/\/secure.gravatar.com\/avatar\/90ad19cb763e14b2dfd0aa43e309e93bb6e95477e668c2ae130552c4fa1c62b5?s=96&d=mm&r=g","caption":"Comer\u00e7 Moble"},"url":"https:\/\/comercmoble.com\/ca\/author\/administrador\/"}]}},"_links":{"self":[{"href":"https:\/\/comercmoble.com\/ca\/wp-json\/wp\/v2\/posts\/4591","targetHints":{"allow":["GET"]}}],"collection":[{"href":"https:\/\/comercmoble.com\/ca\/wp-json\/wp\/v2\/posts"}],"about":[{"href":"https:\/\/comercmoble.com\/ca\/wp-json\/wp\/v2\/types\/post"}],"author":[{"embeddable":true,"href":"https:\/\/comercmoble.com\/ca\/wp-json\/wp\/v2\/users\/2"}],"replies":[{"embeddable":true,"href":"https:\/\/comercmoble.com\/ca\/wp-json\/wp\/v2\/comments?post=4591"}],"version-history":[{"count":2,"href":"https:\/\/comercmoble.com\/ca\/wp-json\/wp\/v2\/posts\/4591\/revisions"}],"predecessor-version":[{"id":7151,"href":"https:\/\/comercmoble.com\/ca\/wp-json\/wp\/v2\/posts\/4591\/revisions\/7151"}],"wp:featuredmedia":[{"embeddable":true,"href":"https:\/\/comercmoble.com\/ca\/wp-json\/wp\/v2\/media\/4003"}],"wp:attachment":[{"href":"https:\/\/comercmoble.com\/ca\/wp-json\/wp\/v2\/media?parent=4591"}],"wp:term":[{"taxonomy":"category","embeddable":true,"href":"https:\/\/comercmoble.com\/ca\/wp-json\/wp\/v2\/categories?post=4591"},{"taxonomy":"post_tag","embeddable":true,"href":"https:\/\/comercmoble.com\/ca\/wp-json\/wp\/v2\/tags?post=4591"}],"curies":[{"name":"wp","href":"https:\/\/api.w.org\/{rel}","templated":true}]}}