{"id":4588,"date":"2021-01-20T10:30:19","date_gmt":"2021-01-20T09:30:19","guid":{"rendered":"https:\/\/comercmoble.com\/nuevas-restricciones-cierre-del-comercio-a-las-18-horas"},"modified":"2021-10-06T12:15:41","modified_gmt":"2021-10-06T10:15:41","slug":"nuevas-restricciones-cierre-del-comercio-a-las-18-horas","status":"publish","type":"post","link":"https:\/\/comercmoble.com\/ca\/nuevas-restricciones-cierre-del-comercio-a-las-18-horas\/","title":{"rendered":"NOVES RESTRICCIONS: tancament del comer\u00e7 a les 18 hores i clausura total de l&#8217;hostaleria a la C. Valenciana."},"content":{"rendered":"<p>El comercio tendr\u00e1 que cerrar a las 18 horas y s\u00f3lo se permitir\u00e1 la recogida de comida en local o la entrega a domicilio<\/p>\n<p>El Consell ha acordat noves restriccions que afecten el comer\u00e7 i l&#8217;hostaleria per a frenar l&#8217;augment de contagis per Covid-19 a conseq\u00fc\u00e8ncia del que el president de la Generalitat, Ximo Puig ha denominat aquesta vesprada una \u201cintensificaci\u00f3 de la pand\u00e8mia\u201d a la Comunitat Valenciana.<\/p>\n<p>En la seua compareixen\u00e7a p\u00fablica, despr\u00e9s de la reuni\u00f3 de la Mesa Interdepartamental per a la Prevenci\u00f3 i Actuaci\u00f3 davant la COVID-19, el cap del Consell ha anunciat algunes de les noves mesures que entraran en vigor a les 00.00 hores d&#8217;aquest dijous, 21 de gener. <a href=\"https:\/\/comercmoble.com\/wp-content\/uploads\/2021\/01\/resoluci%C3%B3n-conselleria-de-sanidad-a-consecuencia-del-COVID-dogv-2021_530-del-19_1_2021.pdf\"><strong>VEURE Resoluci\u00f3 Conselleria de Sanitat a conseq\u00fc\u00e8ncia de la COVID- dogv 2021\/530 del 19\/1\/2021.<\/strong><\/a><\/p>\n<p>Destaquen:<br \/>\n\u2022 Tancament del comer\u00e7 a les 18.00 hores (excepte alimentaci\u00f3, farm\u00e0cies i serveis essencials).<br \/>\n\u2022 Tancament total de l&#8217;hostaleria (es permet la recollida al local i el servei a domicili).<br \/>\n\u2022 Tancament d&#8217;instal\u00b7lacions esportives i sales de jocs, bingos, etc.<br \/>\n\u2022 Finalitza el tancament perimetral de 29 municipis afectats pel decret del passat 5 de gener, tot i que es mant\u00e9 el tancament perimetral de la C. Valenciana.<br \/>\n\u2022 Toc de queda a les 22 hores (se sol\u00b7licitar\u00e0 al Govern central avan\u00e7ar el toc de queda a les 20 hores).<br \/>\nAquestes mesures es mantindran durant dues setmanes i conviuran amb les que estan en vigor des del passat 7 de gener:<br \/>\n\u2022 Aforament m\u00e0xim comer\u00e7os essencials: 50%.<br \/>\n\u2022 Aforament m\u00e0xim comer\u00e7os no essencials: 30%.<\/p>\n","protected":false},"excerpt":{"rendered":"<p>El comer\u00e7 haur\u00e0 de tancar a les 18 hores i nom\u00e9s es permetr\u00e0 la recollida de menjar en local o el lliurament a domicili<\/p>\n<p>El Consell ha acordat noves restriccions que afecten el comer\u00e7 i a l&#8217;hostaleria per a frenar l&#8217;augment de contagis per&#8230;<\/p>\n","protected":false},"author":2,"featured_media":4008,"comment_status":"closed","ping_status":"closed","sticky":false,"template":"","format":"standard","meta":{"_et_pb_use_builder":"","_et_pb_old_content":"","_et_gb_content_width":"","footnotes":""},"categories":[256],"tags":[331,332,333],"class_list":["post-4588","post","type-post","status-publish","format-standard","has-post-thumbnail","hentry","category-sense-categoria","tag-cierre-del-comercio-a-las-18-horas-ca","tag-clausura-total-de-la-hosteleria-ca","tag-nuevas-restricciones-ca"],"yoast_head":"<!-- This site is optimized with the Yoast SEO plugin v27.4 - https:\/\/yoast.com\/product\/yoast-seo-wordpress\/ -->\n<title>NOVES RESTRICCIONS: tancament del comer\u00e7 a les 18 hores i clausura total de l&#039;hostaleria a la C. Valenciana. - Comer\u00e7 Moble<\/title>\n<meta name=\"description\" content=\"El comer\u00e7 haur\u00e0 de tancar a les 18 hores i sols es permetr\u00e0 la recollida de menjar al local o el lliurament a domicili.\" \/>\n<meta name=\"robots\" content=\"index, follow, max-snippet:-1, max-image-preview:large, max-video-preview:-1\" \/>\n<link rel=\"canonical\" href=\"https:\/\/comercmoble.com\/ca\/nuevas-restricciones-cierre-del-comercio-a-las-18-horas\/\" \/>\n<meta property=\"og:locale\" content=\"en_US\" \/>\n<meta property=\"og:type\" content=\"article\" \/>\n<meta property=\"og:title\" content=\"NOVES RESTRICCIONS: tancament del comer\u00e7 a les 18 hores i clausura total de l&#039;hostaleria a la C. Valenciana. - Comer\u00e7 Moble\" \/>\n<meta property=\"og:description\" content=\"El comer\u00e7 haur\u00e0 de tancar a les 18 hores i sols es permetr\u00e0 la recollida de menjar al local o el lliurament a domicili.\" \/>\n<meta property=\"og:url\" content=\"https:\/\/comercmoble.com\/ca\/nuevas-restricciones-cierre-del-comercio-a-las-18-horas\/\" \/>\n<meta property=\"og:site_name\" content=\"Comer\u00e7 Moble\" \/>\n<meta property=\"article:published_time\" content=\"2021-01-20T09:30:19+00:00\" \/>\n<meta property=\"article:modified_time\" content=\"2021-10-06T10:15:41+00:00\" \/>\n<meta property=\"og:image\" content=\"https:\/\/comercmoble.com\/wp-content\/uploads\/2021\/01\/Cierre-del-comercio-a-las-18-horas.png\" \/>\n\t<meta property=\"og:image:width\" content=\"1080\" \/>\n\t<meta property=\"og:image:height\" content=\"1080\" \/>\n\t<meta property=\"og:image:type\" content=\"image\/png\" \/>\n<meta name=\"author\" content=\"Comer\u00e7 Moble\" \/>\n<meta name=\"twitter:card\" content=\"summary_large_image\" \/>\n<meta name=\"twitter:label1\" content=\"Written by\" \/>\n\t<meta name=\"twitter:data1\" content=\"Comer\u00e7 Moble\" \/>\n\t<meta name=\"twitter:label2\" content=\"Est. reading time\" \/>\n\t<meta name=\"twitter:data2\" content=\"1 minute\" \/>\n<script type=\"application\/ld+json\" class=\"yoast-schema-graph\">{\"@context\":\"https:\\\/\\\/schema.org\",\"@graph\":[{\"@type\":\"Article\",\"@id\":\"https:\\\/\\\/comercmoble.com\\\/ca\\\/nuevas-restricciones-cierre-del-comercio-a-las-18-horas\\\/#article\",\"isPartOf\":{\"@id\":\"https:\\\/\\\/comercmoble.com\\\/ca\\\/nuevas-restricciones-cierre-del-comercio-a-las-18-horas\\\/\"},\"author\":{\"name\":\"Comer\u00e7 Moble\",\"@id\":\"https:\\\/\\\/comercmoble.com\\\/ca\\\/#\\\/schema\\\/person\\\/42166a9f0f577bfa390efd898082a506\"},\"headline\":\"NOVES RESTRICCIONS: tancament del comer\u00e7 a les 18 hores i clausura total de l&#8217;hostaleria a la C. Valenciana.\",\"datePublished\":\"2021-01-20T09:30:19+00:00\",\"dateModified\":\"2021-10-06T10:15:41+00:00\",\"mainEntityOfPage\":{\"@id\":\"https:\\\/\\\/comercmoble.com\\\/ca\\\/nuevas-restricciones-cierre-del-comercio-a-las-18-horas\\\/\"},\"wordCount\":271,\"publisher\":{\"@id\":\"https:\\\/\\\/comercmoble.com\\\/ca\\\/#organization\"},\"image\":{\"@id\":\"https:\\\/\\\/comercmoble.com\\\/ca\\\/nuevas-restricciones-cierre-del-comercio-a-las-18-horas\\\/#primaryimage\"},\"thumbnailUrl\":\"https:\\\/\\\/comercmoble.com\\\/wp-content\\\/uploads\\\/2021\\\/01\\\/Cierre-del-comercio-a-las-18-horas.png\",\"keywords\":[\"Cierre del comercio a las 18 horas\",\"clausura total de la hosteler\u00eda\",\"NUEVAS RESTRICCIONES\"],\"articleSection\":[\"Sense categoria\"],\"inLanguage\":\"va-VA\"},{\"@type\":\"WebPage\",\"@id\":\"https:\\\/\\\/comercmoble.com\\\/ca\\\/nuevas-restricciones-cierre-del-comercio-a-las-18-horas\\\/\",\"url\":\"https:\\\/\\\/comercmoble.com\\\/ca\\\/nuevas-restricciones-cierre-del-comercio-a-las-18-horas\\\/\",\"name\":\"NOVES RESTRICCIONS: tancament del comer\u00e7 a les 18 hores i clausura total de l'hostaleria a la C. Valenciana. - Comer\u00e7 Moble\",\"isPartOf\":{\"@id\":\"https:\\\/\\\/comercmoble.com\\\/ca\\\/#website\"},\"primaryImageOfPage\":{\"@id\":\"https:\\\/\\\/comercmoble.com\\\/ca\\\/nuevas-restricciones-cierre-del-comercio-a-las-18-horas\\\/#primaryimage\"},\"image\":{\"@id\":\"https:\\\/\\\/comercmoble.com\\\/ca\\\/nuevas-restricciones-cierre-del-comercio-a-las-18-horas\\\/#primaryimage\"},\"thumbnailUrl\":\"https:\\\/\\\/comercmoble.com\\\/wp-content\\\/uploads\\\/2021\\\/01\\\/Cierre-del-comercio-a-las-18-horas.png\",\"datePublished\":\"2021-01-20T09:30:19+00:00\",\"dateModified\":\"2021-10-06T10:15:41+00:00\",\"description\":\"El comer\u00e7 haur\u00e0 de tancar a les 18 hores i sols es permetr\u00e0 la recollida de menjar al local o el lliurament a domicili.\",\"breadcrumb\":{\"@id\":\"https:\\\/\\\/comercmoble.com\\\/ca\\\/nuevas-restricciones-cierre-del-comercio-a-las-18-horas\\\/#breadcrumb\"},\"inLanguage\":\"va-VA\",\"potentialAction\":[{\"@type\":\"ReadAction\",\"target\":[\"https:\\\/\\\/comercmoble.com\\\/ca\\\/nuevas-restricciones-cierre-del-comercio-a-las-18-horas\\\/\"]}]},{\"@type\":\"ImageObject\",\"inLanguage\":\"va-VA\",\"@id\":\"https:\\\/\\\/comercmoble.com\\\/ca\\\/nuevas-restricciones-cierre-del-comercio-a-las-18-horas\\\/#primaryimage\",\"url\":\"https:\\\/\\\/comercmoble.com\\\/wp-content\\\/uploads\\\/2021\\\/01\\\/Cierre-del-comercio-a-las-18-horas.png\",\"contentUrl\":\"https:\\\/\\\/comercmoble.com\\\/wp-content\\\/uploads\\\/2021\\\/01\\\/Cierre-del-comercio-a-las-18-horas.png\",\"width\":1080,\"height\":1080},{\"@type\":\"BreadcrumbList\",\"@id\":\"https:\\\/\\\/comercmoble.com\\\/ca\\\/nuevas-restricciones-cierre-del-comercio-a-las-18-horas\\\/#breadcrumb\",\"itemListElement\":[{\"@type\":\"ListItem\",\"position\":1,\"name\":\"Inicio\",\"item\":\"https:\\\/\\\/comercmoble.com\\\/\"},{\"@type\":\"ListItem\",\"position\":2,\"name\":\"Sin categorizar\",\"item\":\"https:\\\/\\\/comercmoble.com\\\/category\\\/sin-categorizar\\\/\"},{\"@type\":\"ListItem\",\"position\":3,\"name\":\"NOVES RESTRICCIONS: tancament del comer\u00e7 a les 18 hores i clausura total de l&#8217;hostaleria a la C. Valenciana.\"}]},{\"@type\":\"WebSite\",\"@id\":\"https:\\\/\\\/comercmoble.com\\\/ca\\\/#website\",\"url\":\"https:\\\/\\\/comercmoble.com\\\/ca\\\/\",\"name\":\"Comer\u00e7 Moble\",\"description\":\"Asociaci\u00f3n de Comercios del Muebles de la Comunidad Valencia\",\"publisher\":{\"@id\":\"https:\\\/\\\/comercmoble.com\\\/ca\\\/#organization\"},\"potentialAction\":[{\"@type\":\"SearchAction\",\"target\":{\"@type\":\"EntryPoint\",\"urlTemplate\":\"https:\\\/\\\/comercmoble.com\\\/ca\\\/?s={search_term_string}\"},\"query-input\":{\"@type\":\"PropertyValueSpecification\",\"valueRequired\":true,\"valueName\":\"search_term_string\"}}],\"inLanguage\":\"va-VA\"},{\"@type\":\"Organization\",\"@id\":\"https:\\\/\\\/comercmoble.com\\\/ca\\\/#organization\",\"name\":\"ASOCIACI\u00d3N PARA LA DISTRIBUCI\u00d3N Y COMERCIO DEL H\u00c1BITAT DE LA COMUNIDAD VALENCIANA\",\"url\":\"https:\\\/\\\/comercmoble.com\\\/ca\\\/\",\"logo\":{\"@type\":\"ImageObject\",\"inLanguage\":\"va-VA\",\"@id\":\"https:\\\/\\\/comercmoble.com\\\/ca\\\/#\\\/schema\\\/logo\\\/image\\\/\",\"url\":\"https:\\\/\\\/comercmoble.com\\\/wp-content\\\/uploads\\\/2018\\\/11\\\/logo.png\",\"contentUrl\":\"https:\\\/\\\/comercmoble.com\\\/wp-content\\\/uploads\\\/2018\\\/11\\\/logo.png\",\"width\":213,\"height\":67,\"caption\":\"ASOCIACI\u00d3N PARA LA DISTRIBUCI\u00d3N Y COMERCIO DEL H\u00c1BITAT DE LA COMUNIDAD VALENCIANA\"},\"image\":{\"@id\":\"https:\\\/\\\/comercmoble.com\\\/ca\\\/#\\\/schema\\\/logo\\\/image\\\/\"}},{\"@type\":\"Person\",\"@id\":\"https:\\\/\\\/comercmoble.com\\\/ca\\\/#\\\/schema\\\/person\\\/42166a9f0f577bfa390efd898082a506\",\"name\":\"Comer\u00e7 Moble\",\"image\":{\"@type\":\"ImageObject\",\"inLanguage\":\"va-VA\",\"@id\":\"https:\\\/\\\/secure.gravatar.com\\\/avatar\\\/90ad19cb763e14b2dfd0aa43e309e93bb6e95477e668c2ae130552c4fa1c62b5?s=96&d=mm&r=g\",\"url\":\"https:\\\/\\\/secure.gravatar.com\\\/avatar\\\/90ad19cb763e14b2dfd0aa43e309e93bb6e95477e668c2ae130552c4fa1c62b5?s=96&d=mm&r=g\",\"contentUrl\":\"https:\\\/\\\/secure.gravatar.com\\\/avatar\\\/90ad19cb763e14b2dfd0aa43e309e93bb6e95477e668c2ae130552c4fa1c62b5?s=96&d=mm&r=g\",\"caption\":\"Comer\u00e7 Moble\"},\"url\":\"https:\\\/\\\/comercmoble.com\\\/ca\\\/author\\\/administrador\\\/\"}]}<\/script>\n<!-- \/ Yoast SEO plugin. -->","yoast_head_json":{"title":"NOVES RESTRICCIONS: tancament del comer\u00e7 a les 18 hores i clausura total de l'hostaleria a la C. Valenciana. - Comer\u00e7 Moble","description":"El comer\u00e7 haur\u00e0 de tancar a les 18 hores i sols es permetr\u00e0 la recollida de menjar al local o el lliurament a domicili.","robots":{"index":"index","follow":"follow","max-snippet":"max-snippet:-1","max-image-preview":"max-image-preview:large","max-video-preview":"max-video-preview:-1"},"canonical":"https:\/\/comercmoble.com\/ca\/nuevas-restricciones-cierre-del-comercio-a-las-18-horas\/","og_locale":"en_US","og_type":"article","og_title":"NOVES RESTRICCIONS: tancament del comer\u00e7 a les 18 hores i clausura total de l'hostaleria a la C. Valenciana. - Comer\u00e7 Moble","og_description":"El comer\u00e7 haur\u00e0 de tancar a les 18 hores i sols es permetr\u00e0 la recollida de menjar al local o el lliurament a domicili.","og_url":"https:\/\/comercmoble.com\/ca\/nuevas-restricciones-cierre-del-comercio-a-las-18-horas\/","og_site_name":"Comer\u00e7 Moble","article_published_time":"2021-01-20T09:30:19+00:00","article_modified_time":"2021-10-06T10:15:41+00:00","og_image":[{"width":1080,"height":1080,"url":"https:\/\/comercmoble.com\/wp-content\/uploads\/2021\/01\/Cierre-del-comercio-a-las-18-horas.png","type":"image\/png"}],"author":"Comer\u00e7 Moble","twitter_card":"summary_large_image","twitter_misc":{"Written by":"Comer\u00e7 Moble","Est. reading time":"1 minute"},"schema":{"@context":"https:\/\/schema.org","@graph":[{"@type":"Article","@id":"https:\/\/comercmoble.com\/ca\/nuevas-restricciones-cierre-del-comercio-a-las-18-horas\/#article","isPartOf":{"@id":"https:\/\/comercmoble.com\/ca\/nuevas-restricciones-cierre-del-comercio-a-las-18-horas\/"},"author":{"name":"Comer\u00e7 Moble","@id":"https:\/\/comercmoble.com\/ca\/#\/schema\/person\/42166a9f0f577bfa390efd898082a506"},"headline":"NOVES RESTRICCIONS: tancament del comer\u00e7 a les 18 hores i clausura total de l&#8217;hostaleria a la C. Valenciana.","datePublished":"2021-01-20T09:30:19+00:00","dateModified":"2021-10-06T10:15:41+00:00","mainEntityOfPage":{"@id":"https:\/\/comercmoble.com\/ca\/nuevas-restricciones-cierre-del-comercio-a-las-18-horas\/"},"wordCount":271,"publisher":{"@id":"https:\/\/comercmoble.com\/ca\/#organization"},"image":{"@id":"https:\/\/comercmoble.com\/ca\/nuevas-restricciones-cierre-del-comercio-a-las-18-horas\/#primaryimage"},"thumbnailUrl":"https:\/\/comercmoble.com\/wp-content\/uploads\/2021\/01\/Cierre-del-comercio-a-las-18-horas.png","keywords":["Cierre del comercio a las 18 horas","clausura total de la hosteler\u00eda","NUEVAS RESTRICCIONES"],"articleSection":["Sense categoria"],"inLanguage":"va-VA"},{"@type":"WebPage","@id":"https:\/\/comercmoble.com\/ca\/nuevas-restricciones-cierre-del-comercio-a-las-18-horas\/","url":"https:\/\/comercmoble.com\/ca\/nuevas-restricciones-cierre-del-comercio-a-las-18-horas\/","name":"NOVES RESTRICCIONS: tancament del comer\u00e7 a les 18 hores i clausura total de l'hostaleria a la C. Valenciana. - Comer\u00e7 Moble","isPartOf":{"@id":"https:\/\/comercmoble.com\/ca\/#website"},"primaryImageOfPage":{"@id":"https:\/\/comercmoble.com\/ca\/nuevas-restricciones-cierre-del-comercio-a-las-18-horas\/#primaryimage"},"image":{"@id":"https:\/\/comercmoble.com\/ca\/nuevas-restricciones-cierre-del-comercio-a-las-18-horas\/#primaryimage"},"thumbnailUrl":"https:\/\/comercmoble.com\/wp-content\/uploads\/2021\/01\/Cierre-del-comercio-a-las-18-horas.png","datePublished":"2021-01-20T09:30:19+00:00","dateModified":"2021-10-06T10:15:41+00:00","description":"El comer\u00e7 haur\u00e0 de tancar a les 18 hores i sols es permetr\u00e0 la recollida de menjar al local o el lliurament a domicili.","breadcrumb":{"@id":"https:\/\/comercmoble.com\/ca\/nuevas-restricciones-cierre-del-comercio-a-las-18-horas\/#breadcrumb"},"inLanguage":"va-VA","potentialAction":[{"@type":"ReadAction","target":["https:\/\/comercmoble.com\/ca\/nuevas-restricciones-cierre-del-comercio-a-las-18-horas\/"]}]},{"@type":"ImageObject","inLanguage":"va-VA","@id":"https:\/\/comercmoble.com\/ca\/nuevas-restricciones-cierre-del-comercio-a-las-18-horas\/#primaryimage","url":"https:\/\/comercmoble.com\/wp-content\/uploads\/2021\/01\/Cierre-del-comercio-a-las-18-horas.png","contentUrl":"https:\/\/comercmoble.com\/wp-content\/uploads\/2021\/01\/Cierre-del-comercio-a-las-18-horas.png","width":1080,"height":1080},{"@type":"BreadcrumbList","@id":"https:\/\/comercmoble.com\/ca\/nuevas-restricciones-cierre-del-comercio-a-las-18-horas\/#breadcrumb","itemListElement":[{"@type":"ListItem","position":1,"name":"Inicio","item":"https:\/\/comercmoble.com\/"},{"@type":"ListItem","position":2,"name":"Sin categorizar","item":"https:\/\/comercmoble.com\/category\/sin-categorizar\/"},{"@type":"ListItem","position":3,"name":"NOVES RESTRICCIONS: tancament del comer\u00e7 a les 18 hores i clausura total de l&#8217;hostaleria a la C. Valenciana."}]},{"@type":"WebSite","@id":"https:\/\/comercmoble.com\/ca\/#website","url":"https:\/\/comercmoble.com\/ca\/","name":"Comer\u00e7 Moble","description":"Asociaci\u00f3n de Comercios del Muebles de la Comunidad Valencia","publisher":{"@id":"https:\/\/comercmoble.com\/ca\/#organization"},"potentialAction":[{"@type":"SearchAction","target":{"@type":"EntryPoint","urlTemplate":"https:\/\/comercmoble.com\/ca\/?s={search_term_string}"},"query-input":{"@type":"PropertyValueSpecification","valueRequired":true,"valueName":"search_term_string"}}],"inLanguage":"va-VA"},{"@type":"Organization","@id":"https:\/\/comercmoble.com\/ca\/#organization","name":"ASOCIACI\u00d3N PARA LA DISTRIBUCI\u00d3N Y COMERCIO DEL H\u00c1BITAT DE LA COMUNIDAD VALENCIANA","url":"https:\/\/comercmoble.com\/ca\/","logo":{"@type":"ImageObject","inLanguage":"va-VA","@id":"https:\/\/comercmoble.com\/ca\/#\/schema\/logo\/image\/","url":"https:\/\/comercmoble.com\/wp-content\/uploads\/2018\/11\/logo.png","contentUrl":"https:\/\/comercmoble.com\/wp-content\/uploads\/2018\/11\/logo.png","width":213,"height":67,"caption":"ASOCIACI\u00d3N PARA LA DISTRIBUCI\u00d3N Y COMERCIO DEL H\u00c1BITAT DE LA COMUNIDAD VALENCIANA"},"image":{"@id":"https:\/\/comercmoble.com\/ca\/#\/schema\/logo\/image\/"}},{"@type":"Person","@id":"https:\/\/comercmoble.com\/ca\/#\/schema\/person\/42166a9f0f577bfa390efd898082a506","name":"Comer\u00e7 Moble","image":{"@type":"ImageObject","inLanguage":"va-VA","@id":"https:\/\/secure.gravatar.com\/avatar\/90ad19cb763e14b2dfd0aa43e309e93bb6e95477e668c2ae130552c4fa1c62b5?s=96&d=mm&r=g","url":"https:\/\/secure.gravatar.com\/avatar\/90ad19cb763e14b2dfd0aa43e309e93bb6e95477e668c2ae130552c4fa1c62b5?s=96&d=mm&r=g","contentUrl":"https:\/\/secure.gravatar.com\/avatar\/90ad19cb763e14b2dfd0aa43e309e93bb6e95477e668c2ae130552c4fa1c62b5?s=96&d=mm&r=g","caption":"Comer\u00e7 Moble"},"url":"https:\/\/comercmoble.com\/ca\/author\/administrador\/"}]}},"_links":{"self":[{"href":"https:\/\/comercmoble.com\/ca\/wp-json\/wp\/v2\/posts\/4588","targetHints":{"allow":["GET"]}}],"collection":[{"href":"https:\/\/comercmoble.com\/ca\/wp-json\/wp\/v2\/posts"}],"about":[{"href":"https:\/\/comercmoble.com\/ca\/wp-json\/wp\/v2\/types\/post"}],"author":[{"embeddable":true,"href":"https:\/\/comercmoble.com\/ca\/wp-json\/wp\/v2\/users\/2"}],"replies":[{"embeddable":true,"href":"https:\/\/comercmoble.com\/ca\/wp-json\/wp\/v2\/comments?post=4588"}],"version-history":[{"count":2,"href":"https:\/\/comercmoble.com\/ca\/wp-json\/wp\/v2\/posts\/4588\/revisions"}],"predecessor-version":[{"id":7150,"href":"https:\/\/comercmoble.com\/ca\/wp-json\/wp\/v2\/posts\/4588\/revisions\/7150"}],"wp:featuredmedia":[{"embeddable":true,"href":"https:\/\/comercmoble.com\/ca\/wp-json\/wp\/v2\/media\/4008"}],"wp:attachment":[{"href":"https:\/\/comercmoble.com\/ca\/wp-json\/wp\/v2\/media?parent=4588"}],"wp:term":[{"taxonomy":"category","embeddable":true,"href":"https:\/\/comercmoble.com\/ca\/wp-json\/wp\/v2\/categories?post=4588"},{"taxonomy":"post_tag","embeddable":true,"href":"https:\/\/comercmoble.com\/ca\/wp-json\/wp\/v2\/tags?post=4588"}],"curies":[{"name":"wp","href":"https:\/\/api.w.org\/{rel}","templated":true}]}}