{"id":4585,"date":"2021-01-25T15:54:08","date_gmt":"2021-01-25T14:54:08","guid":{"rendered":"https:\/\/comercmoble.com\/tiendas-de-muebles-en-la-tercera-ola-del-coronavirus"},"modified":"2021-10-06T12:12:15","modified_gmt":"2021-10-06T10:12:15","slug":"tiendas-de-muebles-en-la-tercera-ola-del-coronavirus","status":"publish","type":"post","link":"https:\/\/comercmoble.com\/ca\/tiendas-de-muebles-en-la-tercera-ola-del-coronavirus\/","title":{"rendered":"Botigues de mobles en la tercera onada del coronavirus"},"content":{"rendered":"<p>El comer\u00e7 i l&#8217;hostaleria s\u00f3n eixos fonamentals en el teixit empresarial de la Comunitat. El comer\u00e7 suposa el 12% del PIB i una gran font d&#8217;ocupaci\u00f3 i de riquesa.<\/p>\n<p>A tota la Comunitat, som al voltant d&#8217;unes 1.300 botigues, amb m\u00e9s de 8.000 ocupacions directes, a les quals cal afegir fabricadors, muntadors-es, transportistes i agents comercials. I a les nostres botigues comercialitzem mobles en general: matalassos, armaris, tapisseria, complements, t\u00e8xtil llar, etc. COMER\u00c7MOBLE-Associaci\u00f3 de Comer\u00e7os de l&#8217;H\u00e0bitat de la CV, representa o defensa el sector, reivindicant all\u00f2 que necessitem.<\/p>\n<p>Les xifres de l&#8217;any passat no han sigut millors que les del 2019, en general, ha sigut un any molt dif\u00edcil. Tot i que el nostre sector no s\u2019ha vist tan perjudicat com<br \/>\nl&#8217;hostaleria, el t\u00e8xtil i altres, hem hagut de bregar amb problemes molt greus, que arrosseguem fins ara. Despr\u00e9s del confinament, sense vendre res, en tindre tancades les botigues, vam veure amb sorpresa que els clients i clientes necessitaven mobles per a les seues cases i es van concentrar les vendes dels mesos tancats en dos o tres mesos. Aix\u00f2 va portar retards de la producci\u00f3 i demores en els lliuraments, que encara hui continuen en alguns productes.<\/p>\n<p>En el 2020 i amb l&#8217;avan\u00e7 de les fases del confinament, vam demostrar que som acurats amb el servei que donem als clients i clientes i a m\u00e9s, <strong>\u201cessencials\u201d.<\/strong> Gloria Vaquer, presidenta de COME\u00c7MOBLE, ja va traslladar en la reuni\u00f3 que es va mantindre amb la Conselleria d&#8217;Economia que<strong> \u201c\u00e9s una necessitat que se&#8217;ns reconega l&#8217;essencialitat, perqu\u00e8 canviar un matal\u00e0s, un canap\u00e8 trencat, una butaca motoritzada per a una persona amb mobilitat redu\u00efda, o la taula i les cadires per a menjar, sabem que s\u00f3n imprescindibles per a una vida normal. M\u00e0ximament, si no \u00e9s aconsellable eixir de casa.\u201d<\/strong><\/p>\n<p>\u00c9s per aix\u00f2 que COMER\u00c7MOBLE va sol\u00b7licitar formalment l&#8217;any passat, al Ministeri i a la Conselleria de Sanitat, que se&#8217;ns incloguera dins dels establiments anomenats <strong>\u201cessencials\u201d,<\/strong> i ens quedem a l&#8217;espera de la resoluci\u00f3 sobre aquest tema. Per\u00f2 no ens han escoltat, ha arribat la tercera onada amb restriccions molt dures i encara no se&#8217;ns ha reconegut aquesta necessitat.<\/p>\n<p>\u00c9s un desig un\u00e0nime que la situaci\u00f3 sanit\u00e0ria millore, i que deixen d\u2019apujar els contagis, perqu\u00e8 aix\u00f2 \u00e9s el primer, la salut dels valencians i valencianes. Si aix\u00f2 ocorre el m\u00e9s prompte possible, l&#8217;economia de la Comunitat millorar\u00e0 per a b\u00e9 de tots els sectors productius, fins i tot el nostre<\/p>\n","protected":false},"excerpt":{"rendered":"<p>El comer\u00e7 i l&#8217;hostaleria s\u00f3n eixos fonamentals en el teixit empresarial de la Comunitat. El comer\u00e7 suposa el 12% del PIB i una gran font d&#8217;ocupaci\u00f3 i de riquesa. A tota la Comunitat, som al voltant d&#8217;unes 1.300 botigues, amb m\u00e9s de 8.000 ocupacions directes, a les quals cal afegir fabricadors, muntadors-es, transportistes i agents [&hellip;]<\/p>\n","protected":false},"author":2,"featured_media":4009,"comment_status":"closed","ping_status":"closed","sticky":false,"template":"","format":"standard","meta":{"_et_pb_use_builder":"","_et_pb_old_content":"","_et_gb_content_width":"","footnotes":""},"categories":[256],"tags":[328,329,330],"class_list":["post-4585","post","type-post","status-publish","format-standard","has-post-thumbnail","hentry","category-sense-categoria","tag-comercios-ensenciales-ca","tag-comercmoble-ca","tag-tiendas-de-muebles-en-la-tercera-ola-del-coronavirus-ca"],"yoast_head":"<!-- This site is optimized with the Yoast SEO plugin v27.4 - https:\/\/yoast.com\/product\/yoast-seo-wordpress\/ -->\n<title>Botigues de mobles en la tercera onada del coronavirus - Comer\u00e7 Moble<\/title>\n<meta name=\"description\" content=\"Tiendas de muebles en la tercera ola del coronavirus: COMER\u00c7MOBLE solicit\u00f3 formalmente el pasado a\u00f1o, al Ministerio y a la Conselleria de Sanidad, que se nos incluyera dentro de los establecimientos denominados \u201cesenciales\u201d, y nos quedamos a la espera de la resoluci\u00f3n al respecto\" \/>\n<meta name=\"robots\" content=\"index, follow, max-snippet:-1, max-image-preview:large, max-video-preview:-1\" \/>\n<link rel=\"canonical\" href=\"https:\/\/comercmoble.com\/ca\/tiendas-de-muebles-en-la-tercera-ola-del-coronavirus\/\" \/>\n<meta property=\"og:locale\" content=\"en_US\" \/>\n<meta property=\"og:type\" content=\"article\" \/>\n<meta property=\"og:title\" content=\"Botigues de mobles en la tercera onada del coronavirus - Comer\u00e7 Moble\" \/>\n<meta property=\"og:description\" content=\"Tiendas de muebles en la tercera ola del coronavirus: COMER\u00c7MOBLE solicit\u00f3 formalmente el pasado a\u00f1o, al Ministerio y a la Conselleria de Sanidad, que se nos incluyera dentro de los establecimientos denominados \u201cesenciales\u201d, y nos quedamos a la espera de la resoluci\u00f3n al respecto\" \/>\n<meta property=\"og:url\" content=\"https:\/\/comercmoble.com\/ca\/tiendas-de-muebles-en-la-tercera-ola-del-coronavirus\/\" \/>\n<meta property=\"og:site_name\" content=\"Comer\u00e7 Moble\" \/>\n<meta property=\"article:published_time\" content=\"2021-01-25T14:54:08+00:00\" \/>\n<meta property=\"article:modified_time\" content=\"2021-10-06T10:12:15+00:00\" \/>\n<meta property=\"og:image\" content=\"https:\/\/comercmoble.com\/wp-content\/uploads\/2021\/01\/Tiendas-de-muebles-en-la-tercera-ola-del-coronavirus.jpg\" \/>\n\t<meta property=\"og:image:width\" content=\"1280\" \/>\n\t<meta property=\"og:image:height\" content=\"853\" \/>\n\t<meta property=\"og:image:type\" content=\"image\/jpeg\" \/>\n<meta name=\"author\" content=\"Comer\u00e7 Moble\" \/>\n<meta name=\"twitter:card\" content=\"summary_large_image\" \/>\n<meta name=\"twitter:label1\" content=\"Written by\" \/>\n\t<meta name=\"twitter:data1\" content=\"Comer\u00e7 Moble\" \/>\n\t<meta name=\"twitter:label2\" content=\"Est. reading time\" \/>\n\t<meta name=\"twitter:data2\" content=\"2 minutes\" \/>\n<script type=\"application\/ld+json\" class=\"yoast-schema-graph\">{\"@context\":\"https:\\\/\\\/schema.org\",\"@graph\":[{\"@type\":\"Article\",\"@id\":\"https:\\\/\\\/comercmoble.com\\\/ca\\\/tiendas-de-muebles-en-la-tercera-ola-del-coronavirus\\\/#article\",\"isPartOf\":{\"@id\":\"https:\\\/\\\/comercmoble.com\\\/ca\\\/tiendas-de-muebles-en-la-tercera-ola-del-coronavirus\\\/\"},\"author\":{\"name\":\"Comer\u00e7 Moble\",\"@id\":\"https:\\\/\\\/comercmoble.com\\\/ca\\\/#\\\/schema\\\/person\\\/42166a9f0f577bfa390efd898082a506\"},\"headline\":\"Botigues de mobles en la tercera onada del coronavirus\",\"datePublished\":\"2021-01-25T14:54:08+00:00\",\"dateModified\":\"2021-10-06T10:12:15+00:00\",\"mainEntityOfPage\":{\"@id\":\"https:\\\/\\\/comercmoble.com\\\/ca\\\/tiendas-de-muebles-en-la-tercera-ola-del-coronavirus\\\/\"},\"wordCount\":449,\"publisher\":{\"@id\":\"https:\\\/\\\/comercmoble.com\\\/ca\\\/#organization\"},\"image\":{\"@id\":\"https:\\\/\\\/comercmoble.com\\\/ca\\\/tiendas-de-muebles-en-la-tercera-ola-del-coronavirus\\\/#primaryimage\"},\"thumbnailUrl\":\"https:\\\/\\\/comercmoble.com\\\/wp-content\\\/uploads\\\/2021\\\/01\\\/Tiendas-de-muebles-en-la-tercera-ola-del-coronavirus.jpg\",\"keywords\":[\"comercios ensenciales\",\"comer\u00e7moble\",\"Tiendas de muebles en la tercera ola del coronavirus\"],\"articleSection\":[\"Sense categoria\"],\"inLanguage\":\"va-VA\"},{\"@type\":\"WebPage\",\"@id\":\"https:\\\/\\\/comercmoble.com\\\/ca\\\/tiendas-de-muebles-en-la-tercera-ola-del-coronavirus\\\/\",\"url\":\"https:\\\/\\\/comercmoble.com\\\/ca\\\/tiendas-de-muebles-en-la-tercera-ola-del-coronavirus\\\/\",\"name\":\"Botigues de mobles en la tercera onada del coronavirus - Comer\u00e7 Moble\",\"isPartOf\":{\"@id\":\"https:\\\/\\\/comercmoble.com\\\/ca\\\/#website\"},\"primaryImageOfPage\":{\"@id\":\"https:\\\/\\\/comercmoble.com\\\/ca\\\/tiendas-de-muebles-en-la-tercera-ola-del-coronavirus\\\/#primaryimage\"},\"image\":{\"@id\":\"https:\\\/\\\/comercmoble.com\\\/ca\\\/tiendas-de-muebles-en-la-tercera-ola-del-coronavirus\\\/#primaryimage\"},\"thumbnailUrl\":\"https:\\\/\\\/comercmoble.com\\\/wp-content\\\/uploads\\\/2021\\\/01\\\/Tiendas-de-muebles-en-la-tercera-ola-del-coronavirus.jpg\",\"datePublished\":\"2021-01-25T14:54:08+00:00\",\"dateModified\":\"2021-10-06T10:12:15+00:00\",\"description\":\"Tiendas de muebles en la tercera ola del coronavirus: COMER\u00c7MOBLE solicit\u00f3 formalmente el pasado a\u00f1o, al Ministerio y a la Conselleria de Sanidad, que se nos incluyera dentro de los establecimientos denominados \u201cesenciales\u201d, y nos quedamos a la espera de la resoluci\u00f3n al respecto\",\"breadcrumb\":{\"@id\":\"https:\\\/\\\/comercmoble.com\\\/ca\\\/tiendas-de-muebles-en-la-tercera-ola-del-coronavirus\\\/#breadcrumb\"},\"inLanguage\":\"va-VA\",\"potentialAction\":[{\"@type\":\"ReadAction\",\"target\":[\"https:\\\/\\\/comercmoble.com\\\/ca\\\/tiendas-de-muebles-en-la-tercera-ola-del-coronavirus\\\/\"]}]},{\"@type\":\"ImageObject\",\"inLanguage\":\"va-VA\",\"@id\":\"https:\\\/\\\/comercmoble.com\\\/ca\\\/tiendas-de-muebles-en-la-tercera-ola-del-coronavirus\\\/#primaryimage\",\"url\":\"https:\\\/\\\/comercmoble.com\\\/wp-content\\\/uploads\\\/2021\\\/01\\\/Tiendas-de-muebles-en-la-tercera-ola-del-coronavirus.jpg\",\"contentUrl\":\"https:\\\/\\\/comercmoble.com\\\/wp-content\\\/uploads\\\/2021\\\/01\\\/Tiendas-de-muebles-en-la-tercera-ola-del-coronavirus.jpg\",\"width\":1280,\"height\":853},{\"@type\":\"BreadcrumbList\",\"@id\":\"https:\\\/\\\/comercmoble.com\\\/ca\\\/tiendas-de-muebles-en-la-tercera-ola-del-coronavirus\\\/#breadcrumb\",\"itemListElement\":[{\"@type\":\"ListItem\",\"position\":1,\"name\":\"Inicio\",\"item\":\"https:\\\/\\\/comercmoble.com\\\/\"},{\"@type\":\"ListItem\",\"position\":2,\"name\":\"Sin categorizar\",\"item\":\"https:\\\/\\\/comercmoble.com\\\/category\\\/sin-categorizar\\\/\"},{\"@type\":\"ListItem\",\"position\":3,\"name\":\"Botigues de mobles en la tercera onada del coronavirus\"}]},{\"@type\":\"WebSite\",\"@id\":\"https:\\\/\\\/comercmoble.com\\\/ca\\\/#website\",\"url\":\"https:\\\/\\\/comercmoble.com\\\/ca\\\/\",\"name\":\"Comer\u00e7 Moble\",\"description\":\"Asociaci\u00f3n de Comercios del Muebles de la Comunidad Valencia\",\"publisher\":{\"@id\":\"https:\\\/\\\/comercmoble.com\\\/ca\\\/#organization\"},\"potentialAction\":[{\"@type\":\"SearchAction\",\"target\":{\"@type\":\"EntryPoint\",\"urlTemplate\":\"https:\\\/\\\/comercmoble.com\\\/ca\\\/?s={search_term_string}\"},\"query-input\":{\"@type\":\"PropertyValueSpecification\",\"valueRequired\":true,\"valueName\":\"search_term_string\"}}],\"inLanguage\":\"va-VA\"},{\"@type\":\"Organization\",\"@id\":\"https:\\\/\\\/comercmoble.com\\\/ca\\\/#organization\",\"name\":\"ASOCIACI\u00d3N PARA LA DISTRIBUCI\u00d3N Y COMERCIO DEL H\u00c1BITAT DE LA COMUNIDAD VALENCIANA\",\"url\":\"https:\\\/\\\/comercmoble.com\\\/ca\\\/\",\"logo\":{\"@type\":\"ImageObject\",\"inLanguage\":\"va-VA\",\"@id\":\"https:\\\/\\\/comercmoble.com\\\/ca\\\/#\\\/schema\\\/logo\\\/image\\\/\",\"url\":\"https:\\\/\\\/comercmoble.com\\\/wp-content\\\/uploads\\\/2018\\\/11\\\/logo.png\",\"contentUrl\":\"https:\\\/\\\/comercmoble.com\\\/wp-content\\\/uploads\\\/2018\\\/11\\\/logo.png\",\"width\":213,\"height\":67,\"caption\":\"ASOCIACI\u00d3N PARA LA DISTRIBUCI\u00d3N Y COMERCIO DEL H\u00c1BITAT DE LA COMUNIDAD VALENCIANA\"},\"image\":{\"@id\":\"https:\\\/\\\/comercmoble.com\\\/ca\\\/#\\\/schema\\\/logo\\\/image\\\/\"}},{\"@type\":\"Person\",\"@id\":\"https:\\\/\\\/comercmoble.com\\\/ca\\\/#\\\/schema\\\/person\\\/42166a9f0f577bfa390efd898082a506\",\"name\":\"Comer\u00e7 Moble\",\"image\":{\"@type\":\"ImageObject\",\"inLanguage\":\"va-VA\",\"@id\":\"https:\\\/\\\/secure.gravatar.com\\\/avatar\\\/90ad19cb763e14b2dfd0aa43e309e93bb6e95477e668c2ae130552c4fa1c62b5?s=96&d=mm&r=g\",\"url\":\"https:\\\/\\\/secure.gravatar.com\\\/avatar\\\/90ad19cb763e14b2dfd0aa43e309e93bb6e95477e668c2ae130552c4fa1c62b5?s=96&d=mm&r=g\",\"contentUrl\":\"https:\\\/\\\/secure.gravatar.com\\\/avatar\\\/90ad19cb763e14b2dfd0aa43e309e93bb6e95477e668c2ae130552c4fa1c62b5?s=96&d=mm&r=g\",\"caption\":\"Comer\u00e7 Moble\"},\"url\":\"https:\\\/\\\/comercmoble.com\\\/ca\\\/author\\\/administrador\\\/\"}]}<\/script>\n<!-- \/ Yoast SEO plugin. -->","yoast_head_json":{"title":"Botigues de mobles en la tercera onada del coronavirus - Comer\u00e7 Moble","description":"Tiendas de muebles en la tercera ola del coronavirus: COMER\u00c7MOBLE solicit\u00f3 formalmente el pasado a\u00f1o, al Ministerio y a la Conselleria de Sanidad, que se nos incluyera dentro de los establecimientos denominados \u201cesenciales\u201d, y nos quedamos a la espera de la resoluci\u00f3n al respecto","robots":{"index":"index","follow":"follow","max-snippet":"max-snippet:-1","max-image-preview":"max-image-preview:large","max-video-preview":"max-video-preview:-1"},"canonical":"https:\/\/comercmoble.com\/ca\/tiendas-de-muebles-en-la-tercera-ola-del-coronavirus\/","og_locale":"en_US","og_type":"article","og_title":"Botigues de mobles en la tercera onada del coronavirus - Comer\u00e7 Moble","og_description":"Tiendas de muebles en la tercera ola del coronavirus: COMER\u00c7MOBLE solicit\u00f3 formalmente el pasado a\u00f1o, al Ministerio y a la Conselleria de Sanidad, que se nos incluyera dentro de los establecimientos denominados \u201cesenciales\u201d, y nos quedamos a la espera de la resoluci\u00f3n al respecto","og_url":"https:\/\/comercmoble.com\/ca\/tiendas-de-muebles-en-la-tercera-ola-del-coronavirus\/","og_site_name":"Comer\u00e7 Moble","article_published_time":"2021-01-25T14:54:08+00:00","article_modified_time":"2021-10-06T10:12:15+00:00","og_image":[{"width":1280,"height":853,"url":"https:\/\/comercmoble.com\/wp-content\/uploads\/2021\/01\/Tiendas-de-muebles-en-la-tercera-ola-del-coronavirus.jpg","type":"image\/jpeg"}],"author":"Comer\u00e7 Moble","twitter_card":"summary_large_image","twitter_misc":{"Written by":"Comer\u00e7 Moble","Est. reading time":"2 minutes"},"schema":{"@context":"https:\/\/schema.org","@graph":[{"@type":"Article","@id":"https:\/\/comercmoble.com\/ca\/tiendas-de-muebles-en-la-tercera-ola-del-coronavirus\/#article","isPartOf":{"@id":"https:\/\/comercmoble.com\/ca\/tiendas-de-muebles-en-la-tercera-ola-del-coronavirus\/"},"author":{"name":"Comer\u00e7 Moble","@id":"https:\/\/comercmoble.com\/ca\/#\/schema\/person\/42166a9f0f577bfa390efd898082a506"},"headline":"Botigues de mobles en la tercera onada del coronavirus","datePublished":"2021-01-25T14:54:08+00:00","dateModified":"2021-10-06T10:12:15+00:00","mainEntityOfPage":{"@id":"https:\/\/comercmoble.com\/ca\/tiendas-de-muebles-en-la-tercera-ola-del-coronavirus\/"},"wordCount":449,"publisher":{"@id":"https:\/\/comercmoble.com\/ca\/#organization"},"image":{"@id":"https:\/\/comercmoble.com\/ca\/tiendas-de-muebles-en-la-tercera-ola-del-coronavirus\/#primaryimage"},"thumbnailUrl":"https:\/\/comercmoble.com\/wp-content\/uploads\/2021\/01\/Tiendas-de-muebles-en-la-tercera-ola-del-coronavirus.jpg","keywords":["comercios ensenciales","comer\u00e7moble","Tiendas de muebles en la tercera ola del coronavirus"],"articleSection":["Sense categoria"],"inLanguage":"va-VA"},{"@type":"WebPage","@id":"https:\/\/comercmoble.com\/ca\/tiendas-de-muebles-en-la-tercera-ola-del-coronavirus\/","url":"https:\/\/comercmoble.com\/ca\/tiendas-de-muebles-en-la-tercera-ola-del-coronavirus\/","name":"Botigues de mobles en la tercera onada del coronavirus - Comer\u00e7 Moble","isPartOf":{"@id":"https:\/\/comercmoble.com\/ca\/#website"},"primaryImageOfPage":{"@id":"https:\/\/comercmoble.com\/ca\/tiendas-de-muebles-en-la-tercera-ola-del-coronavirus\/#primaryimage"},"image":{"@id":"https:\/\/comercmoble.com\/ca\/tiendas-de-muebles-en-la-tercera-ola-del-coronavirus\/#primaryimage"},"thumbnailUrl":"https:\/\/comercmoble.com\/wp-content\/uploads\/2021\/01\/Tiendas-de-muebles-en-la-tercera-ola-del-coronavirus.jpg","datePublished":"2021-01-25T14:54:08+00:00","dateModified":"2021-10-06T10:12:15+00:00","description":"Tiendas de muebles en la tercera ola del coronavirus: COMER\u00c7MOBLE solicit\u00f3 formalmente el pasado a\u00f1o, al Ministerio y a la Conselleria de Sanidad, que se nos incluyera dentro de los establecimientos denominados \u201cesenciales\u201d, y nos quedamos a la espera de la resoluci\u00f3n al respecto","breadcrumb":{"@id":"https:\/\/comercmoble.com\/ca\/tiendas-de-muebles-en-la-tercera-ola-del-coronavirus\/#breadcrumb"},"inLanguage":"va-VA","potentialAction":[{"@type":"ReadAction","target":["https:\/\/comercmoble.com\/ca\/tiendas-de-muebles-en-la-tercera-ola-del-coronavirus\/"]}]},{"@type":"ImageObject","inLanguage":"va-VA","@id":"https:\/\/comercmoble.com\/ca\/tiendas-de-muebles-en-la-tercera-ola-del-coronavirus\/#primaryimage","url":"https:\/\/comercmoble.com\/wp-content\/uploads\/2021\/01\/Tiendas-de-muebles-en-la-tercera-ola-del-coronavirus.jpg","contentUrl":"https:\/\/comercmoble.com\/wp-content\/uploads\/2021\/01\/Tiendas-de-muebles-en-la-tercera-ola-del-coronavirus.jpg","width":1280,"height":853},{"@type":"BreadcrumbList","@id":"https:\/\/comercmoble.com\/ca\/tiendas-de-muebles-en-la-tercera-ola-del-coronavirus\/#breadcrumb","itemListElement":[{"@type":"ListItem","position":1,"name":"Inicio","item":"https:\/\/comercmoble.com\/"},{"@type":"ListItem","position":2,"name":"Sin categorizar","item":"https:\/\/comercmoble.com\/category\/sin-categorizar\/"},{"@type":"ListItem","position":3,"name":"Botigues de mobles en la tercera onada del coronavirus"}]},{"@type":"WebSite","@id":"https:\/\/comercmoble.com\/ca\/#website","url":"https:\/\/comercmoble.com\/ca\/","name":"Comer\u00e7 Moble","description":"Asociaci\u00f3n de Comercios del Muebles de la Comunidad Valencia","publisher":{"@id":"https:\/\/comercmoble.com\/ca\/#organization"},"potentialAction":[{"@type":"SearchAction","target":{"@type":"EntryPoint","urlTemplate":"https:\/\/comercmoble.com\/ca\/?s={search_term_string}"},"query-input":{"@type":"PropertyValueSpecification","valueRequired":true,"valueName":"search_term_string"}}],"inLanguage":"va-VA"},{"@type":"Organization","@id":"https:\/\/comercmoble.com\/ca\/#organization","name":"ASOCIACI\u00d3N PARA LA DISTRIBUCI\u00d3N Y COMERCIO DEL H\u00c1BITAT DE LA COMUNIDAD VALENCIANA","url":"https:\/\/comercmoble.com\/ca\/","logo":{"@type":"ImageObject","inLanguage":"va-VA","@id":"https:\/\/comercmoble.com\/ca\/#\/schema\/logo\/image\/","url":"https:\/\/comercmoble.com\/wp-content\/uploads\/2018\/11\/logo.png","contentUrl":"https:\/\/comercmoble.com\/wp-content\/uploads\/2018\/11\/logo.png","width":213,"height":67,"caption":"ASOCIACI\u00d3N PARA LA DISTRIBUCI\u00d3N Y COMERCIO DEL H\u00c1BITAT DE LA COMUNIDAD VALENCIANA"},"image":{"@id":"https:\/\/comercmoble.com\/ca\/#\/schema\/logo\/image\/"}},{"@type":"Person","@id":"https:\/\/comercmoble.com\/ca\/#\/schema\/person\/42166a9f0f577bfa390efd898082a506","name":"Comer\u00e7 Moble","image":{"@type":"ImageObject","inLanguage":"va-VA","@id":"https:\/\/secure.gravatar.com\/avatar\/90ad19cb763e14b2dfd0aa43e309e93bb6e95477e668c2ae130552c4fa1c62b5?s=96&d=mm&r=g","url":"https:\/\/secure.gravatar.com\/avatar\/90ad19cb763e14b2dfd0aa43e309e93bb6e95477e668c2ae130552c4fa1c62b5?s=96&d=mm&r=g","contentUrl":"https:\/\/secure.gravatar.com\/avatar\/90ad19cb763e14b2dfd0aa43e309e93bb6e95477e668c2ae130552c4fa1c62b5?s=96&d=mm&r=g","caption":"Comer\u00e7 Moble"},"url":"https:\/\/comercmoble.com\/ca\/author\/administrador\/"}]}},"_links":{"self":[{"href":"https:\/\/comercmoble.com\/ca\/wp-json\/wp\/v2\/posts\/4585","targetHints":{"allow":["GET"]}}],"collection":[{"href":"https:\/\/comercmoble.com\/ca\/wp-json\/wp\/v2\/posts"}],"about":[{"href":"https:\/\/comercmoble.com\/ca\/wp-json\/wp\/v2\/types\/post"}],"author":[{"embeddable":true,"href":"https:\/\/comercmoble.com\/ca\/wp-json\/wp\/v2\/users\/2"}],"replies":[{"embeddable":true,"href":"https:\/\/comercmoble.com\/ca\/wp-json\/wp\/v2\/comments?post=4585"}],"version-history":[{"count":2,"href":"https:\/\/comercmoble.com\/ca\/wp-json\/wp\/v2\/posts\/4585\/revisions"}],"predecessor-version":[{"id":7149,"href":"https:\/\/comercmoble.com\/ca\/wp-json\/wp\/v2\/posts\/4585\/revisions\/7149"}],"wp:featuredmedia":[{"embeddable":true,"href":"https:\/\/comercmoble.com\/ca\/wp-json\/wp\/v2\/media\/4009"}],"wp:attachment":[{"href":"https:\/\/comercmoble.com\/ca\/wp-json\/wp\/v2\/media?parent=4585"}],"wp:term":[{"taxonomy":"category","embeddable":true,"href":"https:\/\/comercmoble.com\/ca\/wp-json\/wp\/v2\/categories?post=4585"},{"taxonomy":"post_tag","embeddable":true,"href":"https:\/\/comercmoble.com\/ca\/wp-json\/wp\/v2\/tags?post=4585"}],"curies":[{"name":"wp","href":"https:\/\/api.w.org\/{rel}","templated":true}]}}