{"id":4575,"date":"2021-03-15T11:28:45","date_gmt":"2021-03-15T10:28:45","guid":{"rendered":"https:\/\/comercmoble.com\/el-comercio-mantiene-las-restricciones-y-la-hosteleria-podra-reabrir-interiores-con-1-3-de-aforo"},"modified":"2021-10-06T12:00:57","modified_gmt":"2021-10-06T10:00:57","slug":"el-comercio-mantiene-las-restricciones-y-la-hosteleria-podra-reabrir-interiores-con-1-3-de-aforo","status":"publish","type":"post","link":"https:\/\/comercmoble.com\/ca\/el-comercio-mantiene-las-restricciones-y-la-hosteleria-podra-reabrir-interiores-con-1-3-de-aforo\/","title":{"rendered":"El comer\u00e7 mant\u00e9 les restriccions i l&#8217;hostaleria podr\u00e0 reobrir interiors amb 1\/3 d&#8217;aforament."},"content":{"rendered":"<p>El Consell ha actualitzat aquest dijous, 11 de mar\u00e7, les mesures anticovid-19 a la Comunitat Valenciana. Les noves mesures entren en vigor aquest<strong>dilluns, 15 de mar\u00e7<\/strong>, <strong>a les 00.00 hores<\/strong>, i finalitzen a les 23.59 hores del <strong>12 d&#8217;abril de 2021.<\/strong><\/p>\n<p><strong>Mobilitat<\/strong><\/p>\n<ul>\n<li>Es mant\u00e9 el <strong>tancament perimetral de la C. Valenciana.<\/strong><\/li>\n<li>Es mant\u00e9<strong>toc de queda de 22 a 6 hores.<\/strong><\/li>\n<\/ul>\n<p><strong>Comer\u00e7 no essencial.<\/strong><\/p>\n<ul>\n<li>Es mant\u00e9 <strong>aforament al 50%.<\/strong><\/li>\n<li>Es mant\u00e9 horari <strong>fins a les 20h.<\/strong><\/li>\n<\/ul>\n<p><strong>Hostaleria i restauraci\u00f3<\/strong><\/p>\n<ul>\n<li><strong>Terrasses a l&#8217;aire<\/strong> lliure al <strong>100%.<\/strong><\/li>\n<li><strong>Interiors al 30%.<\/strong><\/li>\n<li>M\u00e0xim <strong>4 persones\/taula.<\/strong><\/li>\n<li>Servei<strong>fins les 18h.<\/strong><\/li>\n<li>Obligatori \u00fas m\u00e0scara (excepte en el moment de la consumici\u00f3.)<\/li>\n<\/ul>\n<p>Llig totes les novetats que entren en vigor el <strong>15 de mar\u00e7<\/strong>en el <strong><a href=\"http:\/\/confecomercnews.es\/news\/lists\/lt.php?tid=fk5QAAdSUg9QAEsHAQFVH1EJUgdJAAAEVB1VAAEEAgVSVAQAAAYYDAIAUgQKUgAfUgNRUElWBwFUHQBUAQMbAVIABVsCVwEOVgIFSw4FBwtRAVYFSVtSBFUdVVZVBhtbVAdST1QHXAtSVQADDQ8CBw\">resum<\/a><\/strong> que hem preparat.<\/p>\n<p>&nbsp;<\/p>\n<p>Font: <a href=\"http:\/\/confecomerc.es\">Confecomer\u00e7 CV<\/a><\/p>\n","protected":false},"excerpt":{"rendered":"<p>El Consell ha actualitzat aquest dijous, 11 de mar\u00e7, les mesures anticovid-19 a la Comunitat Valenciana. Les noves mesures entren en vigor aquestdilluns, 15 de mar\u00e7, a les 00.00 hores, i finalitzen a les 23.59 hores del 12 d&#8217;abril de 2021. Mobilitat Es mant\u00e9 el tancament perimetral de la C. Valenciana. Es mant\u00e9toc de queda [&hellip;]<\/p>\n","protected":false},"author":2,"featured_media":4199,"comment_status":"closed","ping_status":"open","sticky":false,"template":"","format":"standard","meta":{"_et_pb_use_builder":"","_et_pb_old_content":"","_et_gb_content_width":"","footnotes":""},"categories":[256],"tags":[],"class_list":["post-4575","post","type-post","status-publish","format-standard","has-post-thumbnail","hentry","category-sense-categoria"],"yoast_head":"<!-- This site is optimized with the Yoast SEO plugin v27.4 - https:\/\/yoast.com\/product\/yoast-seo-wordpress\/ -->\n<title>El comer\u00e7 mant\u00e9 les restriccions i l&#039;hostaleria podr\u00e0 reobrir interiors amb 1\/3 d&#039;aforament. - Comer\u00e7 Moble<\/title>\n<meta name=\"robots\" content=\"index, follow, max-snippet:-1, max-image-preview:large, max-video-preview:-1\" \/>\n<link rel=\"canonical\" href=\"https:\/\/comercmoble.com\/ca\/el-comercio-mantiene-las-restricciones-y-la-hosteleria-podra-reabrir-interiores-con-1-3-de-aforo\/\" \/>\n<meta property=\"og:locale\" content=\"en_US\" \/>\n<meta property=\"og:type\" content=\"article\" \/>\n<meta property=\"og:title\" content=\"El comer\u00e7 mant\u00e9 les restriccions i l&#039;hostaleria podr\u00e0 reobrir interiors amb 1\/3 d&#039;aforament. - Comer\u00e7 Moble\" \/>\n<meta property=\"og:description\" content=\"El Consell ha actualitzat aquest dijous, 11 de mar\u00e7, les mesures anticovid-19 a la Comunitat Valenciana. Les noves mesures entren en vigor aquestdilluns, 15 de mar\u00e7, a les 00.00 hores, i finalitzen a les 23.59 hores del 12 d&#8217;abril de 2021. Mobilitat Es mant\u00e9 el tancament perimetral de la C. Valenciana. Es mant\u00e9toc de queda [&hellip;]\" \/>\n<meta property=\"og:url\" content=\"https:\/\/comercmoble.com\/ca\/el-comercio-mantiene-las-restricciones-y-la-hosteleria-podra-reabrir-interiores-con-1-3-de-aforo\/\" \/>\n<meta property=\"og:site_name\" content=\"Comer\u00e7 Moble\" \/>\n<meta property=\"article:published_time\" content=\"2021-03-15T10:28:45+00:00\" \/>\n<meta property=\"article:modified_time\" content=\"2021-10-06T10:00:57+00:00\" \/>\n<meta property=\"og:image\" content=\"https:\/\/comercmoble.com\/wp-content\/uploads\/2021\/03\/comercio-covid.jpg\" \/>\n\t<meta property=\"og:image:width\" content=\"626\" \/>\n\t<meta property=\"og:image:height\" content=\"417\" \/>\n\t<meta property=\"og:image:type\" content=\"image\/jpeg\" \/>\n<meta name=\"author\" content=\"Comer\u00e7 Moble\" \/>\n<meta name=\"twitter:card\" content=\"summary_large_image\" \/>\n<meta name=\"twitter:label1\" content=\"Written by\" \/>\n\t<meta name=\"twitter:data1\" content=\"Comer\u00e7 Moble\" \/>\n\t<meta name=\"twitter:label2\" content=\"Est. reading time\" \/>\n\t<meta name=\"twitter:data2\" content=\"1 minute\" \/>\n<script type=\"application\/ld+json\" class=\"yoast-schema-graph\">{\"@context\":\"https:\\\/\\\/schema.org\",\"@graph\":[{\"@type\":\"Article\",\"@id\":\"https:\\\/\\\/comercmoble.com\\\/ca\\\/el-comercio-mantiene-las-restricciones-y-la-hosteleria-podra-reabrir-interiores-con-1-3-de-aforo\\\/#article\",\"isPartOf\":{\"@id\":\"https:\\\/\\\/comercmoble.com\\\/ca\\\/el-comercio-mantiene-las-restricciones-y-la-hosteleria-podra-reabrir-interiores-con-1-3-de-aforo\\\/\"},\"author\":{\"name\":\"Comer\u00e7 Moble\",\"@id\":\"https:\\\/\\\/comercmoble.com\\\/ca\\\/#\\\/schema\\\/person\\\/42166a9f0f577bfa390efd898082a506\"},\"headline\":\"El comer\u00e7 mant\u00e9 les restriccions i l&#8217;hostaleria podr\u00e0 reobrir interiors amb 1\\\/3 d&#8217;aforament.\",\"datePublished\":\"2021-03-15T10:28:45+00:00\",\"dateModified\":\"2021-10-06T10:00:57+00:00\",\"mainEntityOfPage\":{\"@id\":\"https:\\\/\\\/comercmoble.com\\\/ca\\\/el-comercio-mantiene-las-restricciones-y-la-hosteleria-podra-reabrir-interiores-con-1-3-de-aforo\\\/\"},\"wordCount\":132,\"publisher\":{\"@id\":\"https:\\\/\\\/comercmoble.com\\\/ca\\\/#organization\"},\"image\":{\"@id\":\"https:\\\/\\\/comercmoble.com\\\/ca\\\/el-comercio-mantiene-las-restricciones-y-la-hosteleria-podra-reabrir-interiores-con-1-3-de-aforo\\\/#primaryimage\"},\"thumbnailUrl\":\"https:\\\/\\\/comercmoble.com\\\/wp-content\\\/uploads\\\/2021\\\/03\\\/comercio-covid.jpg\",\"articleSection\":[\"Sense categoria\"],\"inLanguage\":\"va-VA\"},{\"@type\":\"WebPage\",\"@id\":\"https:\\\/\\\/comercmoble.com\\\/ca\\\/el-comercio-mantiene-las-restricciones-y-la-hosteleria-podra-reabrir-interiores-con-1-3-de-aforo\\\/\",\"url\":\"https:\\\/\\\/comercmoble.com\\\/ca\\\/el-comercio-mantiene-las-restricciones-y-la-hosteleria-podra-reabrir-interiores-con-1-3-de-aforo\\\/\",\"name\":\"El comer\u00e7 mant\u00e9 les restriccions i l'hostaleria podr\u00e0 reobrir interiors amb 1\\\/3 d'aforament. - Comer\u00e7 Moble\",\"isPartOf\":{\"@id\":\"https:\\\/\\\/comercmoble.com\\\/ca\\\/#website\"},\"primaryImageOfPage\":{\"@id\":\"https:\\\/\\\/comercmoble.com\\\/ca\\\/el-comercio-mantiene-las-restricciones-y-la-hosteleria-podra-reabrir-interiores-con-1-3-de-aforo\\\/#primaryimage\"},\"image\":{\"@id\":\"https:\\\/\\\/comercmoble.com\\\/ca\\\/el-comercio-mantiene-las-restricciones-y-la-hosteleria-podra-reabrir-interiores-con-1-3-de-aforo\\\/#primaryimage\"},\"thumbnailUrl\":\"https:\\\/\\\/comercmoble.com\\\/wp-content\\\/uploads\\\/2021\\\/03\\\/comercio-covid.jpg\",\"datePublished\":\"2021-03-15T10:28:45+00:00\",\"dateModified\":\"2021-10-06T10:00:57+00:00\",\"breadcrumb\":{\"@id\":\"https:\\\/\\\/comercmoble.com\\\/ca\\\/el-comercio-mantiene-las-restricciones-y-la-hosteleria-podra-reabrir-interiores-con-1-3-de-aforo\\\/#breadcrumb\"},\"inLanguage\":\"va-VA\",\"potentialAction\":[{\"@type\":\"ReadAction\",\"target\":[\"https:\\\/\\\/comercmoble.com\\\/ca\\\/el-comercio-mantiene-las-restricciones-y-la-hosteleria-podra-reabrir-interiores-con-1-3-de-aforo\\\/\"]}]},{\"@type\":\"ImageObject\",\"inLanguage\":\"va-VA\",\"@id\":\"https:\\\/\\\/comercmoble.com\\\/ca\\\/el-comercio-mantiene-las-restricciones-y-la-hosteleria-podra-reabrir-interiores-con-1-3-de-aforo\\\/#primaryimage\",\"url\":\"https:\\\/\\\/comercmoble.com\\\/wp-content\\\/uploads\\\/2021\\\/03\\\/comercio-covid.jpg\",\"contentUrl\":\"https:\\\/\\\/comercmoble.com\\\/wp-content\\\/uploads\\\/2021\\\/03\\\/comercio-covid.jpg\",\"width\":626,\"height\":417},{\"@type\":\"BreadcrumbList\",\"@id\":\"https:\\\/\\\/comercmoble.com\\\/ca\\\/el-comercio-mantiene-las-restricciones-y-la-hosteleria-podra-reabrir-interiores-con-1-3-de-aforo\\\/#breadcrumb\",\"itemListElement\":[{\"@type\":\"ListItem\",\"position\":1,\"name\":\"Inicio\",\"item\":\"https:\\\/\\\/comercmoble.com\\\/\"},{\"@type\":\"ListItem\",\"position\":2,\"name\":\"Sin categorizar\",\"item\":\"https:\\\/\\\/comercmoble.com\\\/category\\\/sin-categorizar\\\/\"},{\"@type\":\"ListItem\",\"position\":3,\"name\":\"El comer\u00e7 mant\u00e9 les restriccions i l&#8217;hostaleria podr\u00e0 reobrir interiors amb 1\\\/3 d&#8217;aforament.\"}]},{\"@type\":\"WebSite\",\"@id\":\"https:\\\/\\\/comercmoble.com\\\/ca\\\/#website\",\"url\":\"https:\\\/\\\/comercmoble.com\\\/ca\\\/\",\"name\":\"Comer\u00e7 Moble\",\"description\":\"Asociaci\u00f3n de Comercios del Muebles de la Comunidad Valencia\",\"publisher\":{\"@id\":\"https:\\\/\\\/comercmoble.com\\\/ca\\\/#organization\"},\"potentialAction\":[{\"@type\":\"SearchAction\",\"target\":{\"@type\":\"EntryPoint\",\"urlTemplate\":\"https:\\\/\\\/comercmoble.com\\\/ca\\\/?s={search_term_string}\"},\"query-input\":{\"@type\":\"PropertyValueSpecification\",\"valueRequired\":true,\"valueName\":\"search_term_string\"}}],\"inLanguage\":\"va-VA\"},{\"@type\":\"Organization\",\"@id\":\"https:\\\/\\\/comercmoble.com\\\/ca\\\/#organization\",\"name\":\"ASOCIACI\u00d3N PARA LA DISTRIBUCI\u00d3N Y COMERCIO DEL H\u00c1BITAT DE LA COMUNIDAD VALENCIANA\",\"url\":\"https:\\\/\\\/comercmoble.com\\\/ca\\\/\",\"logo\":{\"@type\":\"ImageObject\",\"inLanguage\":\"va-VA\",\"@id\":\"https:\\\/\\\/comercmoble.com\\\/ca\\\/#\\\/schema\\\/logo\\\/image\\\/\",\"url\":\"https:\\\/\\\/comercmoble.com\\\/wp-content\\\/uploads\\\/2018\\\/11\\\/logo.png\",\"contentUrl\":\"https:\\\/\\\/comercmoble.com\\\/wp-content\\\/uploads\\\/2018\\\/11\\\/logo.png\",\"width\":213,\"height\":67,\"caption\":\"ASOCIACI\u00d3N PARA LA DISTRIBUCI\u00d3N Y COMERCIO DEL H\u00c1BITAT DE LA COMUNIDAD VALENCIANA\"},\"image\":{\"@id\":\"https:\\\/\\\/comercmoble.com\\\/ca\\\/#\\\/schema\\\/logo\\\/image\\\/\"}},{\"@type\":\"Person\",\"@id\":\"https:\\\/\\\/comercmoble.com\\\/ca\\\/#\\\/schema\\\/person\\\/42166a9f0f577bfa390efd898082a506\",\"name\":\"Comer\u00e7 Moble\",\"image\":{\"@type\":\"ImageObject\",\"inLanguage\":\"va-VA\",\"@id\":\"https:\\\/\\\/secure.gravatar.com\\\/avatar\\\/90ad19cb763e14b2dfd0aa43e309e93bb6e95477e668c2ae130552c4fa1c62b5?s=96&d=mm&r=g\",\"url\":\"https:\\\/\\\/secure.gravatar.com\\\/avatar\\\/90ad19cb763e14b2dfd0aa43e309e93bb6e95477e668c2ae130552c4fa1c62b5?s=96&d=mm&r=g\",\"contentUrl\":\"https:\\\/\\\/secure.gravatar.com\\\/avatar\\\/90ad19cb763e14b2dfd0aa43e309e93bb6e95477e668c2ae130552c4fa1c62b5?s=96&d=mm&r=g\",\"caption\":\"Comer\u00e7 Moble\"},\"url\":\"https:\\\/\\\/comercmoble.com\\\/ca\\\/author\\\/administrador\\\/\"}]}<\/script>\n<!-- \/ Yoast SEO plugin. -->","yoast_head_json":{"title":"El comer\u00e7 mant\u00e9 les restriccions i l'hostaleria podr\u00e0 reobrir interiors amb 1\/3 d'aforament. - Comer\u00e7 Moble","robots":{"index":"index","follow":"follow","max-snippet":"max-snippet:-1","max-image-preview":"max-image-preview:large","max-video-preview":"max-video-preview:-1"},"canonical":"https:\/\/comercmoble.com\/ca\/el-comercio-mantiene-las-restricciones-y-la-hosteleria-podra-reabrir-interiores-con-1-3-de-aforo\/","og_locale":"en_US","og_type":"article","og_title":"El comer\u00e7 mant\u00e9 les restriccions i l'hostaleria podr\u00e0 reobrir interiors amb 1\/3 d'aforament. - Comer\u00e7 Moble","og_description":"El Consell ha actualitzat aquest dijous, 11 de mar\u00e7, les mesures anticovid-19 a la Comunitat Valenciana. Les noves mesures entren en vigor aquestdilluns, 15 de mar\u00e7, a les 00.00 hores, i finalitzen a les 23.59 hores del 12 d&#8217;abril de 2021. Mobilitat Es mant\u00e9 el tancament perimetral de la C. Valenciana. Es mant\u00e9toc de queda [&hellip;]","og_url":"https:\/\/comercmoble.com\/ca\/el-comercio-mantiene-las-restricciones-y-la-hosteleria-podra-reabrir-interiores-con-1-3-de-aforo\/","og_site_name":"Comer\u00e7 Moble","article_published_time":"2021-03-15T10:28:45+00:00","article_modified_time":"2021-10-06T10:00:57+00:00","og_image":[{"width":626,"height":417,"url":"https:\/\/comercmoble.com\/wp-content\/uploads\/2021\/03\/comercio-covid.jpg","type":"image\/jpeg"}],"author":"Comer\u00e7 Moble","twitter_card":"summary_large_image","twitter_misc":{"Written by":"Comer\u00e7 Moble","Est. reading time":"1 minute"},"schema":{"@context":"https:\/\/schema.org","@graph":[{"@type":"Article","@id":"https:\/\/comercmoble.com\/ca\/el-comercio-mantiene-las-restricciones-y-la-hosteleria-podra-reabrir-interiores-con-1-3-de-aforo\/#article","isPartOf":{"@id":"https:\/\/comercmoble.com\/ca\/el-comercio-mantiene-las-restricciones-y-la-hosteleria-podra-reabrir-interiores-con-1-3-de-aforo\/"},"author":{"name":"Comer\u00e7 Moble","@id":"https:\/\/comercmoble.com\/ca\/#\/schema\/person\/42166a9f0f577bfa390efd898082a506"},"headline":"El comer\u00e7 mant\u00e9 les restriccions i l&#8217;hostaleria podr\u00e0 reobrir interiors amb 1\/3 d&#8217;aforament.","datePublished":"2021-03-15T10:28:45+00:00","dateModified":"2021-10-06T10:00:57+00:00","mainEntityOfPage":{"@id":"https:\/\/comercmoble.com\/ca\/el-comercio-mantiene-las-restricciones-y-la-hosteleria-podra-reabrir-interiores-con-1-3-de-aforo\/"},"wordCount":132,"publisher":{"@id":"https:\/\/comercmoble.com\/ca\/#organization"},"image":{"@id":"https:\/\/comercmoble.com\/ca\/el-comercio-mantiene-las-restricciones-y-la-hosteleria-podra-reabrir-interiores-con-1-3-de-aforo\/#primaryimage"},"thumbnailUrl":"https:\/\/comercmoble.com\/wp-content\/uploads\/2021\/03\/comercio-covid.jpg","articleSection":["Sense categoria"],"inLanguage":"va-VA"},{"@type":"WebPage","@id":"https:\/\/comercmoble.com\/ca\/el-comercio-mantiene-las-restricciones-y-la-hosteleria-podra-reabrir-interiores-con-1-3-de-aforo\/","url":"https:\/\/comercmoble.com\/ca\/el-comercio-mantiene-las-restricciones-y-la-hosteleria-podra-reabrir-interiores-con-1-3-de-aforo\/","name":"El comer\u00e7 mant\u00e9 les restriccions i l'hostaleria podr\u00e0 reobrir interiors amb 1\/3 d'aforament. - Comer\u00e7 Moble","isPartOf":{"@id":"https:\/\/comercmoble.com\/ca\/#website"},"primaryImageOfPage":{"@id":"https:\/\/comercmoble.com\/ca\/el-comercio-mantiene-las-restricciones-y-la-hosteleria-podra-reabrir-interiores-con-1-3-de-aforo\/#primaryimage"},"image":{"@id":"https:\/\/comercmoble.com\/ca\/el-comercio-mantiene-las-restricciones-y-la-hosteleria-podra-reabrir-interiores-con-1-3-de-aforo\/#primaryimage"},"thumbnailUrl":"https:\/\/comercmoble.com\/wp-content\/uploads\/2021\/03\/comercio-covid.jpg","datePublished":"2021-03-15T10:28:45+00:00","dateModified":"2021-10-06T10:00:57+00:00","breadcrumb":{"@id":"https:\/\/comercmoble.com\/ca\/el-comercio-mantiene-las-restricciones-y-la-hosteleria-podra-reabrir-interiores-con-1-3-de-aforo\/#breadcrumb"},"inLanguage":"va-VA","potentialAction":[{"@type":"ReadAction","target":["https:\/\/comercmoble.com\/ca\/el-comercio-mantiene-las-restricciones-y-la-hosteleria-podra-reabrir-interiores-con-1-3-de-aforo\/"]}]},{"@type":"ImageObject","inLanguage":"va-VA","@id":"https:\/\/comercmoble.com\/ca\/el-comercio-mantiene-las-restricciones-y-la-hosteleria-podra-reabrir-interiores-con-1-3-de-aforo\/#primaryimage","url":"https:\/\/comercmoble.com\/wp-content\/uploads\/2021\/03\/comercio-covid.jpg","contentUrl":"https:\/\/comercmoble.com\/wp-content\/uploads\/2021\/03\/comercio-covid.jpg","width":626,"height":417},{"@type":"BreadcrumbList","@id":"https:\/\/comercmoble.com\/ca\/el-comercio-mantiene-las-restricciones-y-la-hosteleria-podra-reabrir-interiores-con-1-3-de-aforo\/#breadcrumb","itemListElement":[{"@type":"ListItem","position":1,"name":"Inicio","item":"https:\/\/comercmoble.com\/"},{"@type":"ListItem","position":2,"name":"Sin categorizar","item":"https:\/\/comercmoble.com\/category\/sin-categorizar\/"},{"@type":"ListItem","position":3,"name":"El comer\u00e7 mant\u00e9 les restriccions i l&#8217;hostaleria podr\u00e0 reobrir interiors amb 1\/3 d&#8217;aforament."}]},{"@type":"WebSite","@id":"https:\/\/comercmoble.com\/ca\/#website","url":"https:\/\/comercmoble.com\/ca\/","name":"Comer\u00e7 Moble","description":"Asociaci\u00f3n de Comercios del Muebles de la Comunidad Valencia","publisher":{"@id":"https:\/\/comercmoble.com\/ca\/#organization"},"potentialAction":[{"@type":"SearchAction","target":{"@type":"EntryPoint","urlTemplate":"https:\/\/comercmoble.com\/ca\/?s={search_term_string}"},"query-input":{"@type":"PropertyValueSpecification","valueRequired":true,"valueName":"search_term_string"}}],"inLanguage":"va-VA"},{"@type":"Organization","@id":"https:\/\/comercmoble.com\/ca\/#organization","name":"ASOCIACI\u00d3N PARA LA DISTRIBUCI\u00d3N Y COMERCIO DEL H\u00c1BITAT DE LA COMUNIDAD VALENCIANA","url":"https:\/\/comercmoble.com\/ca\/","logo":{"@type":"ImageObject","inLanguage":"va-VA","@id":"https:\/\/comercmoble.com\/ca\/#\/schema\/logo\/image\/","url":"https:\/\/comercmoble.com\/wp-content\/uploads\/2018\/11\/logo.png","contentUrl":"https:\/\/comercmoble.com\/wp-content\/uploads\/2018\/11\/logo.png","width":213,"height":67,"caption":"ASOCIACI\u00d3N PARA LA DISTRIBUCI\u00d3N Y COMERCIO DEL H\u00c1BITAT DE LA COMUNIDAD VALENCIANA"},"image":{"@id":"https:\/\/comercmoble.com\/ca\/#\/schema\/logo\/image\/"}},{"@type":"Person","@id":"https:\/\/comercmoble.com\/ca\/#\/schema\/person\/42166a9f0f577bfa390efd898082a506","name":"Comer\u00e7 Moble","image":{"@type":"ImageObject","inLanguage":"va-VA","@id":"https:\/\/secure.gravatar.com\/avatar\/90ad19cb763e14b2dfd0aa43e309e93bb6e95477e668c2ae130552c4fa1c62b5?s=96&d=mm&r=g","url":"https:\/\/secure.gravatar.com\/avatar\/90ad19cb763e14b2dfd0aa43e309e93bb6e95477e668c2ae130552c4fa1c62b5?s=96&d=mm&r=g","contentUrl":"https:\/\/secure.gravatar.com\/avatar\/90ad19cb763e14b2dfd0aa43e309e93bb6e95477e668c2ae130552c4fa1c62b5?s=96&d=mm&r=g","caption":"Comer\u00e7 Moble"},"url":"https:\/\/comercmoble.com\/ca\/author\/administrador\/"}]}},"_links":{"self":[{"href":"https:\/\/comercmoble.com\/ca\/wp-json\/wp\/v2\/posts\/4575","targetHints":{"allow":["GET"]}}],"collection":[{"href":"https:\/\/comercmoble.com\/ca\/wp-json\/wp\/v2\/posts"}],"about":[{"href":"https:\/\/comercmoble.com\/ca\/wp-json\/wp\/v2\/types\/post"}],"author":[{"embeddable":true,"href":"https:\/\/comercmoble.com\/ca\/wp-json\/wp\/v2\/users\/2"}],"replies":[{"embeddable":true,"href":"https:\/\/comercmoble.com\/ca\/wp-json\/wp\/v2\/comments?post=4575"}],"version-history":[{"count":2,"href":"https:\/\/comercmoble.com\/ca\/wp-json\/wp\/v2\/posts\/4575\/revisions"}],"predecessor-version":[{"id":7144,"href":"https:\/\/comercmoble.com\/ca\/wp-json\/wp\/v2\/posts\/4575\/revisions\/7144"}],"wp:featuredmedia":[{"embeddable":true,"href":"https:\/\/comercmoble.com\/ca\/wp-json\/wp\/v2\/media\/4199"}],"wp:attachment":[{"href":"https:\/\/comercmoble.com\/ca\/wp-json\/wp\/v2\/media?parent=4575"}],"wp:term":[{"taxonomy":"category","embeddable":true,"href":"https:\/\/comercmoble.com\/ca\/wp-json\/wp\/v2\/categories?post=4575"},{"taxonomy":"post_tag","embeddable":true,"href":"https:\/\/comercmoble.com\/ca\/wp-json\/wp\/v2\/tags?post=4575"}],"curies":[{"name":"wp","href":"https:\/\/api.w.org\/{rel}","templated":true}]}}