{"id":4465,"date":"2021-06-04T12:43:19","date_gmt":"2021-06-04T10:43:19","guid":{"rendered":"https:\/\/comercmoble.com\/inscripcio-de-suport-a-forum-habitat"},"modified":"2021-06-04T12:43:22","modified_gmt":"2021-06-04T10:43:22","slug":"inscripcio-de-suport-a-forum-habitat","status":"publish","type":"post","link":"https:\/\/comercmoble.com\/ca\/inscripcio-de-suport-a-forum-habitat\/","title":{"rendered":"INSCRIPCI\u00d3 DE SUPORT A F\u00d2RUM H\u00c0BITAT"},"content":{"rendered":"<p><a href=\"https:\/\/comercmoble.com\/wp-content\/uploads\/2020\/07\/2020_0619-quien-es-FORO-HABITAT-e.pdf\"><strong>F\u00d2RUM H\u00c0BITAT ESPANYA<\/strong><\/a> \u00e9s la resposta que des de fa uns mesos els comer\u00e7os de mobles i decoraci\u00f3 d\u2019Espanya reclamaven. En els pocs mesos que portem junts, hem demostrat que hem sigut la veu alta i clara defensant els interessos del sector.<\/p>\n<p>En aquest F\u00f2rum estan les <strong>associacions de comerciants de mobles i decoraci\u00f3 de tot Espanya<\/strong>. <strong>COMER\u00c7MOBLE<\/strong>forma part de <a href=\"https:\/\/comercmoble.com\/wp-content\/uploads\/2020\/07\/2020_0619-quien-es-FORO-HABITAT-e.pdf\"><strong>F\u00d2RUM H\u00c0BITAT ESPANYA.<\/strong><\/a> Tamb\u00e9 ha d\u2019estar la totalitat del sector: fabricants, agents comercials, transportistes, muntadors, decoradors, etc.<\/p>\n<p>El passat 24 d\u2019abril es va enviar a trav\u00e9s de Fira Val\u00e8ncia una proposta dirigida als actors del sector de l\u2019H\u00e0bitat en la qual es proposaven quatre accions concretes dirigides al fet que el Ministeri Ind\u00fastria, Comer\u00e7 i Turisme les secundara Els fabricants, dissenyadors-es, agents comercials, Transportistes, Muntadors-es, etc. van rebre molt positivament la proposta i es van unir als<br \/>\nobjectius marcats per <strong>F\u00d2RUM H\u00c0BITAT ESPANYA.<\/strong><\/p>\n<p>Per aix\u00f2, necessitem que aquesta iniciativa arribe al m\u00e0xim nombre de comer\u00e7os, fabricants, muntadors-es, transportistes i agents comercials\u2026 Per aix\u00f2, necessitem la teua col\u00b7laboraci\u00f3 i <strong>et demanem que reenvies aquest correu electr\u00f2nic i l\u2019adjunt<\/strong><strong><u>a tots els teus contactes de sector.<\/u><\/strong> Completa tu tamb\u00e9 l\u2019enlla\u00e7 que et posem ac\u00ed \u25bc amb les teues dades:<\/p>\n<p><strong><u><a href=\"https:\/\/forms.gle\/QqPLMsmRPtYyHDRy5\">https:\/\/forms.gle\/QqPLMsmRPtYyHDRy5<\/a><\/u><\/strong><\/p>\n<p>\u00c9s urgent perqu\u00e8 tenim reuni\u00f3 programada amb el<strong>Ministeri.<\/strong> Si vols que el sector puga tirar avant, per favor fes-ho. Emplena i passa-ho als teus contactes del sector, perqu\u00e8 junts i juntes podrem fer alguna cosa, dividits i dividides no en som res.<\/p>\n","protected":false},"excerpt":{"rendered":"<p><strong>F\u00d2RUM H\u00c0BITAT ESPANYA<\/strong>\u00e9s la resposta que des de fa uns mesos els comer\u00e7os de mobles i decoraci\u00f3 d\u2019Espanya reclamaven. En els pocs mesos que portem junts, hem demostrat que hem sigut la veu alta i clara defensant els interessos&#8230;<\/p>\n","protected":false},"author":2,"featured_media":3986,"comment_status":"closed","ping_status":"closed","sticky":false,"template":"","format":"standard","meta":{"_et_pb_use_builder":"","_et_pb_old_content":"","_et_gb_content_width":"","footnotes":""},"categories":[256],"tags":[272],"class_list":["post-4465","post","type-post","status-publish","format-standard","has-post-thumbnail","hentry","category-sense-categoria","tag-foro-habitat-espanya"],"yoast_head":"<!-- This site is optimized with the Yoast SEO plugin v27.4 - https:\/\/yoast.com\/product\/yoast-seo-wordpress\/ -->\n<title>INSCRIPCI\u00d3 DE SUPORT A F\u00d2RUM H\u00c0BITAT - Comer\u00e7 Moble<\/title>\n<meta name=\"description\" content=\"F\u00d2RUM H\u00c0BITAT ESPANYA \u00e9s la resposta que des de fa uns mesos els comer\u00e7os de mobles i decoraci\u00f3 d\u2019Espanya reclamaven. En els pocs mesos que portem junts, hem demostrat que hem sigut la veu alta i clara defensant els interessos del sector.\" \/>\n<meta name=\"robots\" content=\"index, follow, max-snippet:-1, max-image-preview:large, max-video-preview:-1\" \/>\n<link rel=\"canonical\" href=\"https:\/\/comercmoble.com\/ca\/inscripcio-de-suport-a-forum-habitat\/\" \/>\n<meta property=\"og:locale\" content=\"en_US\" \/>\n<meta property=\"og:type\" content=\"article\" \/>\n<meta property=\"og:title\" content=\"INSCRIPCI\u00d3 DE SUPORT A F\u00d2RUM H\u00c0BITAT - Comer\u00e7 Moble\" \/>\n<meta property=\"og:description\" content=\"F\u00d2RUM H\u00c0BITAT ESPANYA \u00e9s la resposta que des de fa uns mesos els comer\u00e7os de mobles i decoraci\u00f3 d\u2019Espanya reclamaven. En els pocs mesos que portem junts, hem demostrat que hem sigut la veu alta i clara defensant els interessos del sector.\" \/>\n<meta property=\"og:url\" content=\"https:\/\/comercmoble.com\/ca\/inscripcio-de-suport-a-forum-habitat\/\" \/>\n<meta property=\"og:site_name\" content=\"Comer\u00e7 Moble\" \/>\n<meta property=\"article:published_time\" content=\"2021-06-04T10:43:19+00:00\" \/>\n<meta property=\"article:modified_time\" content=\"2021-06-04T10:43:22+00:00\" \/>\n<meta property=\"og:image\" content=\"https:\/\/comercmoble.com\/wp-content\/uploads\/2020\/07\/foto-habitat-espa\u00f1a-inscripcion.png\" \/>\n\t<meta property=\"og:image:width\" content=\"457\" \/>\n\t<meta property=\"og:image:height\" content=\"252\" \/>\n\t<meta property=\"og:image:type\" content=\"image\/png\" \/>\n<meta name=\"author\" content=\"Comer\u00e7 Moble\" \/>\n<meta name=\"twitter:card\" content=\"summary_large_image\" \/>\n<meta name=\"twitter:label1\" content=\"Written by\" \/>\n\t<meta name=\"twitter:data1\" content=\"Comer\u00e7 Moble\" \/>\n\t<meta name=\"twitter:label2\" content=\"Est. reading time\" \/>\n\t<meta name=\"twitter:data2\" content=\"1 minute\" \/>\n<script type=\"application\/ld+json\" class=\"yoast-schema-graph\">{\"@context\":\"https:\\\/\\\/schema.org\",\"@graph\":[{\"@type\":\"Article\",\"@id\":\"https:\\\/\\\/comercmoble.com\\\/ca\\\/inscripcio-de-suport-a-forum-habitat\\\/#article\",\"isPartOf\":{\"@id\":\"https:\\\/\\\/comercmoble.com\\\/ca\\\/inscripcio-de-suport-a-forum-habitat\\\/\"},\"author\":{\"name\":\"Comer\u00e7 Moble\",\"@id\":\"https:\\\/\\\/comercmoble.com\\\/ca\\\/#\\\/schema\\\/person\\\/42166a9f0f577bfa390efd898082a506\"},\"headline\":\"INSCRIPCI\u00d3 DE SUPORT A F\u00d2RUM H\u00c0BITAT\",\"datePublished\":\"2021-06-04T10:43:19+00:00\",\"dateModified\":\"2021-06-04T10:43:22+00:00\",\"mainEntityOfPage\":{\"@id\":\"https:\\\/\\\/comercmoble.com\\\/ca\\\/inscripcio-de-suport-a-forum-habitat\\\/\"},\"wordCount\":272,\"publisher\":{\"@id\":\"https:\\\/\\\/comercmoble.com\\\/ca\\\/#organization\"},\"image\":{\"@id\":\"https:\\\/\\\/comercmoble.com\\\/ca\\\/inscripcio-de-suport-a-forum-habitat\\\/#primaryimage\"},\"thumbnailUrl\":\"https:\\\/\\\/comercmoble.com\\\/wp-content\\\/uploads\\\/2020\\\/07\\\/foto-habitat-espa\u00f1a-inscripcion.png\",\"keywords\":[\"FORO H\u00c0BITAT ESPANYA\"],\"articleSection\":[\"Sense categoria\"],\"inLanguage\":\"va-VA\"},{\"@type\":\"WebPage\",\"@id\":\"https:\\\/\\\/comercmoble.com\\\/ca\\\/inscripcio-de-suport-a-forum-habitat\\\/\",\"url\":\"https:\\\/\\\/comercmoble.com\\\/ca\\\/inscripcio-de-suport-a-forum-habitat\\\/\",\"name\":\"INSCRIPCI\u00d3 DE SUPORT A F\u00d2RUM H\u00c0BITAT - Comer\u00e7 Moble\",\"isPartOf\":{\"@id\":\"https:\\\/\\\/comercmoble.com\\\/ca\\\/#website\"},\"primaryImageOfPage\":{\"@id\":\"https:\\\/\\\/comercmoble.com\\\/ca\\\/inscripcio-de-suport-a-forum-habitat\\\/#primaryimage\"},\"image\":{\"@id\":\"https:\\\/\\\/comercmoble.com\\\/ca\\\/inscripcio-de-suport-a-forum-habitat\\\/#primaryimage\"},\"thumbnailUrl\":\"https:\\\/\\\/comercmoble.com\\\/wp-content\\\/uploads\\\/2020\\\/07\\\/foto-habitat-espa\u00f1a-inscripcion.png\",\"datePublished\":\"2021-06-04T10:43:19+00:00\",\"dateModified\":\"2021-06-04T10:43:22+00:00\",\"description\":\"F\u00d2RUM H\u00c0BITAT ESPANYA \u00e9s la resposta que des de fa uns mesos els comer\u00e7os de mobles i decoraci\u00f3 d\u2019Espanya reclamaven. En els pocs mesos que portem junts, hem demostrat que hem sigut la veu alta i clara defensant els interessos del sector.\",\"breadcrumb\":{\"@id\":\"https:\\\/\\\/comercmoble.com\\\/ca\\\/inscripcio-de-suport-a-forum-habitat\\\/#breadcrumb\"},\"inLanguage\":\"va-VA\",\"potentialAction\":[{\"@type\":\"ReadAction\",\"target\":[\"https:\\\/\\\/comercmoble.com\\\/ca\\\/inscripcio-de-suport-a-forum-habitat\\\/\"]}]},{\"@type\":\"ImageObject\",\"inLanguage\":\"va-VA\",\"@id\":\"https:\\\/\\\/comercmoble.com\\\/ca\\\/inscripcio-de-suport-a-forum-habitat\\\/#primaryimage\",\"url\":\"https:\\\/\\\/comercmoble.com\\\/wp-content\\\/uploads\\\/2020\\\/07\\\/foto-habitat-espa\u00f1a-inscripcion.png\",\"contentUrl\":\"https:\\\/\\\/comercmoble.com\\\/wp-content\\\/uploads\\\/2020\\\/07\\\/foto-habitat-espa\u00f1a-inscripcion.png\",\"width\":457,\"height\":252},{\"@type\":\"BreadcrumbList\",\"@id\":\"https:\\\/\\\/comercmoble.com\\\/ca\\\/inscripcio-de-suport-a-forum-habitat\\\/#breadcrumb\",\"itemListElement\":[{\"@type\":\"ListItem\",\"position\":1,\"name\":\"Inicio\",\"item\":\"https:\\\/\\\/comercmoble.com\\\/\"},{\"@type\":\"ListItem\",\"position\":2,\"name\":\"Sin categorizar\",\"item\":\"https:\\\/\\\/comercmoble.com\\\/category\\\/sin-categorizar\\\/\"},{\"@type\":\"ListItem\",\"position\":3,\"name\":\"INSCRIPCI\u00d3 DE SUPORT A F\u00d2RUM H\u00c0BITAT\"}]},{\"@type\":\"WebSite\",\"@id\":\"https:\\\/\\\/comercmoble.com\\\/ca\\\/#website\",\"url\":\"https:\\\/\\\/comercmoble.com\\\/ca\\\/\",\"name\":\"Comer\u00e7 Moble\",\"description\":\"Asociaci\u00f3n de Comercios del Muebles de la Comunidad Valencia\",\"publisher\":{\"@id\":\"https:\\\/\\\/comercmoble.com\\\/ca\\\/#organization\"},\"potentialAction\":[{\"@type\":\"SearchAction\",\"target\":{\"@type\":\"EntryPoint\",\"urlTemplate\":\"https:\\\/\\\/comercmoble.com\\\/ca\\\/?s={search_term_string}\"},\"query-input\":{\"@type\":\"PropertyValueSpecification\",\"valueRequired\":true,\"valueName\":\"search_term_string\"}}],\"inLanguage\":\"va-VA\"},{\"@type\":\"Organization\",\"@id\":\"https:\\\/\\\/comercmoble.com\\\/ca\\\/#organization\",\"name\":\"ASOCIACI\u00d3N PARA LA DISTRIBUCI\u00d3N Y COMERCIO DEL H\u00c1BITAT DE LA COMUNIDAD VALENCIANA\",\"url\":\"https:\\\/\\\/comercmoble.com\\\/ca\\\/\",\"logo\":{\"@type\":\"ImageObject\",\"inLanguage\":\"va-VA\",\"@id\":\"https:\\\/\\\/comercmoble.com\\\/ca\\\/#\\\/schema\\\/logo\\\/image\\\/\",\"url\":\"https:\\\/\\\/comercmoble.com\\\/wp-content\\\/uploads\\\/2018\\\/11\\\/logo.png\",\"contentUrl\":\"https:\\\/\\\/comercmoble.com\\\/wp-content\\\/uploads\\\/2018\\\/11\\\/logo.png\",\"width\":213,\"height\":67,\"caption\":\"ASOCIACI\u00d3N PARA LA DISTRIBUCI\u00d3N Y COMERCIO DEL H\u00c1BITAT DE LA COMUNIDAD VALENCIANA\"},\"image\":{\"@id\":\"https:\\\/\\\/comercmoble.com\\\/ca\\\/#\\\/schema\\\/logo\\\/image\\\/\"}},{\"@type\":\"Person\",\"@id\":\"https:\\\/\\\/comercmoble.com\\\/ca\\\/#\\\/schema\\\/person\\\/42166a9f0f577bfa390efd898082a506\",\"name\":\"Comer\u00e7 Moble\",\"image\":{\"@type\":\"ImageObject\",\"inLanguage\":\"va-VA\",\"@id\":\"https:\\\/\\\/secure.gravatar.com\\\/avatar\\\/90ad19cb763e14b2dfd0aa43e309e93bb6e95477e668c2ae130552c4fa1c62b5?s=96&d=mm&r=g\",\"url\":\"https:\\\/\\\/secure.gravatar.com\\\/avatar\\\/90ad19cb763e14b2dfd0aa43e309e93bb6e95477e668c2ae130552c4fa1c62b5?s=96&d=mm&r=g\",\"contentUrl\":\"https:\\\/\\\/secure.gravatar.com\\\/avatar\\\/90ad19cb763e14b2dfd0aa43e309e93bb6e95477e668c2ae130552c4fa1c62b5?s=96&d=mm&r=g\",\"caption\":\"Comer\u00e7 Moble\"},\"url\":\"https:\\\/\\\/comercmoble.com\\\/ca\\\/author\\\/administrador\\\/\"}]}<\/script>\n<!-- \/ Yoast SEO plugin. -->","yoast_head_json":{"title":"INSCRIPCI\u00d3 DE SUPORT A F\u00d2RUM H\u00c0BITAT - Comer\u00e7 Moble","description":"F\u00d2RUM H\u00c0BITAT ESPANYA \u00e9s la resposta que des de fa uns mesos els comer\u00e7os de mobles i decoraci\u00f3 d\u2019Espanya reclamaven. En els pocs mesos que portem junts, hem demostrat que hem sigut la veu alta i clara defensant els interessos del sector.","robots":{"index":"index","follow":"follow","max-snippet":"max-snippet:-1","max-image-preview":"max-image-preview:large","max-video-preview":"max-video-preview:-1"},"canonical":"https:\/\/comercmoble.com\/ca\/inscripcio-de-suport-a-forum-habitat\/","og_locale":"en_US","og_type":"article","og_title":"INSCRIPCI\u00d3 DE SUPORT A F\u00d2RUM H\u00c0BITAT - Comer\u00e7 Moble","og_description":"F\u00d2RUM H\u00c0BITAT ESPANYA \u00e9s la resposta que des de fa uns mesos els comer\u00e7os de mobles i decoraci\u00f3 d\u2019Espanya reclamaven. En els pocs mesos que portem junts, hem demostrat que hem sigut la veu alta i clara defensant els interessos del sector.","og_url":"https:\/\/comercmoble.com\/ca\/inscripcio-de-suport-a-forum-habitat\/","og_site_name":"Comer\u00e7 Moble","article_published_time":"2021-06-04T10:43:19+00:00","article_modified_time":"2021-06-04T10:43:22+00:00","og_image":[{"width":457,"height":252,"url":"https:\/\/comercmoble.com\/wp-content\/uploads\/2020\/07\/foto-habitat-espa\u00f1a-inscripcion.png","type":"image\/png"}],"author":"Comer\u00e7 Moble","twitter_card":"summary_large_image","twitter_misc":{"Written by":"Comer\u00e7 Moble","Est. reading time":"1 minute"},"schema":{"@context":"https:\/\/schema.org","@graph":[{"@type":"Article","@id":"https:\/\/comercmoble.com\/ca\/inscripcio-de-suport-a-forum-habitat\/#article","isPartOf":{"@id":"https:\/\/comercmoble.com\/ca\/inscripcio-de-suport-a-forum-habitat\/"},"author":{"name":"Comer\u00e7 Moble","@id":"https:\/\/comercmoble.com\/ca\/#\/schema\/person\/42166a9f0f577bfa390efd898082a506"},"headline":"INSCRIPCI\u00d3 DE SUPORT A F\u00d2RUM H\u00c0BITAT","datePublished":"2021-06-04T10:43:19+00:00","dateModified":"2021-06-04T10:43:22+00:00","mainEntityOfPage":{"@id":"https:\/\/comercmoble.com\/ca\/inscripcio-de-suport-a-forum-habitat\/"},"wordCount":272,"publisher":{"@id":"https:\/\/comercmoble.com\/ca\/#organization"},"image":{"@id":"https:\/\/comercmoble.com\/ca\/inscripcio-de-suport-a-forum-habitat\/#primaryimage"},"thumbnailUrl":"https:\/\/comercmoble.com\/wp-content\/uploads\/2020\/07\/foto-habitat-espa\u00f1a-inscripcion.png","keywords":["FORO H\u00c0BITAT ESPANYA"],"articleSection":["Sense categoria"],"inLanguage":"va-VA"},{"@type":"WebPage","@id":"https:\/\/comercmoble.com\/ca\/inscripcio-de-suport-a-forum-habitat\/","url":"https:\/\/comercmoble.com\/ca\/inscripcio-de-suport-a-forum-habitat\/","name":"INSCRIPCI\u00d3 DE SUPORT A F\u00d2RUM H\u00c0BITAT - Comer\u00e7 Moble","isPartOf":{"@id":"https:\/\/comercmoble.com\/ca\/#website"},"primaryImageOfPage":{"@id":"https:\/\/comercmoble.com\/ca\/inscripcio-de-suport-a-forum-habitat\/#primaryimage"},"image":{"@id":"https:\/\/comercmoble.com\/ca\/inscripcio-de-suport-a-forum-habitat\/#primaryimage"},"thumbnailUrl":"https:\/\/comercmoble.com\/wp-content\/uploads\/2020\/07\/foto-habitat-espa\u00f1a-inscripcion.png","datePublished":"2021-06-04T10:43:19+00:00","dateModified":"2021-06-04T10:43:22+00:00","description":"F\u00d2RUM H\u00c0BITAT ESPANYA \u00e9s la resposta que des de fa uns mesos els comer\u00e7os de mobles i decoraci\u00f3 d\u2019Espanya reclamaven. En els pocs mesos que portem junts, hem demostrat que hem sigut la veu alta i clara defensant els interessos del sector.","breadcrumb":{"@id":"https:\/\/comercmoble.com\/ca\/inscripcio-de-suport-a-forum-habitat\/#breadcrumb"},"inLanguage":"va-VA","potentialAction":[{"@type":"ReadAction","target":["https:\/\/comercmoble.com\/ca\/inscripcio-de-suport-a-forum-habitat\/"]}]},{"@type":"ImageObject","inLanguage":"va-VA","@id":"https:\/\/comercmoble.com\/ca\/inscripcio-de-suport-a-forum-habitat\/#primaryimage","url":"https:\/\/comercmoble.com\/wp-content\/uploads\/2020\/07\/foto-habitat-espa\u00f1a-inscripcion.png","contentUrl":"https:\/\/comercmoble.com\/wp-content\/uploads\/2020\/07\/foto-habitat-espa\u00f1a-inscripcion.png","width":457,"height":252},{"@type":"BreadcrumbList","@id":"https:\/\/comercmoble.com\/ca\/inscripcio-de-suport-a-forum-habitat\/#breadcrumb","itemListElement":[{"@type":"ListItem","position":1,"name":"Inicio","item":"https:\/\/comercmoble.com\/"},{"@type":"ListItem","position":2,"name":"Sin categorizar","item":"https:\/\/comercmoble.com\/category\/sin-categorizar\/"},{"@type":"ListItem","position":3,"name":"INSCRIPCI\u00d3 DE SUPORT A F\u00d2RUM H\u00c0BITAT"}]},{"@type":"WebSite","@id":"https:\/\/comercmoble.com\/ca\/#website","url":"https:\/\/comercmoble.com\/ca\/","name":"Comer\u00e7 Moble","description":"Asociaci\u00f3n de Comercios del Muebles de la Comunidad Valencia","publisher":{"@id":"https:\/\/comercmoble.com\/ca\/#organization"},"potentialAction":[{"@type":"SearchAction","target":{"@type":"EntryPoint","urlTemplate":"https:\/\/comercmoble.com\/ca\/?s={search_term_string}"},"query-input":{"@type":"PropertyValueSpecification","valueRequired":true,"valueName":"search_term_string"}}],"inLanguage":"va-VA"},{"@type":"Organization","@id":"https:\/\/comercmoble.com\/ca\/#organization","name":"ASOCIACI\u00d3N PARA LA DISTRIBUCI\u00d3N Y COMERCIO DEL H\u00c1BITAT DE LA COMUNIDAD VALENCIANA","url":"https:\/\/comercmoble.com\/ca\/","logo":{"@type":"ImageObject","inLanguage":"va-VA","@id":"https:\/\/comercmoble.com\/ca\/#\/schema\/logo\/image\/","url":"https:\/\/comercmoble.com\/wp-content\/uploads\/2018\/11\/logo.png","contentUrl":"https:\/\/comercmoble.com\/wp-content\/uploads\/2018\/11\/logo.png","width":213,"height":67,"caption":"ASOCIACI\u00d3N PARA LA DISTRIBUCI\u00d3N Y COMERCIO DEL H\u00c1BITAT DE LA COMUNIDAD VALENCIANA"},"image":{"@id":"https:\/\/comercmoble.com\/ca\/#\/schema\/logo\/image\/"}},{"@type":"Person","@id":"https:\/\/comercmoble.com\/ca\/#\/schema\/person\/42166a9f0f577bfa390efd898082a506","name":"Comer\u00e7 Moble","image":{"@type":"ImageObject","inLanguage":"va-VA","@id":"https:\/\/secure.gravatar.com\/avatar\/90ad19cb763e14b2dfd0aa43e309e93bb6e95477e668c2ae130552c4fa1c62b5?s=96&d=mm&r=g","url":"https:\/\/secure.gravatar.com\/avatar\/90ad19cb763e14b2dfd0aa43e309e93bb6e95477e668c2ae130552c4fa1c62b5?s=96&d=mm&r=g","contentUrl":"https:\/\/secure.gravatar.com\/avatar\/90ad19cb763e14b2dfd0aa43e309e93bb6e95477e668c2ae130552c4fa1c62b5?s=96&d=mm&r=g","caption":"Comer\u00e7 Moble"},"url":"https:\/\/comercmoble.com\/ca\/author\/administrador\/"}]}},"_links":{"self":[{"href":"https:\/\/comercmoble.com\/ca\/wp-json\/wp\/v2\/posts\/4465","targetHints":{"allow":["GET"]}}],"collection":[{"href":"https:\/\/comercmoble.com\/ca\/wp-json\/wp\/v2\/posts"}],"about":[{"href":"https:\/\/comercmoble.com\/ca\/wp-json\/wp\/v2\/types\/post"}],"author":[{"embeddable":true,"href":"https:\/\/comercmoble.com\/ca\/wp-json\/wp\/v2\/users\/2"}],"replies":[{"embeddable":true,"href":"https:\/\/comercmoble.com\/ca\/wp-json\/wp\/v2\/comments?post=4465"}],"version-history":[{"count":1,"href":"https:\/\/comercmoble.com\/ca\/wp-json\/wp\/v2\/posts\/4465\/revisions"}],"predecessor-version":[{"id":4466,"href":"https:\/\/comercmoble.com\/ca\/wp-json\/wp\/v2\/posts\/4465\/revisions\/4466"}],"wp:featuredmedia":[{"embeddable":true,"href":"https:\/\/comercmoble.com\/ca\/wp-json\/wp\/v2\/media\/3986"}],"wp:attachment":[{"href":"https:\/\/comercmoble.com\/ca\/wp-json\/wp\/v2\/media?parent=4465"}],"wp:term":[{"taxonomy":"category","embeddable":true,"href":"https:\/\/comercmoble.com\/ca\/wp-json\/wp\/v2\/categories?post=4465"},{"taxonomy":"post_tag","embeddable":true,"href":"https:\/\/comercmoble.com\/ca\/wp-json\/wp\/v2\/tags?post=4465"}],"curies":[{"name":"wp","href":"https:\/\/api.w.org\/{rel}","templated":true}]}}