{"id":4463,"date":"2021-06-04T12:36:45","date_gmt":"2021-06-04T10:36:45","guid":{"rendered":"https:\/\/comercmoble.com\/comercmoble-signa-un-conveni-de-col%c2%b7laboracio-amb-el-despatx-dadvocats-ecija"},"modified":"2021-06-04T12:36:47","modified_gmt":"2021-06-04T10:36:47","slug":"comercmoble-signa-un-conveni-de-col%c2%b7laboracio-amb-el-despatx-dadvocats-ecija","status":"publish","type":"post","link":"https:\/\/comercmoble.com\/ca\/comercmoble-signa-un-conveni-de-col%c2%b7laboracio-amb-el-despatx-dadvocats-ecija\/","title":{"rendered":"Comer\u00e7Moble signa un conveni de col\u00b7laboraci\u00f3 amb el despatx d&#8217;advocats \u00c9cija"},"content":{"rendered":"<p>Val\u00e8ncia, 23 de juliol de 2020. L\u2019Associaci\u00f3 de comer\u00e7os del Moble i l\u2019H\u00e0bitat de la Comunitat Valenciana (COMER\u00c7MOBLE ) i el despatx d\u2019advocats \u00c9CIJA, signatura full-servicelider en economia digital i innovaci\u00f3, signen un conveni de col\u00b7laboraci\u00f3 perqu\u00e8 els associats tinguen un primer assessorament gratu\u00eft quan el sol\u00b7liciten i puguen abordar la transformaci\u00f3 digital del seu negoci, aix\u00ed com gestionar el comer\u00e7 electr\u00f2nic de manera segura des del punt de vista legal, sense comprometre la reputaci\u00f3 amb els seus consumidors i evitant reclamacions i possibles infraccions de les autoritats de consum.<\/p>\n<p>\u201cJa des de fa temps, per\u00f2 sobretot en aquest moment, ha quedat clara la necessitat de digitalitzaci\u00f3 dels nostres comer\u00e7os amb els mesos passats i els que encara queden.\u201d-Gl\u00f2ria Vaquer-presidenta de COMER\u00c7MOBLE. \u201cQualsevol negoci digital ha de plantejar-se que la prestaci\u00f3 de serveis o venda de productes en l\u00ednia converteix el titular de la plataforma en un Prestador de Serveis de la Societat de la Informaci\u00f3 (PSSI) i subjecte a les responsabilitats establides en la normativa. \u201cDes d\u2019ECIJA estem molt il\u00b7lusionats amb poder ajudar els membres de l\u2019Associaci\u00f3 per a digitalitzar-se sense cometre riscos\u201d, explica Salvador Silvestre, soci d\u2019ECIJA Val\u00e8ncia.<\/p>\n<p>Els comer\u00e7os que no ho han fet, han d\u2019iniciar aquesta transformaci\u00f3. Els que ja van comen\u00e7ar, millorar-la. Per\u00f2 sobretot complementar el gran servei que es dona als clients i a les clientes de manera personal, amb la innovaci\u00f3 que aquest gran repte suposa per al sector de l\u2019h\u00e0bitat. Per\u00f2 sempre d\u2019una forma segura per als clients i les clientes, perqu\u00e8 a la compra presencial a les botigues que s\u2019ha demostrat que no t\u00e9 risc en aquest temps de la COVID 19-(protocols de seguretat aprovats pel COMER\u00c7MOBLE abans de les obertures) s\u2019unisca la seguretat de la compra en l\u00ednia.<\/p>\n<p><a href=\"https:\/\/ecija.com\/\">Sobre ECIJA<\/a><br \/>\n\u00c9CIJA, amb m\u00e9s de 20 anys d\u2019experi\u00e8ncia, est\u00e0 en el Top 10 de les millors signatures d\u2019Espanya, segons els prestigiosos r\u00e0nquings de Chambers&amp;Partners i The Legal 500 i s\u2019ha consolidat en el primer lloc com a signatura d\u2019assessorament jur\u00eddic full service. Ha sigut reconeguda per The Lawyer com a millor signatura de TMT d\u2019Europa i per Financial Times entre les deu signatures m\u00e9s innovadores del continent. La seua rellev\u00e0ncia en el mercat local ha sigut reconeguda per Expansi\u00f3n i per Forbes, que l\u2019han reconeguda com a millor signatura en Economia Digital d\u2019Espanya. \u00c9CIJA disposa d\u2019un equip de 122 socis i m\u00e9s de 600 professionals a nivell global, distribu\u00efts en pa\u00efsos com Espanya, Portugal, els Estats Units, Xile, Hondures, Costa Rica, Rep\u00fablica Dominicana, Nicaragua, Guatemala, El Salvador, Puerto Rico, Panam\u00e0, M\u00e8xic, el Brasil i l\u2019Equador.<\/p>\n","protected":false},"excerpt":{"rendered":"<p>Val\u00e8ncia, 23 de juliol de 2020. L\u2019Associaci\u00f3 de comer\u00e7os del Moble i l\u2019H\u00e0bitat de la Comunitat Valenciana (COMER\u00c7MOBLE ) i el despatx d\u2019advocats \u00c9CIJA, signatura full-servicelider en economia digital i innovaci\u00f3, signen un conveni de col\u00b7laboraci\u00f3&#8230;<\/p>\n","protected":false},"author":2,"featured_media":3989,"comment_status":"closed","ping_status":"closed","sticky":false,"template":"","format":"standard","meta":{"_et_pb_use_builder":"","_et_pb_old_content":"","_et_gb_content_width":"","footnotes":""},"categories":[256],"tags":[280,281,282],"class_list":["post-4463","post","type-post","status-publish","format-standard","has-post-thumbnail","hentry","category-sense-categoria","tag-conveni","tag-despatx-dadvocats-ecija","tag-ecija-ca"],"yoast_head":"<!-- This site is optimized with the Yoast SEO plugin v27.4 - https:\/\/yoast.com\/product\/yoast-seo-wordpress\/ -->\n<title>Comer\u00e7Moble signa un conveni de col\u00b7laboraci\u00f3 amb el despatx d&#039;advocats \u00c9cija<\/title>\n<meta name=\"description\" content=\"L\u2019Associaci\u00f3 de comer\u00e7os del Moble i l\u2019H\u00e0bitat de la Comunitat Valenciana (COMER\u00c7MOBLE ) i el despatx d\u2019advocats \u00c9CIJA, signatura full-servicelider en economia digital i innovaci\u00f3, signen un conveni de col\u00b7laboraci\u00f3 perqu\u00e8 els associats tinguen un primer assessorament gratu\u00eft quan el sol\u00b7liciten i puguen abordar la transformaci\u00f3 digital del seu negoci, aix\u00ed com gestionar el comer\u00e7 electr\u00f2nic de manera segura des del punt de vista legal, sense comprometre la reputaci\u00f3 amb els seus consumidors i evitant reclamacions i possibles infraccions de les autoritats de consum.\" \/>\n<meta name=\"robots\" content=\"index, follow, max-snippet:-1, max-image-preview:large, max-video-preview:-1\" \/>\n<link rel=\"canonical\" href=\"https:\/\/comercmoble.com\/ca\/comercmoble-signa-un-conveni-de-col\u00b7laboracio-amb-el-despatx-dadvocats-ecija\/\" \/>\n<meta property=\"og:locale\" content=\"en_US\" \/>\n<meta property=\"og:type\" content=\"article\" \/>\n<meta property=\"og:title\" content=\"Comer\u00e7Moble signa un conveni de col\u00b7laboraci\u00f3 amb el despatx d&#039;advocats \u00c9cija\" \/>\n<meta property=\"og:description\" content=\"L\u2019Associaci\u00f3 de comer\u00e7os del Moble i l\u2019H\u00e0bitat de la Comunitat Valenciana (COMER\u00c7MOBLE ) i el despatx d\u2019advocats \u00c9CIJA, signatura full-servicelider en economia digital i innovaci\u00f3, signen un conveni de col\u00b7laboraci\u00f3 perqu\u00e8 els associats tinguen un primer assessorament gratu\u00eft quan el sol\u00b7liciten i puguen abordar la transformaci\u00f3 digital del seu negoci, aix\u00ed com gestionar el comer\u00e7 electr\u00f2nic de manera segura des del punt de vista legal, sense comprometre la reputaci\u00f3 amb els seus consumidors i evitant reclamacions i possibles infraccions de les autoritats de consum.\" \/>\n<meta property=\"og:url\" content=\"https:\/\/comercmoble.com\/ca\/comercmoble-signa-un-conveni-de-col\u00b7laboracio-amb-el-despatx-dadvocats-ecija\/\" \/>\n<meta property=\"og:site_name\" content=\"Comer\u00e7 Moble\" \/>\n<meta property=\"article:published_time\" content=\"2021-06-04T10:36:45+00:00\" \/>\n<meta property=\"article:modified_time\" content=\"2021-06-04T10:36:47+00:00\" \/>\n<meta property=\"og:image\" content=\"https:\/\/comercmoble.com\/wp-content\/uploads\/2020\/07\/ECIJA-1-1024x768.jpg\" \/>\n\t<meta property=\"og:image:width\" content=\"1024\" \/>\n\t<meta property=\"og:image:height\" content=\"768\" \/>\n\t<meta property=\"og:image:type\" content=\"image\/jpeg\" \/>\n<meta name=\"author\" content=\"Comer\u00e7 Moble\" \/>\n<meta name=\"twitter:card\" content=\"summary_large_image\" \/>\n<meta name=\"twitter:label1\" content=\"Written by\" \/>\n\t<meta name=\"twitter:data1\" content=\"Comer\u00e7 Moble\" \/>\n\t<meta name=\"twitter:label2\" content=\"Est. reading time\" \/>\n\t<meta name=\"twitter:data2\" content=\"2 minutes\" \/>\n<script type=\"application\/ld+json\" class=\"yoast-schema-graph\">{\"@context\":\"https:\\\/\\\/schema.org\",\"@graph\":[{\"@type\":\"Article\",\"@id\":\"https:\\\/\\\/comercmoble.com\\\/ca\\\/comercmoble-signa-un-conveni-de-col%c2%b7laboracio-amb-el-despatx-dadvocats-ecija\\\/#article\",\"isPartOf\":{\"@id\":\"https:\\\/\\\/comercmoble.com\\\/ca\\\/comercmoble-signa-un-conveni-de-col%c2%b7laboracio-amb-el-despatx-dadvocats-ecija\\\/\"},\"author\":{\"name\":\"Comer\u00e7 Moble\",\"@id\":\"https:\\\/\\\/comercmoble.com\\\/ca\\\/#\\\/schema\\\/person\\\/42166a9f0f577bfa390efd898082a506\"},\"headline\":\"Comer\u00e7Moble signa un conveni de col\u00b7laboraci\u00f3 amb el despatx d&#8217;advocats \u00c9cija\",\"datePublished\":\"2021-06-04T10:36:45+00:00\",\"dateModified\":\"2021-06-04T10:36:47+00:00\",\"mainEntityOfPage\":{\"@id\":\"https:\\\/\\\/comercmoble.com\\\/ca\\\/comercmoble-signa-un-conveni-de-col%c2%b7laboracio-amb-el-despatx-dadvocats-ecija\\\/\"},\"wordCount\":485,\"publisher\":{\"@id\":\"https:\\\/\\\/comercmoble.com\\\/ca\\\/#organization\"},\"image\":{\"@id\":\"https:\\\/\\\/comercmoble.com\\\/ca\\\/comercmoble-signa-un-conveni-de-col%c2%b7laboracio-amb-el-despatx-dadvocats-ecija\\\/#primaryimage\"},\"thumbnailUrl\":\"https:\\\/\\\/comercmoble.com\\\/wp-content\\\/uploads\\\/2020\\\/07\\\/ECIJA-1.jpg\",\"keywords\":[\"conveni\",\"despatx d'advocats \u00c9cija\",\"\u00c9cija\"],\"articleSection\":[\"Sense categoria\"],\"inLanguage\":\"va-VA\"},{\"@type\":\"WebPage\",\"@id\":\"https:\\\/\\\/comercmoble.com\\\/ca\\\/comercmoble-signa-un-conveni-de-col%c2%b7laboracio-amb-el-despatx-dadvocats-ecija\\\/\",\"url\":\"https:\\\/\\\/comercmoble.com\\\/ca\\\/comercmoble-signa-un-conveni-de-col%c2%b7laboracio-amb-el-despatx-dadvocats-ecija\\\/\",\"name\":\"Comer\u00e7Moble signa un conveni de col\u00b7laboraci\u00f3 amb el despatx d'advocats \u00c9cija\",\"isPartOf\":{\"@id\":\"https:\\\/\\\/comercmoble.com\\\/ca\\\/#website\"},\"primaryImageOfPage\":{\"@id\":\"https:\\\/\\\/comercmoble.com\\\/ca\\\/comercmoble-signa-un-conveni-de-col%c2%b7laboracio-amb-el-despatx-dadvocats-ecija\\\/#primaryimage\"},\"image\":{\"@id\":\"https:\\\/\\\/comercmoble.com\\\/ca\\\/comercmoble-signa-un-conveni-de-col%c2%b7laboracio-amb-el-despatx-dadvocats-ecija\\\/#primaryimage\"},\"thumbnailUrl\":\"https:\\\/\\\/comercmoble.com\\\/wp-content\\\/uploads\\\/2020\\\/07\\\/ECIJA-1.jpg\",\"datePublished\":\"2021-06-04T10:36:45+00:00\",\"dateModified\":\"2021-06-04T10:36:47+00:00\",\"description\":\"L\u2019Associaci\u00f3 de comer\u00e7os del Moble i l\u2019H\u00e0bitat de la Comunitat Valenciana (COMER\u00c7MOBLE ) i el despatx d\u2019advocats \u00c9CIJA, signatura full-servicelider en economia digital i innovaci\u00f3, signen un conveni de col\u00b7laboraci\u00f3 perqu\u00e8 els associats tinguen un primer assessorament gratu\u00eft quan el sol\u00b7liciten i puguen abordar la transformaci\u00f3 digital del seu negoci, aix\u00ed com gestionar el comer\u00e7 electr\u00f2nic de manera segura des del punt de vista legal, sense comprometre la reputaci\u00f3 amb els seus consumidors i evitant reclamacions i possibles infraccions de les autoritats de consum.\",\"breadcrumb\":{\"@id\":\"https:\\\/\\\/comercmoble.com\\\/ca\\\/comercmoble-signa-un-conveni-de-col%c2%b7laboracio-amb-el-despatx-dadvocats-ecija\\\/#breadcrumb\"},\"inLanguage\":\"va-VA\",\"potentialAction\":[{\"@type\":\"ReadAction\",\"target\":[\"https:\\\/\\\/comercmoble.com\\\/ca\\\/comercmoble-signa-un-conveni-de-col%c2%b7laboracio-amb-el-despatx-dadvocats-ecija\\\/\"]}]},{\"@type\":\"ImageObject\",\"inLanguage\":\"va-VA\",\"@id\":\"https:\\\/\\\/comercmoble.com\\\/ca\\\/comercmoble-signa-un-conveni-de-col%c2%b7laboracio-amb-el-despatx-dadvocats-ecija\\\/#primaryimage\",\"url\":\"https:\\\/\\\/comercmoble.com\\\/wp-content\\\/uploads\\\/2020\\\/07\\\/ECIJA-1.jpg\",\"contentUrl\":\"https:\\\/\\\/comercmoble.com\\\/wp-content\\\/uploads\\\/2020\\\/07\\\/ECIJA-1.jpg\",\"width\":4032,\"height\":3024},{\"@type\":\"BreadcrumbList\",\"@id\":\"https:\\\/\\\/comercmoble.com\\\/ca\\\/comercmoble-signa-un-conveni-de-col%c2%b7laboracio-amb-el-despatx-dadvocats-ecija\\\/#breadcrumb\",\"itemListElement\":[{\"@type\":\"ListItem\",\"position\":1,\"name\":\"Inicio\",\"item\":\"https:\\\/\\\/comercmoble.com\\\/\"},{\"@type\":\"ListItem\",\"position\":2,\"name\":\"Sense categoria\",\"item\":\"https:\\\/\\\/comercmoble.com\\\/ca\\\/category\\\/sense-categoria\\\/\"},{\"@type\":\"ListItem\",\"position\":3,\"name\":\"Comer\u00e7Moble signa un conveni de col\u00b7laboraci\u00f3 amb el despatx d&#8217;advocats \u00c9cija\"}]},{\"@type\":\"WebSite\",\"@id\":\"https:\\\/\\\/comercmoble.com\\\/ca\\\/#website\",\"url\":\"https:\\\/\\\/comercmoble.com\\\/ca\\\/\",\"name\":\"Comer\u00e7 Moble\",\"description\":\"Asociaci\u00f3n de Comercios del Muebles de la Comunidad Valencia\",\"publisher\":{\"@id\":\"https:\\\/\\\/comercmoble.com\\\/ca\\\/#organization\"},\"potentialAction\":[{\"@type\":\"SearchAction\",\"target\":{\"@type\":\"EntryPoint\",\"urlTemplate\":\"https:\\\/\\\/comercmoble.com\\\/ca\\\/?s={search_term_string}\"},\"query-input\":{\"@type\":\"PropertyValueSpecification\",\"valueRequired\":true,\"valueName\":\"search_term_string\"}}],\"inLanguage\":\"va-VA\"},{\"@type\":\"Organization\",\"@id\":\"https:\\\/\\\/comercmoble.com\\\/ca\\\/#organization\",\"name\":\"ASOCIACI\u00d3N PARA LA DISTRIBUCI\u00d3N Y COMERCIO DEL H\u00c1BITAT DE LA COMUNIDAD VALENCIANA\",\"url\":\"https:\\\/\\\/comercmoble.com\\\/ca\\\/\",\"logo\":{\"@type\":\"ImageObject\",\"inLanguage\":\"va-VA\",\"@id\":\"https:\\\/\\\/comercmoble.com\\\/ca\\\/#\\\/schema\\\/logo\\\/image\\\/\",\"url\":\"https:\\\/\\\/comercmoble.com\\\/wp-content\\\/uploads\\\/2018\\\/11\\\/logo.png\",\"contentUrl\":\"https:\\\/\\\/comercmoble.com\\\/wp-content\\\/uploads\\\/2018\\\/11\\\/logo.png\",\"width\":213,\"height\":67,\"caption\":\"ASOCIACI\u00d3N PARA LA DISTRIBUCI\u00d3N Y COMERCIO DEL H\u00c1BITAT DE LA COMUNIDAD VALENCIANA\"},\"image\":{\"@id\":\"https:\\\/\\\/comercmoble.com\\\/ca\\\/#\\\/schema\\\/logo\\\/image\\\/\"}},{\"@type\":\"Person\",\"@id\":\"https:\\\/\\\/comercmoble.com\\\/ca\\\/#\\\/schema\\\/person\\\/42166a9f0f577bfa390efd898082a506\",\"name\":\"Comer\u00e7 Moble\",\"image\":{\"@type\":\"ImageObject\",\"inLanguage\":\"va-VA\",\"@id\":\"https:\\\/\\\/secure.gravatar.com\\\/avatar\\\/90ad19cb763e14b2dfd0aa43e309e93bb6e95477e668c2ae130552c4fa1c62b5?s=96&d=mm&r=g\",\"url\":\"https:\\\/\\\/secure.gravatar.com\\\/avatar\\\/90ad19cb763e14b2dfd0aa43e309e93bb6e95477e668c2ae130552c4fa1c62b5?s=96&d=mm&r=g\",\"contentUrl\":\"https:\\\/\\\/secure.gravatar.com\\\/avatar\\\/90ad19cb763e14b2dfd0aa43e309e93bb6e95477e668c2ae130552c4fa1c62b5?s=96&d=mm&r=g\",\"caption\":\"Comer\u00e7 Moble\"},\"url\":\"https:\\\/\\\/comercmoble.com\\\/ca\\\/author\\\/administrador\\\/\"}]}<\/script>\n<!-- \/ Yoast SEO plugin. -->","yoast_head_json":{"title":"Comer\u00e7Moble signa un conveni de col\u00b7laboraci\u00f3 amb el despatx d'advocats \u00c9cija","description":"L\u2019Associaci\u00f3 de comer\u00e7os del Moble i l\u2019H\u00e0bitat de la Comunitat Valenciana (COMER\u00c7MOBLE ) i el despatx d\u2019advocats \u00c9CIJA, signatura full-servicelider en economia digital i innovaci\u00f3, signen un conveni de col\u00b7laboraci\u00f3 perqu\u00e8 els associats tinguen un primer assessorament gratu\u00eft quan el sol\u00b7liciten i puguen abordar la transformaci\u00f3 digital del seu negoci, aix\u00ed com gestionar el comer\u00e7 electr\u00f2nic de manera segura des del punt de vista legal, sense comprometre la reputaci\u00f3 amb els seus consumidors i evitant reclamacions i possibles infraccions de les autoritats de consum.","robots":{"index":"index","follow":"follow","max-snippet":"max-snippet:-1","max-image-preview":"max-image-preview:large","max-video-preview":"max-video-preview:-1"},"canonical":"https:\/\/comercmoble.com\/ca\/comercmoble-signa-un-conveni-de-col\u00b7laboracio-amb-el-despatx-dadvocats-ecija\/","og_locale":"en_US","og_type":"article","og_title":"Comer\u00e7Moble signa un conveni de col\u00b7laboraci\u00f3 amb el despatx d'advocats \u00c9cija","og_description":"L\u2019Associaci\u00f3 de comer\u00e7os del Moble i l\u2019H\u00e0bitat de la Comunitat Valenciana (COMER\u00c7MOBLE ) i el despatx d\u2019advocats \u00c9CIJA, signatura full-servicelider en economia digital i innovaci\u00f3, signen un conveni de col\u00b7laboraci\u00f3 perqu\u00e8 els associats tinguen un primer assessorament gratu\u00eft quan el sol\u00b7liciten i puguen abordar la transformaci\u00f3 digital del seu negoci, aix\u00ed com gestionar el comer\u00e7 electr\u00f2nic de manera segura des del punt de vista legal, sense comprometre la reputaci\u00f3 amb els seus consumidors i evitant reclamacions i possibles infraccions de les autoritats de consum.","og_url":"https:\/\/comercmoble.com\/ca\/comercmoble-signa-un-conveni-de-col\u00b7laboracio-amb-el-despatx-dadvocats-ecija\/","og_site_name":"Comer\u00e7 Moble","article_published_time":"2021-06-04T10:36:45+00:00","article_modified_time":"2021-06-04T10:36:47+00:00","og_image":[{"width":1024,"height":768,"url":"https:\/\/comercmoble.com\/wp-content\/uploads\/2020\/07\/ECIJA-1-1024x768.jpg","type":"image\/jpeg"}],"author":"Comer\u00e7 Moble","twitter_card":"summary_large_image","twitter_misc":{"Written by":"Comer\u00e7 Moble","Est. reading time":"2 minutes"},"schema":{"@context":"https:\/\/schema.org","@graph":[{"@type":"Article","@id":"https:\/\/comercmoble.com\/ca\/comercmoble-signa-un-conveni-de-col%c2%b7laboracio-amb-el-despatx-dadvocats-ecija\/#article","isPartOf":{"@id":"https:\/\/comercmoble.com\/ca\/comercmoble-signa-un-conveni-de-col%c2%b7laboracio-amb-el-despatx-dadvocats-ecija\/"},"author":{"name":"Comer\u00e7 Moble","@id":"https:\/\/comercmoble.com\/ca\/#\/schema\/person\/42166a9f0f577bfa390efd898082a506"},"headline":"Comer\u00e7Moble signa un conveni de col\u00b7laboraci\u00f3 amb el despatx d&#8217;advocats \u00c9cija","datePublished":"2021-06-04T10:36:45+00:00","dateModified":"2021-06-04T10:36:47+00:00","mainEntityOfPage":{"@id":"https:\/\/comercmoble.com\/ca\/comercmoble-signa-un-conveni-de-col%c2%b7laboracio-amb-el-despatx-dadvocats-ecija\/"},"wordCount":485,"publisher":{"@id":"https:\/\/comercmoble.com\/ca\/#organization"},"image":{"@id":"https:\/\/comercmoble.com\/ca\/comercmoble-signa-un-conveni-de-col%c2%b7laboracio-amb-el-despatx-dadvocats-ecija\/#primaryimage"},"thumbnailUrl":"https:\/\/comercmoble.com\/wp-content\/uploads\/2020\/07\/ECIJA-1.jpg","keywords":["conveni","despatx d'advocats \u00c9cija","\u00c9cija"],"articleSection":["Sense categoria"],"inLanguage":"va-VA"},{"@type":"WebPage","@id":"https:\/\/comercmoble.com\/ca\/comercmoble-signa-un-conveni-de-col%c2%b7laboracio-amb-el-despatx-dadvocats-ecija\/","url":"https:\/\/comercmoble.com\/ca\/comercmoble-signa-un-conveni-de-col%c2%b7laboracio-amb-el-despatx-dadvocats-ecija\/","name":"Comer\u00e7Moble signa un conveni de col\u00b7laboraci\u00f3 amb el despatx d'advocats \u00c9cija","isPartOf":{"@id":"https:\/\/comercmoble.com\/ca\/#website"},"primaryImageOfPage":{"@id":"https:\/\/comercmoble.com\/ca\/comercmoble-signa-un-conveni-de-col%c2%b7laboracio-amb-el-despatx-dadvocats-ecija\/#primaryimage"},"image":{"@id":"https:\/\/comercmoble.com\/ca\/comercmoble-signa-un-conveni-de-col%c2%b7laboracio-amb-el-despatx-dadvocats-ecija\/#primaryimage"},"thumbnailUrl":"https:\/\/comercmoble.com\/wp-content\/uploads\/2020\/07\/ECIJA-1.jpg","datePublished":"2021-06-04T10:36:45+00:00","dateModified":"2021-06-04T10:36:47+00:00","description":"L\u2019Associaci\u00f3 de comer\u00e7os del Moble i l\u2019H\u00e0bitat de la Comunitat Valenciana (COMER\u00c7MOBLE ) i el despatx d\u2019advocats \u00c9CIJA, signatura full-servicelider en economia digital i innovaci\u00f3, signen un conveni de col\u00b7laboraci\u00f3 perqu\u00e8 els associats tinguen un primer assessorament gratu\u00eft quan el sol\u00b7liciten i puguen abordar la transformaci\u00f3 digital del seu negoci, aix\u00ed com gestionar el comer\u00e7 electr\u00f2nic de manera segura des del punt de vista legal, sense comprometre la reputaci\u00f3 amb els seus consumidors i evitant reclamacions i possibles infraccions de les autoritats de consum.","breadcrumb":{"@id":"https:\/\/comercmoble.com\/ca\/comercmoble-signa-un-conveni-de-col%c2%b7laboracio-amb-el-despatx-dadvocats-ecija\/#breadcrumb"},"inLanguage":"va-VA","potentialAction":[{"@type":"ReadAction","target":["https:\/\/comercmoble.com\/ca\/comercmoble-signa-un-conveni-de-col%c2%b7laboracio-amb-el-despatx-dadvocats-ecija\/"]}]},{"@type":"ImageObject","inLanguage":"va-VA","@id":"https:\/\/comercmoble.com\/ca\/comercmoble-signa-un-conveni-de-col%c2%b7laboracio-amb-el-despatx-dadvocats-ecija\/#primaryimage","url":"https:\/\/comercmoble.com\/wp-content\/uploads\/2020\/07\/ECIJA-1.jpg","contentUrl":"https:\/\/comercmoble.com\/wp-content\/uploads\/2020\/07\/ECIJA-1.jpg","width":4032,"height":3024},{"@type":"BreadcrumbList","@id":"https:\/\/comercmoble.com\/ca\/comercmoble-signa-un-conveni-de-col%c2%b7laboracio-amb-el-despatx-dadvocats-ecija\/#breadcrumb","itemListElement":[{"@type":"ListItem","position":1,"name":"Inicio","item":"https:\/\/comercmoble.com\/"},{"@type":"ListItem","position":2,"name":"Sense categoria","item":"https:\/\/comercmoble.com\/ca\/category\/sense-categoria\/"},{"@type":"ListItem","position":3,"name":"Comer\u00e7Moble signa un conveni de col\u00b7laboraci\u00f3 amb el despatx d&#8217;advocats \u00c9cija"}]},{"@type":"WebSite","@id":"https:\/\/comercmoble.com\/ca\/#website","url":"https:\/\/comercmoble.com\/ca\/","name":"Comer\u00e7 Moble","description":"Asociaci\u00f3n de Comercios del Muebles de la Comunidad Valencia","publisher":{"@id":"https:\/\/comercmoble.com\/ca\/#organization"},"potentialAction":[{"@type":"SearchAction","target":{"@type":"EntryPoint","urlTemplate":"https:\/\/comercmoble.com\/ca\/?s={search_term_string}"},"query-input":{"@type":"PropertyValueSpecification","valueRequired":true,"valueName":"search_term_string"}}],"inLanguage":"va-VA"},{"@type":"Organization","@id":"https:\/\/comercmoble.com\/ca\/#organization","name":"ASOCIACI\u00d3N PARA LA DISTRIBUCI\u00d3N Y COMERCIO DEL H\u00c1BITAT DE LA COMUNIDAD VALENCIANA","url":"https:\/\/comercmoble.com\/ca\/","logo":{"@type":"ImageObject","inLanguage":"va-VA","@id":"https:\/\/comercmoble.com\/ca\/#\/schema\/logo\/image\/","url":"https:\/\/comercmoble.com\/wp-content\/uploads\/2018\/11\/logo.png","contentUrl":"https:\/\/comercmoble.com\/wp-content\/uploads\/2018\/11\/logo.png","width":213,"height":67,"caption":"ASOCIACI\u00d3N PARA LA DISTRIBUCI\u00d3N Y COMERCIO DEL H\u00c1BITAT DE LA COMUNIDAD VALENCIANA"},"image":{"@id":"https:\/\/comercmoble.com\/ca\/#\/schema\/logo\/image\/"}},{"@type":"Person","@id":"https:\/\/comercmoble.com\/ca\/#\/schema\/person\/42166a9f0f577bfa390efd898082a506","name":"Comer\u00e7 Moble","image":{"@type":"ImageObject","inLanguage":"va-VA","@id":"https:\/\/secure.gravatar.com\/avatar\/90ad19cb763e14b2dfd0aa43e309e93bb6e95477e668c2ae130552c4fa1c62b5?s=96&d=mm&r=g","url":"https:\/\/secure.gravatar.com\/avatar\/90ad19cb763e14b2dfd0aa43e309e93bb6e95477e668c2ae130552c4fa1c62b5?s=96&d=mm&r=g","contentUrl":"https:\/\/secure.gravatar.com\/avatar\/90ad19cb763e14b2dfd0aa43e309e93bb6e95477e668c2ae130552c4fa1c62b5?s=96&d=mm&r=g","caption":"Comer\u00e7 Moble"},"url":"https:\/\/comercmoble.com\/ca\/author\/administrador\/"}]}},"_links":{"self":[{"href":"https:\/\/comercmoble.com\/ca\/wp-json\/wp\/v2\/posts\/4463","targetHints":{"allow":["GET"]}}],"collection":[{"href":"https:\/\/comercmoble.com\/ca\/wp-json\/wp\/v2\/posts"}],"about":[{"href":"https:\/\/comercmoble.com\/ca\/wp-json\/wp\/v2\/types\/post"}],"author":[{"embeddable":true,"href":"https:\/\/comercmoble.com\/ca\/wp-json\/wp\/v2\/users\/2"}],"replies":[{"embeddable":true,"href":"https:\/\/comercmoble.com\/ca\/wp-json\/wp\/v2\/comments?post=4463"}],"version-history":[{"count":1,"href":"https:\/\/comercmoble.com\/ca\/wp-json\/wp\/v2\/posts\/4463\/revisions"}],"predecessor-version":[{"id":4464,"href":"https:\/\/comercmoble.com\/ca\/wp-json\/wp\/v2\/posts\/4463\/revisions\/4464"}],"wp:featuredmedia":[{"embeddable":true,"href":"https:\/\/comercmoble.com\/ca\/wp-json\/wp\/v2\/media\/3989"}],"wp:attachment":[{"href":"https:\/\/comercmoble.com\/ca\/wp-json\/wp\/v2\/media?parent=4463"}],"wp:term":[{"taxonomy":"category","embeddable":true,"href":"https:\/\/comercmoble.com\/ca\/wp-json\/wp\/v2\/categories?post=4463"},{"taxonomy":"post_tag","embeddable":true,"href":"https:\/\/comercmoble.com\/ca\/wp-json\/wp\/v2\/tags?post=4463"}],"curies":[{"name":"wp","href":"https:\/\/api.w.org\/{rel}","templated":true}]}}