{"id":4461,"date":"2021-06-04T12:31:59","date_gmt":"2021-06-04T10:31:59","guid":{"rendered":"https:\/\/comercmoble.com\/el-sector-de-lhabitat-posa-en-marxa-la-creacio-dun-gran-lobby-sectorial"},"modified":"2021-06-04T12:32:00","modified_gmt":"2021-06-04T10:32:00","slug":"el-sector-de-lhabitat-posa-en-marxa-la-creacio-dun-gran-lobby-sectorial","status":"publish","type":"post","link":"https:\/\/comercmoble.com\/ca\/el-sector-de-lhabitat-posa-en-marxa-la-creacio-dun-gran-lobby-sectorial\/","title":{"rendered":"El Sector de l&#8217;H\u00e0bitat posa en marxa la creaci\u00f3 d&#8217;un gran lobby sectorial"},"content":{"rendered":"<p>Val\u00e8ncia, 22 de juliol de 2020. Es va celebrar en LES NAUS, i van assistir el President dels Dissenyadors de la CV \u2013ADCV (\u00c1ngel Mart\u00ednez), la Presidenta dels Comer\u00e7os de l&#8217;H\u00e0bitat de la CV- COMER\u00c7MOBLE (Gloria Vaquer) i el President dels Fabricants de Mobles de Val\u00e8ncia\u2013 AVIMA (Kiko Torrent), entre altres.<\/p>\n<p>L\u2019objectiu de F\u00d2RUM H\u00c0BITAT ESPANYA \u00e9s la creaci\u00f3 d\u2019un gran lobby reivindicatiu del sector del moble, il\u00b7luminaci\u00f3, decoraci\u00f3 i t\u00e8xtil llar, per a marcar les l\u00ednies de relaci\u00f3 amb el ministeri, potenciar el consum responsable, sostenible i circular del sector i fer veure a la resta de la societat la necessitat de mantindre aquesta ind\u00fastria com a generadora de benestar, equilibri i sostenibilitat.<\/p>\n<p>Convocats per F\u00f2rum H\u00e0bitat Espanya al qual representa Comer\u00e7moble a la Comunitat Valenciana, dissenyadors-es i fabricants es van reunir, per a argumentar i tra\u00e7ar les l\u00ednies del pla mestre del sector.<\/p>\n<p>Durant els passats mesos, hem percebut que el sector \u00e9s essencial, perqu\u00e8 en el nostre entorn m\u00e9s pr\u00f2xim, llar, treball, oci, \u00e9s l\u2019h\u00e0bitat el que aconsegueix que es visca millor, amb m\u00e9s harmonia de colors, estils, espais i per a aix\u00f2 necessitem el mobiliari i els seus complements, \u00e9s un b\u00e9 de primera necessitat que aporta benestar.<br \/>\nDisseny, tecnologia, avantguarda, posada en marxa, proc\u00e9s productiu, processos comercials de venda amb professionals que marquen pautes i eviten excessos, transport sostenible, muntatges, garanties, possibilitat de reparaci\u00f3, tots i totes al servei de totes i tots, ens permeten apostar per un sector de futur que compleix els requisits d\u2019una societat madura i exigent.<\/p>\n<p>A m\u00e9s, si el consum \u00e9s pr\u00f2xim, de producte fet ac\u00ed, ajudem a la millora del medi ambient: menys embalatge, petjada carb\u00f2nica m\u00e9s baixa, sostenibilitat i economia circular.<\/p>\n<p>Val\u00e8ncia \u00e9s un referent en disseny -VAL\u00c8NCIA CAPITAL DEL DISSENY 2022- amb objectius concrets a desenvolupar. Projectes com aquest de F\u00d2RUM H\u00c0BITAT ESPANYA poden refor\u00e7ar el consum MADE IN SPAIN. Projectes com aquest de F\u00d2RUM H\u00c0BITAT ESPANYA poden refor\u00e7ar el consum MADE IN SPAIN. En la reuni\u00f3 prevista amb el Ministeri, se li demanar\u00e0 col\u00b7laboraci\u00f3 per a aquest projecte, que pot generar tants beneficis per a l\u2019ocupaci\u00f3 futura i el benestar de les persones i la societat.<br \/>\nEl sector de l\u2019H\u00e0bitat \u00e9s un b\u00e9 com\u00fa a respectar i cuidar, \u00e9s un valor cultural intr\u00ednsec del nostre pa\u00eds i \u00e9s un futur de sostenibilitat i benestar.<\/p>\n<p>La digitalitzaci\u00f3 \u00e9s un instrument per a fomentar el coneixement i la proximitat del consumidor al sector, es fa imprescindible a l\u2019hora d\u2019abordar un canvi substancial de posici\u00f3 dels diferents actors de l\u2019H\u00e0bitat, ajudant a la transpar\u00e8ncia i a la millora de la comunicaci\u00f3 amb el consumidor i\/o consumidora.<\/p>\n","protected":false},"excerpt":{"rendered":"<p>Val\u00e8ncia, 22 de juliol de 2020. Es va celebrar en LES NAUS, i van assistir el President dels Dissenyadors de la CV \u2013ADCV (\u00c1ngel Mart\u00ednez), la Presidenta dels Comer\u00e7os de l&#8217;H\u00e0bitat de la CV- COMER\u00c7MOBLE (Gloria Vaquer) i el President dels Fabricants de Mobles de Val\u00e8ncia\u2013 AVIMA (Kiko Torrent), entre altres. L\u2019objectiu de F\u00d2RUM H\u00c0BITAT [&hellip;]<\/p>\n","protected":false},"author":2,"featured_media":3990,"comment_status":"closed","ping_status":"closed","sticky":false,"template":"","format":"standard","meta":{"_et_pb_use_builder":"","_et_pb_old_content":"","_et_gb_content_width":"","footnotes":""},"categories":[256],"tags":[277,276,279,275,278],"class_list":["post-4461","post","type-post","status-publish","format-standard","has-post-thumbnail","hentry","category-sense-categoria","tag-comerc-de-lhabitat-de-la-cv","tag-foro-habitat-espanya-ca","tag-made-in-spain-ca","tag-sector-de-lhabitat","tag-valencia-capital-del-diseny-2022"],"yoast_head":"<!-- This site is optimized with the Yoast SEO plugin v27.4 - https:\/\/yoast.com\/product\/yoast-seo-wordpress\/ -->\n<title>El Sector de l&#039;H\u00e0bitat posa en marxa la creaci\u00f3 d&#039;un gran lobby sectorial<\/title>\n<meta name=\"description\" content=\"Es va celebrar en LES NAUS, i van assistir el President dels Dissenyadors de la CV \u2013ADCV (\u00c1ngel Mart\u00ednez), la Presidenta dels Comer\u00e7os de l&#039;H\u00e0bitat de la CV- COMER\u00c7MOBLE (Gloria Vaquer) i el President dels Fabricants de Mobles de Val\u00e8ncia\u2013 AVIMA (Kiko Torrent), entre altres.\" \/>\n<meta name=\"robots\" content=\"index, follow, max-snippet:-1, max-image-preview:large, max-video-preview:-1\" \/>\n<link rel=\"canonical\" href=\"https:\/\/comercmoble.com\/ca\/el-sector-de-lhabitat-posa-en-marxa-la-creacio-dun-gran-lobby-sectorial\/\" \/>\n<meta property=\"og:locale\" content=\"en_US\" \/>\n<meta property=\"og:type\" content=\"article\" \/>\n<meta property=\"og:title\" content=\"El Sector de l&#039;H\u00e0bitat posa en marxa la creaci\u00f3 d&#039;un gran lobby sectorial\" \/>\n<meta property=\"og:description\" content=\"Es va celebrar en LES NAUS, i van assistir el President dels Dissenyadors de la CV \u2013ADCV (\u00c1ngel Mart\u00ednez), la Presidenta dels Comer\u00e7os de l&#039;H\u00e0bitat de la CV- COMER\u00c7MOBLE (Gloria Vaquer) i el President dels Fabricants de Mobles de Val\u00e8ncia\u2013 AVIMA (Kiko Torrent), entre altres.\" \/>\n<meta property=\"og:url\" content=\"https:\/\/comercmoble.com\/ca\/el-sector-de-lhabitat-posa-en-marxa-la-creacio-dun-gran-lobby-sectorial\/\" \/>\n<meta property=\"og:site_name\" content=\"Comer\u00e7 Moble\" \/>\n<meta property=\"article:published_time\" content=\"2021-06-04T10:31:59+00:00\" \/>\n<meta property=\"article:modified_time\" content=\"2021-06-04T10:32:00+00:00\" \/>\n<meta property=\"og:image\" content=\"https:\/\/comercmoble.com\/wp-content\/uploads\/2020\/07\/Sector-del-H\u00e1bitat.jpg\" \/>\n\t<meta property=\"og:image:width\" content=\"1297\" \/>\n\t<meta property=\"og:image:height\" content=\"971\" \/>\n\t<meta property=\"og:image:type\" content=\"image\/jpeg\" \/>\n<meta name=\"author\" content=\"Comer\u00e7 Moble\" \/>\n<meta name=\"twitter:card\" content=\"summary_large_image\" \/>\n<meta name=\"twitter:label1\" content=\"Written by\" \/>\n\t<meta name=\"twitter:data1\" content=\"Comer\u00e7 Moble\" \/>\n\t<meta name=\"twitter:label2\" content=\"Est. reading time\" \/>\n\t<meta name=\"twitter:data2\" content=\"2 minutes\" \/>\n<script type=\"application\/ld+json\" class=\"yoast-schema-graph\">{\"@context\":\"https:\\\/\\\/schema.org\",\"@graph\":[{\"@type\":\"Article\",\"@id\":\"https:\\\/\\\/comercmoble.com\\\/ca\\\/el-sector-de-lhabitat-posa-en-marxa-la-creacio-dun-gran-lobby-sectorial\\\/#article\",\"isPartOf\":{\"@id\":\"https:\\\/\\\/comercmoble.com\\\/ca\\\/el-sector-de-lhabitat-posa-en-marxa-la-creacio-dun-gran-lobby-sectorial\\\/\"},\"author\":{\"name\":\"Comer\u00e7 Moble\",\"@id\":\"https:\\\/\\\/comercmoble.com\\\/ca\\\/#\\\/schema\\\/person\\\/42166a9f0f577bfa390efd898082a506\"},\"headline\":\"El Sector de l&#8217;H\u00e0bitat posa en marxa la creaci\u00f3 d&#8217;un gran lobby sectorial\",\"datePublished\":\"2021-06-04T10:31:59+00:00\",\"dateModified\":\"2021-06-04T10:32:00+00:00\",\"mainEntityOfPage\":{\"@id\":\"https:\\\/\\\/comercmoble.com\\\/ca\\\/el-sector-de-lhabitat-posa-en-marxa-la-creacio-dun-gran-lobby-sectorial\\\/\"},\"wordCount\":502,\"publisher\":{\"@id\":\"https:\\\/\\\/comercmoble.com\\\/ca\\\/#organization\"},\"image\":{\"@id\":\"https:\\\/\\\/comercmoble.com\\\/ca\\\/el-sector-de-lhabitat-posa-en-marxa-la-creacio-dun-gran-lobby-sectorial\\\/#primaryimage\"},\"thumbnailUrl\":\"https:\\\/\\\/comercmoble.com\\\/wp-content\\\/uploads\\\/2020\\\/07\\\/Sector-del-H\u00e1bitat.jpg\",\"keywords\":[\"Comer\u00e7 de l'H\u00e0bitat de la CV\",\"FORO H\u00c0BITAT ESPANYA\",\"MADE IN SPAIN\",\"Sector de l'H\u00e0bitat\",\"VAL\u00c8NCIA CAPITAL DEL DISENY 2022-\"],\"articleSection\":[\"Sense categoria\"],\"inLanguage\":\"va-VA\"},{\"@type\":\"WebPage\",\"@id\":\"https:\\\/\\\/comercmoble.com\\\/ca\\\/el-sector-de-lhabitat-posa-en-marxa-la-creacio-dun-gran-lobby-sectorial\\\/\",\"url\":\"https:\\\/\\\/comercmoble.com\\\/ca\\\/el-sector-de-lhabitat-posa-en-marxa-la-creacio-dun-gran-lobby-sectorial\\\/\",\"name\":\"El Sector de l'H\u00e0bitat posa en marxa la creaci\u00f3 d'un gran lobby sectorial\",\"isPartOf\":{\"@id\":\"https:\\\/\\\/comercmoble.com\\\/ca\\\/#website\"},\"primaryImageOfPage\":{\"@id\":\"https:\\\/\\\/comercmoble.com\\\/ca\\\/el-sector-de-lhabitat-posa-en-marxa-la-creacio-dun-gran-lobby-sectorial\\\/#primaryimage\"},\"image\":{\"@id\":\"https:\\\/\\\/comercmoble.com\\\/ca\\\/el-sector-de-lhabitat-posa-en-marxa-la-creacio-dun-gran-lobby-sectorial\\\/#primaryimage\"},\"thumbnailUrl\":\"https:\\\/\\\/comercmoble.com\\\/wp-content\\\/uploads\\\/2020\\\/07\\\/Sector-del-H\u00e1bitat.jpg\",\"datePublished\":\"2021-06-04T10:31:59+00:00\",\"dateModified\":\"2021-06-04T10:32:00+00:00\",\"description\":\"Es va celebrar en LES NAUS, i van assistir el President dels Dissenyadors de la CV \u2013ADCV (\u00c1ngel Mart\u00ednez), la Presidenta dels Comer\u00e7os de l'H\u00e0bitat de la CV- COMER\u00c7MOBLE (Gloria Vaquer) i el President dels Fabricants de Mobles de Val\u00e8ncia\u2013 AVIMA (Kiko Torrent), entre altres.\",\"breadcrumb\":{\"@id\":\"https:\\\/\\\/comercmoble.com\\\/ca\\\/el-sector-de-lhabitat-posa-en-marxa-la-creacio-dun-gran-lobby-sectorial\\\/#breadcrumb\"},\"inLanguage\":\"va-VA\",\"potentialAction\":[{\"@type\":\"ReadAction\",\"target\":[\"https:\\\/\\\/comercmoble.com\\\/ca\\\/el-sector-de-lhabitat-posa-en-marxa-la-creacio-dun-gran-lobby-sectorial\\\/\"]}]},{\"@type\":\"ImageObject\",\"inLanguage\":\"va-VA\",\"@id\":\"https:\\\/\\\/comercmoble.com\\\/ca\\\/el-sector-de-lhabitat-posa-en-marxa-la-creacio-dun-gran-lobby-sectorial\\\/#primaryimage\",\"url\":\"https:\\\/\\\/comercmoble.com\\\/wp-content\\\/uploads\\\/2020\\\/07\\\/Sector-del-H\u00e1bitat.jpg\",\"contentUrl\":\"https:\\\/\\\/comercmoble.com\\\/wp-content\\\/uploads\\\/2020\\\/07\\\/Sector-del-H\u00e1bitat.jpg\",\"width\":1297,\"height\":971},{\"@type\":\"BreadcrumbList\",\"@id\":\"https:\\\/\\\/comercmoble.com\\\/ca\\\/el-sector-de-lhabitat-posa-en-marxa-la-creacio-dun-gran-lobby-sectorial\\\/#breadcrumb\",\"itemListElement\":[{\"@type\":\"ListItem\",\"position\":1,\"name\":\"Inicio\",\"item\":\"https:\\\/\\\/comercmoble.com\\\/\"},{\"@type\":\"ListItem\",\"position\":2,\"name\":\"Sin categorizar\",\"item\":\"https:\\\/\\\/comercmoble.com\\\/category\\\/sin-categorizar\\\/\"},{\"@type\":\"ListItem\",\"position\":3,\"name\":\"El Sector de l&#8217;H\u00e0bitat posa en marxa la creaci\u00f3 d&#8217;un gran lobby sectorial\"}]},{\"@type\":\"WebSite\",\"@id\":\"https:\\\/\\\/comercmoble.com\\\/ca\\\/#website\",\"url\":\"https:\\\/\\\/comercmoble.com\\\/ca\\\/\",\"name\":\"Comer\u00e7 Moble\",\"description\":\"Asociaci\u00f3n de Comercios del Muebles de la Comunidad Valencia\",\"publisher\":{\"@id\":\"https:\\\/\\\/comercmoble.com\\\/ca\\\/#organization\"},\"potentialAction\":[{\"@type\":\"SearchAction\",\"target\":{\"@type\":\"EntryPoint\",\"urlTemplate\":\"https:\\\/\\\/comercmoble.com\\\/ca\\\/?s={search_term_string}\"},\"query-input\":{\"@type\":\"PropertyValueSpecification\",\"valueRequired\":true,\"valueName\":\"search_term_string\"}}],\"inLanguage\":\"va-VA\"},{\"@type\":\"Organization\",\"@id\":\"https:\\\/\\\/comercmoble.com\\\/ca\\\/#organization\",\"name\":\"ASOCIACI\u00d3N PARA LA DISTRIBUCI\u00d3N Y COMERCIO DEL H\u00c1BITAT DE LA COMUNIDAD VALENCIANA\",\"url\":\"https:\\\/\\\/comercmoble.com\\\/ca\\\/\",\"logo\":{\"@type\":\"ImageObject\",\"inLanguage\":\"va-VA\",\"@id\":\"https:\\\/\\\/comercmoble.com\\\/ca\\\/#\\\/schema\\\/logo\\\/image\\\/\",\"url\":\"https:\\\/\\\/comercmoble.com\\\/wp-content\\\/uploads\\\/2018\\\/11\\\/logo.png\",\"contentUrl\":\"https:\\\/\\\/comercmoble.com\\\/wp-content\\\/uploads\\\/2018\\\/11\\\/logo.png\",\"width\":213,\"height\":67,\"caption\":\"ASOCIACI\u00d3N PARA LA DISTRIBUCI\u00d3N Y COMERCIO DEL H\u00c1BITAT DE LA COMUNIDAD VALENCIANA\"},\"image\":{\"@id\":\"https:\\\/\\\/comercmoble.com\\\/ca\\\/#\\\/schema\\\/logo\\\/image\\\/\"}},{\"@type\":\"Person\",\"@id\":\"https:\\\/\\\/comercmoble.com\\\/ca\\\/#\\\/schema\\\/person\\\/42166a9f0f577bfa390efd898082a506\",\"name\":\"Comer\u00e7 Moble\",\"image\":{\"@type\":\"ImageObject\",\"inLanguage\":\"va-VA\",\"@id\":\"https:\\\/\\\/secure.gravatar.com\\\/avatar\\\/90ad19cb763e14b2dfd0aa43e309e93bb6e95477e668c2ae130552c4fa1c62b5?s=96&d=mm&r=g\",\"url\":\"https:\\\/\\\/secure.gravatar.com\\\/avatar\\\/90ad19cb763e14b2dfd0aa43e309e93bb6e95477e668c2ae130552c4fa1c62b5?s=96&d=mm&r=g\",\"contentUrl\":\"https:\\\/\\\/secure.gravatar.com\\\/avatar\\\/90ad19cb763e14b2dfd0aa43e309e93bb6e95477e668c2ae130552c4fa1c62b5?s=96&d=mm&r=g\",\"caption\":\"Comer\u00e7 Moble\"},\"url\":\"https:\\\/\\\/comercmoble.com\\\/ca\\\/author\\\/administrador\\\/\"}]}<\/script>\n<!-- \/ Yoast SEO plugin. -->","yoast_head_json":{"title":"El Sector de l'H\u00e0bitat posa en marxa la creaci\u00f3 d'un gran lobby sectorial","description":"Es va celebrar en LES NAUS, i van assistir el President dels Dissenyadors de la CV \u2013ADCV (\u00c1ngel Mart\u00ednez), la Presidenta dels Comer\u00e7os de l'H\u00e0bitat de la CV- COMER\u00c7MOBLE (Gloria Vaquer) i el President dels Fabricants de Mobles de Val\u00e8ncia\u2013 AVIMA (Kiko Torrent), entre altres.","robots":{"index":"index","follow":"follow","max-snippet":"max-snippet:-1","max-image-preview":"max-image-preview:large","max-video-preview":"max-video-preview:-1"},"canonical":"https:\/\/comercmoble.com\/ca\/el-sector-de-lhabitat-posa-en-marxa-la-creacio-dun-gran-lobby-sectorial\/","og_locale":"en_US","og_type":"article","og_title":"El Sector de l'H\u00e0bitat posa en marxa la creaci\u00f3 d'un gran lobby sectorial","og_description":"Es va celebrar en LES NAUS, i van assistir el President dels Dissenyadors de la CV \u2013ADCV (\u00c1ngel Mart\u00ednez), la Presidenta dels Comer\u00e7os de l'H\u00e0bitat de la CV- COMER\u00c7MOBLE (Gloria Vaquer) i el President dels Fabricants de Mobles de Val\u00e8ncia\u2013 AVIMA (Kiko Torrent), entre altres.","og_url":"https:\/\/comercmoble.com\/ca\/el-sector-de-lhabitat-posa-en-marxa-la-creacio-dun-gran-lobby-sectorial\/","og_site_name":"Comer\u00e7 Moble","article_published_time":"2021-06-04T10:31:59+00:00","article_modified_time":"2021-06-04T10:32:00+00:00","og_image":[{"width":1297,"height":971,"url":"https:\/\/comercmoble.com\/wp-content\/uploads\/2020\/07\/Sector-del-H\u00e1bitat.jpg","type":"image\/jpeg"}],"author":"Comer\u00e7 Moble","twitter_card":"summary_large_image","twitter_misc":{"Written by":"Comer\u00e7 Moble","Est. reading time":"2 minutes"},"schema":{"@context":"https:\/\/schema.org","@graph":[{"@type":"Article","@id":"https:\/\/comercmoble.com\/ca\/el-sector-de-lhabitat-posa-en-marxa-la-creacio-dun-gran-lobby-sectorial\/#article","isPartOf":{"@id":"https:\/\/comercmoble.com\/ca\/el-sector-de-lhabitat-posa-en-marxa-la-creacio-dun-gran-lobby-sectorial\/"},"author":{"name":"Comer\u00e7 Moble","@id":"https:\/\/comercmoble.com\/ca\/#\/schema\/person\/42166a9f0f577bfa390efd898082a506"},"headline":"El Sector de l&#8217;H\u00e0bitat posa en marxa la creaci\u00f3 d&#8217;un gran lobby sectorial","datePublished":"2021-06-04T10:31:59+00:00","dateModified":"2021-06-04T10:32:00+00:00","mainEntityOfPage":{"@id":"https:\/\/comercmoble.com\/ca\/el-sector-de-lhabitat-posa-en-marxa-la-creacio-dun-gran-lobby-sectorial\/"},"wordCount":502,"publisher":{"@id":"https:\/\/comercmoble.com\/ca\/#organization"},"image":{"@id":"https:\/\/comercmoble.com\/ca\/el-sector-de-lhabitat-posa-en-marxa-la-creacio-dun-gran-lobby-sectorial\/#primaryimage"},"thumbnailUrl":"https:\/\/comercmoble.com\/wp-content\/uploads\/2020\/07\/Sector-del-H\u00e1bitat.jpg","keywords":["Comer\u00e7 de l'H\u00e0bitat de la CV","FORO H\u00c0BITAT ESPANYA","MADE IN SPAIN","Sector de l'H\u00e0bitat","VAL\u00c8NCIA CAPITAL DEL DISENY 2022-"],"articleSection":["Sense categoria"],"inLanguage":"va-VA"},{"@type":"WebPage","@id":"https:\/\/comercmoble.com\/ca\/el-sector-de-lhabitat-posa-en-marxa-la-creacio-dun-gran-lobby-sectorial\/","url":"https:\/\/comercmoble.com\/ca\/el-sector-de-lhabitat-posa-en-marxa-la-creacio-dun-gran-lobby-sectorial\/","name":"El Sector de l'H\u00e0bitat posa en marxa la creaci\u00f3 d'un gran lobby sectorial","isPartOf":{"@id":"https:\/\/comercmoble.com\/ca\/#website"},"primaryImageOfPage":{"@id":"https:\/\/comercmoble.com\/ca\/el-sector-de-lhabitat-posa-en-marxa-la-creacio-dun-gran-lobby-sectorial\/#primaryimage"},"image":{"@id":"https:\/\/comercmoble.com\/ca\/el-sector-de-lhabitat-posa-en-marxa-la-creacio-dun-gran-lobby-sectorial\/#primaryimage"},"thumbnailUrl":"https:\/\/comercmoble.com\/wp-content\/uploads\/2020\/07\/Sector-del-H\u00e1bitat.jpg","datePublished":"2021-06-04T10:31:59+00:00","dateModified":"2021-06-04T10:32:00+00:00","description":"Es va celebrar en LES NAUS, i van assistir el President dels Dissenyadors de la CV \u2013ADCV (\u00c1ngel Mart\u00ednez), la Presidenta dels Comer\u00e7os de l'H\u00e0bitat de la CV- COMER\u00c7MOBLE (Gloria Vaquer) i el President dels Fabricants de Mobles de Val\u00e8ncia\u2013 AVIMA (Kiko Torrent), entre altres.","breadcrumb":{"@id":"https:\/\/comercmoble.com\/ca\/el-sector-de-lhabitat-posa-en-marxa-la-creacio-dun-gran-lobby-sectorial\/#breadcrumb"},"inLanguage":"va-VA","potentialAction":[{"@type":"ReadAction","target":["https:\/\/comercmoble.com\/ca\/el-sector-de-lhabitat-posa-en-marxa-la-creacio-dun-gran-lobby-sectorial\/"]}]},{"@type":"ImageObject","inLanguage":"va-VA","@id":"https:\/\/comercmoble.com\/ca\/el-sector-de-lhabitat-posa-en-marxa-la-creacio-dun-gran-lobby-sectorial\/#primaryimage","url":"https:\/\/comercmoble.com\/wp-content\/uploads\/2020\/07\/Sector-del-H\u00e1bitat.jpg","contentUrl":"https:\/\/comercmoble.com\/wp-content\/uploads\/2020\/07\/Sector-del-H\u00e1bitat.jpg","width":1297,"height":971},{"@type":"BreadcrumbList","@id":"https:\/\/comercmoble.com\/ca\/el-sector-de-lhabitat-posa-en-marxa-la-creacio-dun-gran-lobby-sectorial\/#breadcrumb","itemListElement":[{"@type":"ListItem","position":1,"name":"Inicio","item":"https:\/\/comercmoble.com\/"},{"@type":"ListItem","position":2,"name":"Sin categorizar","item":"https:\/\/comercmoble.com\/category\/sin-categorizar\/"},{"@type":"ListItem","position":3,"name":"El Sector de l&#8217;H\u00e0bitat posa en marxa la creaci\u00f3 d&#8217;un gran lobby sectorial"}]},{"@type":"WebSite","@id":"https:\/\/comercmoble.com\/ca\/#website","url":"https:\/\/comercmoble.com\/ca\/","name":"Comer\u00e7 Moble","description":"Asociaci\u00f3n de Comercios del Muebles de la Comunidad Valencia","publisher":{"@id":"https:\/\/comercmoble.com\/ca\/#organization"},"potentialAction":[{"@type":"SearchAction","target":{"@type":"EntryPoint","urlTemplate":"https:\/\/comercmoble.com\/ca\/?s={search_term_string}"},"query-input":{"@type":"PropertyValueSpecification","valueRequired":true,"valueName":"search_term_string"}}],"inLanguage":"va-VA"},{"@type":"Organization","@id":"https:\/\/comercmoble.com\/ca\/#organization","name":"ASOCIACI\u00d3N PARA LA DISTRIBUCI\u00d3N Y COMERCIO DEL H\u00c1BITAT DE LA COMUNIDAD VALENCIANA","url":"https:\/\/comercmoble.com\/ca\/","logo":{"@type":"ImageObject","inLanguage":"va-VA","@id":"https:\/\/comercmoble.com\/ca\/#\/schema\/logo\/image\/","url":"https:\/\/comercmoble.com\/wp-content\/uploads\/2018\/11\/logo.png","contentUrl":"https:\/\/comercmoble.com\/wp-content\/uploads\/2018\/11\/logo.png","width":213,"height":67,"caption":"ASOCIACI\u00d3N PARA LA DISTRIBUCI\u00d3N Y COMERCIO DEL H\u00c1BITAT DE LA COMUNIDAD VALENCIANA"},"image":{"@id":"https:\/\/comercmoble.com\/ca\/#\/schema\/logo\/image\/"}},{"@type":"Person","@id":"https:\/\/comercmoble.com\/ca\/#\/schema\/person\/42166a9f0f577bfa390efd898082a506","name":"Comer\u00e7 Moble","image":{"@type":"ImageObject","inLanguage":"va-VA","@id":"https:\/\/secure.gravatar.com\/avatar\/90ad19cb763e14b2dfd0aa43e309e93bb6e95477e668c2ae130552c4fa1c62b5?s=96&d=mm&r=g","url":"https:\/\/secure.gravatar.com\/avatar\/90ad19cb763e14b2dfd0aa43e309e93bb6e95477e668c2ae130552c4fa1c62b5?s=96&d=mm&r=g","contentUrl":"https:\/\/secure.gravatar.com\/avatar\/90ad19cb763e14b2dfd0aa43e309e93bb6e95477e668c2ae130552c4fa1c62b5?s=96&d=mm&r=g","caption":"Comer\u00e7 Moble"},"url":"https:\/\/comercmoble.com\/ca\/author\/administrador\/"}]}},"_links":{"self":[{"href":"https:\/\/comercmoble.com\/ca\/wp-json\/wp\/v2\/posts\/4461","targetHints":{"allow":["GET"]}}],"collection":[{"href":"https:\/\/comercmoble.com\/ca\/wp-json\/wp\/v2\/posts"}],"about":[{"href":"https:\/\/comercmoble.com\/ca\/wp-json\/wp\/v2\/types\/post"}],"author":[{"embeddable":true,"href":"https:\/\/comercmoble.com\/ca\/wp-json\/wp\/v2\/users\/2"}],"replies":[{"embeddable":true,"href":"https:\/\/comercmoble.com\/ca\/wp-json\/wp\/v2\/comments?post=4461"}],"version-history":[{"count":1,"href":"https:\/\/comercmoble.com\/ca\/wp-json\/wp\/v2\/posts\/4461\/revisions"}],"predecessor-version":[{"id":4462,"href":"https:\/\/comercmoble.com\/ca\/wp-json\/wp\/v2\/posts\/4461\/revisions\/4462"}],"wp:featuredmedia":[{"embeddable":true,"href":"https:\/\/comercmoble.com\/ca\/wp-json\/wp\/v2\/media\/3990"}],"wp:attachment":[{"href":"https:\/\/comercmoble.com\/ca\/wp-json\/wp\/v2\/media?parent=4461"}],"wp:term":[{"taxonomy":"category","embeddable":true,"href":"https:\/\/comercmoble.com\/ca\/wp-json\/wp\/v2\/categories?post=4461"},{"taxonomy":"post_tag","embeddable":true,"href":"https:\/\/comercmoble.com\/ca\/wp-json\/wp\/v2\/tags?post=4461"}],"curies":[{"name":"wp","href":"https:\/\/api.w.org\/{rel}","templated":true}]}}