{"id":10760,"date":"2022-10-14T13:40:29","date_gmt":"2022-10-14T11:40:29","guid":{"rendered":"https:\/\/comercmoble.com\/junta-directiva-comerc-moble\/"},"modified":"2022-10-14T13:40:29","modified_gmt":"2022-10-14T11:40:29","slug":"junta-directiva-comerc-moble","status":"publish","type":"post","link":"https:\/\/comercmoble.com\/ca\/junta-directiva-comerc-moble\/","title":{"rendered":"Junta directiva Comer\u00e7 Moble"},"content":{"rendered":"<h2><strong><span class=\"JsGRdQ\">JUNTA DIRECTIVA COMER\u00c7 MOBLE<\/span><\/strong><\/h2>\n<p>Val\u00e8ncia, 6 d&#8217;abril de 2022<\/p>\n<p>COMER\u00c7MOBLE va celebrar, a les instal\u00b7lacions de Fira Val\u00e8ncia, Junta Directiva i assemblea general, on es va convidar a l&#8217;acte al director de Fira H\u00e0bitat, <strong>Daniel Marco.<\/strong><br \/>\nDespr\u00e9s d&#8217;obrir l&#8217;acte, la nostra presidenta <strong>Gloria Vaquer<\/strong>, el director de Fira <strong>Daniel Marco<\/strong> va presentar les novetats de la pr\u00f2xima Fira H\u00e0bitat 2022.<\/p>\n<p><a href=\"https:\/\/www.dropbox.com\/s\/ymxho9x1dlasvm2\/Junta%20directiva%20Comer%C3%A7%20Moble.pdf?dl=0\">Veure pdf<\/a><\/p>\n<p><img loading=\"lazy\" decoding=\"async\" class=\"aligncenter wp-image-10501 size-full\" src=\"https:\/\/comercmoble.com\/wp-content\/uploads\/2022\/04\/junta-directiva-3.png\" alt=\"\" width=\"820\" height=\"312\" srcset=\"https:\/\/comercmoble.com\/wp-content\/uploads\/2022\/04\/junta-directiva-3.png 820w, https:\/\/comercmoble.com\/wp-content\/uploads\/2022\/04\/junta-directiva-3-480x183.png 480w\" sizes=\"(min-width: 0px) and (max-width: 480px) 480px, (min-width: 481px) 820px, 100vw\" \/><\/p>\n<p><img loading=\"lazy\" decoding=\"async\" class=\"aligncenter wp-image-10503 size-full\" src=\"https:\/\/comercmoble.com\/wp-content\/uploads\/2022\/04\/junta-directiva2.png\" alt=\"\" width=\"820\" height=\"312\" srcset=\"https:\/\/comercmoble.com\/wp-content\/uploads\/2022\/04\/junta-directiva2.png 820w, https:\/\/comercmoble.com\/wp-content\/uploads\/2022\/04\/junta-directiva2-480x183.png 480w\" sizes=\"(min-width: 0px) and (max-width: 480px) 480px, (min-width: 481px) 820px, 100vw\" \/><\/p>\n","protected":false},"excerpt":{"rendered":"<p>JUNTA DIRECTIVA COMER\u00c7 MOBLE Val\u00e8ncia, 6 d&#8217;abril de 2022 COMER\u00c7MOBLE va celebrar, a les instal\u00b7lacions de Fira Val\u00e8ncia, Junta Directiva i assemblea general, on es va convidar a l&#8217;acte al director de Fira H\u00e0bitat, Daniel Marco. Despr\u00e9s d&#8217;obrir l&#8217;acte, la nostra presidenta Gloria Vaquer, el director de Fira Daniel Marco va presentar les novetats de [&hellip;]<\/p>\n","protected":false},"author":2,"featured_media":10498,"comment_status":"closed","ping_status":"open","sticky":false,"template":"","format":"standard","meta":{"_et_pb_use_builder":"","_et_pb_old_content":"","_et_gb_content_width":"","footnotes":""},"categories":[318,256],"tags":[],"class_list":["post-10760","post","type-post","status-publish","format-standard","has-post-thumbnail","hentry","category-nota-de-prensa","category-sense-categoria"],"yoast_head":"<!-- This site is optimized with the Yoast SEO plugin v27.4 - https:\/\/yoast.com\/product\/yoast-seo-wordpress\/ -->\n<title>Junta directiva Comer\u00e7 Moble - Comer\u00e7 Moble<\/title>\n<meta name=\"robots\" content=\"index, follow, max-snippet:-1, max-image-preview:large, max-video-preview:-1\" \/>\n<link rel=\"canonical\" href=\"https:\/\/comercmoble.com\/ca\/junta-directiva-comerc-moble\/\" \/>\n<meta property=\"og:locale\" content=\"en_US\" \/>\n<meta property=\"og:type\" content=\"article\" \/>\n<meta property=\"og:title\" content=\"Junta directiva Comer\u00e7 Moble - Comer\u00e7 Moble\" \/>\n<meta property=\"og:description\" content=\"JUNTA DIRECTIVA COMER\u00c7 MOBLE Val\u00e8ncia, 6 d&#8217;abril de 2022 COMER\u00c7MOBLE va celebrar, a les instal\u00b7lacions de Fira Val\u00e8ncia, Junta Directiva i assemblea general, on es va convidar a l&#8217;acte al director de Fira H\u00e0bitat, Daniel Marco. Despr\u00e9s d&#8217;obrir l&#8217;acte, la nostra presidenta Gloria Vaquer, el director de Fira Daniel Marco va presentar les novetats de [&hellip;]\" \/>\n<meta property=\"og:url\" content=\"https:\/\/comercmoble.com\/ca\/junta-directiva-comerc-moble\/\" \/>\n<meta property=\"og:site_name\" content=\"Comer\u00e7 Moble\" \/>\n<meta property=\"article:published_time\" content=\"2022-10-14T11:40:29+00:00\" \/>\n<meta property=\"og:image\" content=\"https:\/\/comercmoble.com\/wp-content\/uploads\/2022\/04\/junta-directiva.jpg\" \/>\n\t<meta property=\"og:image:width\" content=\"820\" \/>\n\t<meta property=\"og:image:height\" content=\"312\" \/>\n\t<meta property=\"og:image:type\" content=\"image\/jpeg\" \/>\n<meta name=\"author\" content=\"Comer\u00e7 Moble\" \/>\n<meta name=\"twitter:card\" content=\"summary_large_image\" \/>\n<meta name=\"twitter:label1\" content=\"Written by\" \/>\n\t<meta name=\"twitter:data1\" content=\"Comer\u00e7 Moble\" \/>\n<script type=\"application\/ld+json\" class=\"yoast-schema-graph\">{\"@context\":\"https:\\\/\\\/schema.org\",\"@graph\":[{\"@type\":\"Article\",\"@id\":\"https:\\\/\\\/comercmoble.com\\\/ca\\\/junta-directiva-comerc-moble\\\/#article\",\"isPartOf\":{\"@id\":\"https:\\\/\\\/comercmoble.com\\\/ca\\\/junta-directiva-comerc-moble\\\/\"},\"author\":{\"name\":\"Comer\u00e7 Moble\",\"@id\":\"https:\\\/\\\/comercmoble.com\\\/ca\\\/#\\\/schema\\\/person\\\/42166a9f0f577bfa390efd898082a506\"},\"headline\":\"Junta directiva Comer\u00e7 Moble\",\"datePublished\":\"2022-10-14T11:40:29+00:00\",\"mainEntityOfPage\":{\"@id\":\"https:\\\/\\\/comercmoble.com\\\/ca\\\/junta-directiva-comerc-moble\\\/\"},\"wordCount\":75,\"publisher\":{\"@id\":\"https:\\\/\\\/comercmoble.com\\\/ca\\\/#organization\"},\"image\":{\"@id\":\"https:\\\/\\\/comercmoble.com\\\/ca\\\/junta-directiva-comerc-moble\\\/#primaryimage\"},\"thumbnailUrl\":\"https:\\\/\\\/comercmoble.com\\\/wp-content\\\/uploads\\\/2022\\\/04\\\/junta-directiva.jpg\",\"articleSection\":[\"NOTA DE PRENSA\",\"Sense categoria\"],\"inLanguage\":\"va-VA\"},{\"@type\":\"WebPage\",\"@id\":\"https:\\\/\\\/comercmoble.com\\\/ca\\\/junta-directiva-comerc-moble\\\/\",\"url\":\"https:\\\/\\\/comercmoble.com\\\/ca\\\/junta-directiva-comerc-moble\\\/\",\"name\":\"Junta directiva Comer\u00e7 Moble - Comer\u00e7 Moble\",\"isPartOf\":{\"@id\":\"https:\\\/\\\/comercmoble.com\\\/ca\\\/#website\"},\"primaryImageOfPage\":{\"@id\":\"https:\\\/\\\/comercmoble.com\\\/ca\\\/junta-directiva-comerc-moble\\\/#primaryimage\"},\"image\":{\"@id\":\"https:\\\/\\\/comercmoble.com\\\/ca\\\/junta-directiva-comerc-moble\\\/#primaryimage\"},\"thumbnailUrl\":\"https:\\\/\\\/comercmoble.com\\\/wp-content\\\/uploads\\\/2022\\\/04\\\/junta-directiva.jpg\",\"datePublished\":\"2022-10-14T11:40:29+00:00\",\"breadcrumb\":{\"@id\":\"https:\\\/\\\/comercmoble.com\\\/ca\\\/junta-directiva-comerc-moble\\\/#breadcrumb\"},\"inLanguage\":\"va-VA\",\"potentialAction\":[{\"@type\":\"ReadAction\",\"target\":[\"https:\\\/\\\/comercmoble.com\\\/ca\\\/junta-directiva-comerc-moble\\\/\"]}]},{\"@type\":\"ImageObject\",\"inLanguage\":\"va-VA\",\"@id\":\"https:\\\/\\\/comercmoble.com\\\/ca\\\/junta-directiva-comerc-moble\\\/#primaryimage\",\"url\":\"https:\\\/\\\/comercmoble.com\\\/wp-content\\\/uploads\\\/2022\\\/04\\\/junta-directiva.jpg\",\"contentUrl\":\"https:\\\/\\\/comercmoble.com\\\/wp-content\\\/uploads\\\/2022\\\/04\\\/junta-directiva.jpg\",\"width\":820,\"height\":312},{\"@type\":\"BreadcrumbList\",\"@id\":\"https:\\\/\\\/comercmoble.com\\\/ca\\\/junta-directiva-comerc-moble\\\/#breadcrumb\",\"itemListElement\":[{\"@type\":\"ListItem\",\"position\":1,\"name\":\"Inicio\",\"item\":\"https:\\\/\\\/comercmoble.com\\\/\"},{\"@type\":\"ListItem\",\"position\":2,\"name\":\"NOTA DE PRENSA\",\"item\":\"https:\\\/\\\/comercmoble.com\\\/category\\\/nota-de-prensa\\\/\"},{\"@type\":\"ListItem\",\"position\":3,\"name\":\"Junta directiva Comer\u00e7 Moble\"}]},{\"@type\":\"WebSite\",\"@id\":\"https:\\\/\\\/comercmoble.com\\\/ca\\\/#website\",\"url\":\"https:\\\/\\\/comercmoble.com\\\/ca\\\/\",\"name\":\"Comer\u00e7 Moble\",\"description\":\"Asociaci\u00f3n de Comercios del Muebles de la Comunidad Valencia\",\"publisher\":{\"@id\":\"https:\\\/\\\/comercmoble.com\\\/ca\\\/#organization\"},\"potentialAction\":[{\"@type\":\"SearchAction\",\"target\":{\"@type\":\"EntryPoint\",\"urlTemplate\":\"https:\\\/\\\/comercmoble.com\\\/ca\\\/?s={search_term_string}\"},\"query-input\":{\"@type\":\"PropertyValueSpecification\",\"valueRequired\":true,\"valueName\":\"search_term_string\"}}],\"inLanguage\":\"va-VA\"},{\"@type\":\"Organization\",\"@id\":\"https:\\\/\\\/comercmoble.com\\\/ca\\\/#organization\",\"name\":\"ASOCIACI\u00d3N PARA LA DISTRIBUCI\u00d3N Y COMERCIO DEL H\u00c1BITAT DE LA COMUNIDAD VALENCIANA\",\"url\":\"https:\\\/\\\/comercmoble.com\\\/ca\\\/\",\"logo\":{\"@type\":\"ImageObject\",\"inLanguage\":\"va-VA\",\"@id\":\"https:\\\/\\\/comercmoble.com\\\/ca\\\/#\\\/schema\\\/logo\\\/image\\\/\",\"url\":\"https:\\\/\\\/comercmoble.com\\\/wp-content\\\/uploads\\\/2018\\\/11\\\/logo.png\",\"contentUrl\":\"https:\\\/\\\/comercmoble.com\\\/wp-content\\\/uploads\\\/2018\\\/11\\\/logo.png\",\"width\":213,\"height\":67,\"caption\":\"ASOCIACI\u00d3N PARA LA DISTRIBUCI\u00d3N Y COMERCIO DEL H\u00c1BITAT DE LA COMUNIDAD VALENCIANA\"},\"image\":{\"@id\":\"https:\\\/\\\/comercmoble.com\\\/ca\\\/#\\\/schema\\\/logo\\\/image\\\/\"}},{\"@type\":\"Person\",\"@id\":\"https:\\\/\\\/comercmoble.com\\\/ca\\\/#\\\/schema\\\/person\\\/42166a9f0f577bfa390efd898082a506\",\"name\":\"Comer\u00e7 Moble\",\"image\":{\"@type\":\"ImageObject\",\"inLanguage\":\"va-VA\",\"@id\":\"https:\\\/\\\/secure.gravatar.com\\\/avatar\\\/90ad19cb763e14b2dfd0aa43e309e93bb6e95477e668c2ae130552c4fa1c62b5?s=96&d=mm&r=g\",\"url\":\"https:\\\/\\\/secure.gravatar.com\\\/avatar\\\/90ad19cb763e14b2dfd0aa43e309e93bb6e95477e668c2ae130552c4fa1c62b5?s=96&d=mm&r=g\",\"contentUrl\":\"https:\\\/\\\/secure.gravatar.com\\\/avatar\\\/90ad19cb763e14b2dfd0aa43e309e93bb6e95477e668c2ae130552c4fa1c62b5?s=96&d=mm&r=g\",\"caption\":\"Comer\u00e7 Moble\"},\"url\":\"https:\\\/\\\/comercmoble.com\\\/ca\\\/author\\\/administrador\\\/\"}]}<\/script>\n<!-- \/ Yoast SEO plugin. -->","yoast_head_json":{"title":"Junta directiva Comer\u00e7 Moble - Comer\u00e7 Moble","robots":{"index":"index","follow":"follow","max-snippet":"max-snippet:-1","max-image-preview":"max-image-preview:large","max-video-preview":"max-video-preview:-1"},"canonical":"https:\/\/comercmoble.com\/ca\/junta-directiva-comerc-moble\/","og_locale":"en_US","og_type":"article","og_title":"Junta directiva Comer\u00e7 Moble - Comer\u00e7 Moble","og_description":"JUNTA DIRECTIVA COMER\u00c7 MOBLE Val\u00e8ncia, 6 d&#8217;abril de 2022 COMER\u00c7MOBLE va celebrar, a les instal\u00b7lacions de Fira Val\u00e8ncia, Junta Directiva i assemblea general, on es va convidar a l&#8217;acte al director de Fira H\u00e0bitat, Daniel Marco. Despr\u00e9s d&#8217;obrir l&#8217;acte, la nostra presidenta Gloria Vaquer, el director de Fira Daniel Marco va presentar les novetats de [&hellip;]","og_url":"https:\/\/comercmoble.com\/ca\/junta-directiva-comerc-moble\/","og_site_name":"Comer\u00e7 Moble","article_published_time":"2022-10-14T11:40:29+00:00","og_image":[{"width":820,"height":312,"url":"https:\/\/comercmoble.com\/wp-content\/uploads\/2022\/04\/junta-directiva.jpg","type":"image\/jpeg"}],"author":"Comer\u00e7 Moble","twitter_card":"summary_large_image","twitter_misc":{"Written by":"Comer\u00e7 Moble"},"schema":{"@context":"https:\/\/schema.org","@graph":[{"@type":"Article","@id":"https:\/\/comercmoble.com\/ca\/junta-directiva-comerc-moble\/#article","isPartOf":{"@id":"https:\/\/comercmoble.com\/ca\/junta-directiva-comerc-moble\/"},"author":{"name":"Comer\u00e7 Moble","@id":"https:\/\/comercmoble.com\/ca\/#\/schema\/person\/42166a9f0f577bfa390efd898082a506"},"headline":"Junta directiva Comer\u00e7 Moble","datePublished":"2022-10-14T11:40:29+00:00","mainEntityOfPage":{"@id":"https:\/\/comercmoble.com\/ca\/junta-directiva-comerc-moble\/"},"wordCount":75,"publisher":{"@id":"https:\/\/comercmoble.com\/ca\/#organization"},"image":{"@id":"https:\/\/comercmoble.com\/ca\/junta-directiva-comerc-moble\/#primaryimage"},"thumbnailUrl":"https:\/\/comercmoble.com\/wp-content\/uploads\/2022\/04\/junta-directiva.jpg","articleSection":["NOTA DE PRENSA","Sense categoria"],"inLanguage":"va-VA"},{"@type":"WebPage","@id":"https:\/\/comercmoble.com\/ca\/junta-directiva-comerc-moble\/","url":"https:\/\/comercmoble.com\/ca\/junta-directiva-comerc-moble\/","name":"Junta directiva Comer\u00e7 Moble - Comer\u00e7 Moble","isPartOf":{"@id":"https:\/\/comercmoble.com\/ca\/#website"},"primaryImageOfPage":{"@id":"https:\/\/comercmoble.com\/ca\/junta-directiva-comerc-moble\/#primaryimage"},"image":{"@id":"https:\/\/comercmoble.com\/ca\/junta-directiva-comerc-moble\/#primaryimage"},"thumbnailUrl":"https:\/\/comercmoble.com\/wp-content\/uploads\/2022\/04\/junta-directiva.jpg","datePublished":"2022-10-14T11:40:29+00:00","breadcrumb":{"@id":"https:\/\/comercmoble.com\/ca\/junta-directiva-comerc-moble\/#breadcrumb"},"inLanguage":"va-VA","potentialAction":[{"@type":"ReadAction","target":["https:\/\/comercmoble.com\/ca\/junta-directiva-comerc-moble\/"]}]},{"@type":"ImageObject","inLanguage":"va-VA","@id":"https:\/\/comercmoble.com\/ca\/junta-directiva-comerc-moble\/#primaryimage","url":"https:\/\/comercmoble.com\/wp-content\/uploads\/2022\/04\/junta-directiva.jpg","contentUrl":"https:\/\/comercmoble.com\/wp-content\/uploads\/2022\/04\/junta-directiva.jpg","width":820,"height":312},{"@type":"BreadcrumbList","@id":"https:\/\/comercmoble.com\/ca\/junta-directiva-comerc-moble\/#breadcrumb","itemListElement":[{"@type":"ListItem","position":1,"name":"Inicio","item":"https:\/\/comercmoble.com\/"},{"@type":"ListItem","position":2,"name":"NOTA DE PRENSA","item":"https:\/\/comercmoble.com\/category\/nota-de-prensa\/"},{"@type":"ListItem","position":3,"name":"Junta directiva Comer\u00e7 Moble"}]},{"@type":"WebSite","@id":"https:\/\/comercmoble.com\/ca\/#website","url":"https:\/\/comercmoble.com\/ca\/","name":"Comer\u00e7 Moble","description":"Asociaci\u00f3n de Comercios del Muebles de la Comunidad Valencia","publisher":{"@id":"https:\/\/comercmoble.com\/ca\/#organization"},"potentialAction":[{"@type":"SearchAction","target":{"@type":"EntryPoint","urlTemplate":"https:\/\/comercmoble.com\/ca\/?s={search_term_string}"},"query-input":{"@type":"PropertyValueSpecification","valueRequired":true,"valueName":"search_term_string"}}],"inLanguage":"va-VA"},{"@type":"Organization","@id":"https:\/\/comercmoble.com\/ca\/#organization","name":"ASOCIACI\u00d3N PARA LA DISTRIBUCI\u00d3N Y COMERCIO DEL H\u00c1BITAT DE LA COMUNIDAD VALENCIANA","url":"https:\/\/comercmoble.com\/ca\/","logo":{"@type":"ImageObject","inLanguage":"va-VA","@id":"https:\/\/comercmoble.com\/ca\/#\/schema\/logo\/image\/","url":"https:\/\/comercmoble.com\/wp-content\/uploads\/2018\/11\/logo.png","contentUrl":"https:\/\/comercmoble.com\/wp-content\/uploads\/2018\/11\/logo.png","width":213,"height":67,"caption":"ASOCIACI\u00d3N PARA LA DISTRIBUCI\u00d3N Y COMERCIO DEL H\u00c1BITAT DE LA COMUNIDAD VALENCIANA"},"image":{"@id":"https:\/\/comercmoble.com\/ca\/#\/schema\/logo\/image\/"}},{"@type":"Person","@id":"https:\/\/comercmoble.com\/ca\/#\/schema\/person\/42166a9f0f577bfa390efd898082a506","name":"Comer\u00e7 Moble","image":{"@type":"ImageObject","inLanguage":"va-VA","@id":"https:\/\/secure.gravatar.com\/avatar\/90ad19cb763e14b2dfd0aa43e309e93bb6e95477e668c2ae130552c4fa1c62b5?s=96&d=mm&r=g","url":"https:\/\/secure.gravatar.com\/avatar\/90ad19cb763e14b2dfd0aa43e309e93bb6e95477e668c2ae130552c4fa1c62b5?s=96&d=mm&r=g","contentUrl":"https:\/\/secure.gravatar.com\/avatar\/90ad19cb763e14b2dfd0aa43e309e93bb6e95477e668c2ae130552c4fa1c62b5?s=96&d=mm&r=g","caption":"Comer\u00e7 Moble"},"url":"https:\/\/comercmoble.com\/ca\/author\/administrador\/"}]}},"_links":{"self":[{"href":"https:\/\/comercmoble.com\/ca\/wp-json\/wp\/v2\/posts\/10760","targetHints":{"allow":["GET"]}}],"collection":[{"href":"https:\/\/comercmoble.com\/ca\/wp-json\/wp\/v2\/posts"}],"about":[{"href":"https:\/\/comercmoble.com\/ca\/wp-json\/wp\/v2\/types\/post"}],"author":[{"embeddable":true,"href":"https:\/\/comercmoble.com\/ca\/wp-json\/wp\/v2\/users\/2"}],"replies":[{"embeddable":true,"href":"https:\/\/comercmoble.com\/ca\/wp-json\/wp\/v2\/comments?post=10760"}],"version-history":[{"count":0,"href":"https:\/\/comercmoble.com\/ca\/wp-json\/wp\/v2\/posts\/10760\/revisions"}],"wp:featuredmedia":[{"embeddable":true,"href":"https:\/\/comercmoble.com\/ca\/wp-json\/wp\/v2\/media\/10498"}],"wp:attachment":[{"href":"https:\/\/comercmoble.com\/ca\/wp-json\/wp\/v2\/media?parent=10760"}],"wp:term":[{"taxonomy":"category","embeddable":true,"href":"https:\/\/comercmoble.com\/ca\/wp-json\/wp\/v2\/categories?post=10760"},{"taxonomy":"post_tag","embeddable":true,"href":"https:\/\/comercmoble.com\/ca\/wp-json\/wp\/v2\/tags?post=10760"}],"curies":[{"name":"wp","href":"https:\/\/api.w.org\/{rel}","templated":true}]}}